{"id":17132,"date":"2019-09-02T08:51:51","date_gmt":"2019-09-02T06:51:51","guid":{"rendered":"http:\/\/serveiseducatius.xtec.cat\/baixllobregat6\/?p=17132"},"modified":"2019-09-02T12:01:45","modified_gmt":"2019-09-02T10:01:45","slug":"leducacio-mediatica-en-els-processos-daprenentatge-conferencia-inaugural-a-carrec-de-salvador-alsius","status":"publish","type":"post","link":"https:\/\/serveiseducatius.xtec.cat\/baixllobregat6\/se-baixllobregat6\/leducacio-mediatica-en-els-processos-daprenentatge-conferencia-inaugural-a-carrec-de-salvador-alsius\/","title":{"rendered":"L\u2019educaci\u00f3 medi\u00e0tica en els processos d\u2019aprenentatge. Confer\u00e8ncia inaugural a c\u00e0rrec de Salvador Alsius"},"content":{"rendered":"<h4><img loading=\"lazy\" decoding=\"async\" class=\"alignleft wp-image-17133 size-full\" src=\"https:\/\/serveiseducatius.xtec.cat\/baixllobregat6\/wp-content\/uploads\/usu778\/2019\/09\/salvadoralsius.jpg\" alt=\"\" width=\"225\" height=\"225\" srcset=\"https:\/\/serveiseducatius.xtec.cat\/baixllobregat6\/wp-content\/uploads\/usu778\/2019\/09\/salvadoralsius.jpg 225w, https:\/\/serveiseducatius.xtec.cat\/baixllobregat6\/wp-content\/uploads\/usu778\/2019\/09\/salvadoralsius-150x150.jpg 150w\" sizes=\"auto, (max-width: 225px) 100vw, 225px\" \/>CONFER\u00c8NCIA INAUGURAL DEL CURS 2019-2020<br \/>\n<span style=\"font-family: inherit; font-size: 1em;\"><br \/>\n<strong>L&#8217;educaci\u00f3 medi\u00e0tica en els processos d&#8217;aprenentatge<\/strong><\/span><\/h4>\n<h5>A c\u00e0rrec del Dr. Salvador Alsius<\/h5>\n<h5>5 de setembre de 2019 a les 12:30h.<\/h5>\n<h5><a href=\"https:\/\/goo.gl\/maps\/xgFPF8u4vJTcR69a9\" target=\"_blank\" rel=\"noopener noreferrer\">Auditori del Mol\u00ed dels Frares (Sant Vicen\u00e7 dels Horts)<\/a><\/h5>\n<p>&nbsp;<\/p>\n<p>&nbsp;<\/p>\n<p><strong>Salvador Alsius i Clavera<\/strong>\u00a0(<a href=\"https:\/\/ca.wikipedia.org\/wiki\/Barcelona\">Barcelona<\/a>,\u00a0<a href=\"https:\/\/ca.wikipedia.org\/wiki\/18_de_juliol\">18 de juliol<\/a>\u00a0de\u00a0<a href=\"https:\/\/ca.wikipedia.org\/wiki\/1948\">1948<\/a>)<sup><a href=\"https:\/\/ca.wikipedia.org\/wiki\/Salvador_Alsius_i_Clavera#cite_note-gec-1\">[1]<\/a><\/sup>\u00a0\u00e9s un presentador de televisi\u00f3 i periodista catal\u00e0. \u00c9s llicenciat en Ci\u00e8ncies Econ\u00f2miques (1973) i en Ci\u00e8ncies de la Informaci\u00f3 per la\u00a0<a href=\"https:\/\/ca.wikipedia.org\/wiki\/Universitat_Aut%C3%B2noma_de_Barcelona\">Universitat Aut\u00f2noma de Barcelona<\/a>\u00a0(1976) i doctor en periodisme per la\u00a0<a href=\"https:\/\/ca.wikipedia.org\/wiki\/Universitat_Pompeu_Fabra\">Universitat Pompeu Fabra<\/a>.<sup><a href=\"https:\/\/ca.wikipedia.org\/wiki\/Salvador_Alsius_i_Clavera#cite_note-2\">[2]<\/a><\/sup>\u00a0Fou deg\u00e0 del\u00a0<a href=\"https:\/\/ca.wikipedia.org\/wiki\/Col%C2%B7legi_de_Periodistes_de_Catalunya\">Col\u00b7legi de Periodistes de Catalunya<\/a>\u00a0entre 1997 i 2001 i des del 1975 imparteix classes a la UB i a la UPF.<sup><a href=\"https:\/\/ca.wikipedia.org\/wiki\/Salvador_Alsius_i_Clavera#cite_note-gec-1\">[1]<\/a><\/sup>\u00a0Ha treballat a diversos mitjans de la premsa escrita com el\u00a0<a href=\"https:\/\/ca.wikipedia.org\/wiki\/Setmanari\">setmanari<\/a>\u00a0<em><a href=\"https:\/\/ca.wikipedia.org\/w\/index.php?title=El_m%C3%B3n&amp;action=edit&amp;redlink=1\">El m\u00f3n<\/a><\/em>,\u00a0<a href=\"https:\/\/ca.wikipedia.org\/wiki\/Diario_de_Barcelona\">Diario de Barcelona<\/a>,\u00a0<a href=\"https:\/\/ca.wikipedia.org\/wiki\/El_Peri%C3%B3dico\">El Peri\u00f3dico<\/a>\u00a0i l&#8217;<a href=\"https:\/\/ca.wikipedia.org\/wiki\/Avui\">Avui<\/a>. Tamb\u00e9 ha treballat a\u00a0<a href=\"https:\/\/ca.wikipedia.org\/wiki\/TVE-Catalunya\">TVE-Catalunya<\/a>, on dirig\u00ed\u00a0<em>Mem\u00f2ria popular<\/em>\u00a0i a\u00a0<a href=\"https:\/\/ca.wikipedia.org\/wiki\/Televisi%C3%B3_de_Catalunya\">Televisi\u00f3 de Catalunya<\/a>, on ha presentat els programes\u00a0<em>Telenot\u00edcies Migdia<\/em>,\u00a0<em>Telenot\u00edcies Nit<\/em>,\u00a0<em>La Revista<\/em>,\u00a0<em>Blanc o negre<\/em>\u00a0i\u00a0<em>La caixa s\u00e0via<\/em>.<sup><a href=\"https:\/\/ca.wikipedia.org\/wiki\/Salvador_Alsius_i_Clavera#cite_note-gec-1\">[1]<\/a><\/sup>\u00a0Des del juliol de 2014 \u00e9s membre del\u00a0<a href=\"https:\/\/ca.wikipedia.org\/wiki\/Consell_de_l%27Audiovisual_de_Catalunya\">Consell de l&#8217;Audiovisual de Catalunya<\/a>.<sup><a href=\"https:\/\/ca.wikipedia.org\/wiki\/Salvador_Alsius_i_Clavera#cite_note-eno2014-3\">[3]<\/a><\/sup><\/p>\n<p>Font: <a href=\"https:\/\/ca.wikipedia.org\/wiki\/Salvador_Alsius_i_Clavera\" target=\"_blank\" rel=\"noopener noreferrer\">Viquip\u00e8dia<\/a><\/p>\n<blockquote><p><span style=\"color: #0000ff;\"><strong><em>Pel que fa als centres educatius de Sant Vicen\u00e7 dels Horts, l&#8217;agenda s&#8217;endegar\u00e0 a les 11h per presentar, als directius de les escoles i instituts, el cat\u00e0leg de les activitats de din\u00e0mica educativa previstes per al curs 2019-2020.<\/em><\/strong><\/span><\/p>\n<p><span style=\"color: #0000ff;\"><strong><em>A partir de les 12:30h i de cara a la confer\u00e8ncia<\/em><em><strong>,<\/strong> l&#8217;activitat s&#8217;ofereix al conjunt de professorat de la demarcaci\u00f3 del Servei Educatiu Baix Llobregat-6.<\/em><\/strong><\/span><\/p><\/blockquote>\n<table style=\"font-weight: 400; height: 566px; width: 493px;\">\n<tbody>\n<tr style=\"height: 96px;\">\n<td style=\"height: 96px; width: 488px;\">\n<p style=\"text-align: left;\"><strong>11 a 12h.<\/strong><\/p>\n<p>Presentaci\u00f3 del cat\u00e0leg d\u2019activitats de din\u00e0mica educativa 2019-2020. Adre\u00e7at als centres educatius de Sant Vicen\u00e7 dels Horts.<\/td>\n<\/tr>\n<tr style=\"height: 13px;\">\n<td style=\"height: 13px; width: 488px;\"><strong>12 a 12:30h<\/strong><\/p>\n<p>Pausa<\/td>\n<\/tr>\n<tr style=\"height: 239px;\">\n<td style=\"height: 239px; width: 488px;\"><strong>12:30h<\/strong><\/p>\n<p><strong>Confer\u00e8ncia inaugural de curs 2019-2020 <span style=\"color: #ff0000;\">(Adre\u00e7ada al professorat dels centres educatius de la demarcaci\u00f3 del Servei Educatiu Baix Llobregat-6)<\/span><\/strong><\/p>\n<p style=\"padding-left: 40px;\">12:35h<\/p>\n<p style=\"padding-left: 40px;\">Projecci\u00f3 del v\u00eddeo: <em><strong>10 anys de l\u2019aventura Aula Dial<\/strong><\/em><\/p>\n<p style=\"padding-left: 40px;\">13:00h<\/p>\n<p style=\"padding-left: 40px;\">\u201c<strong>L\u2019educaci\u00f3 medi\u00e0tica en els processos d\u2019aprenentatge<\/strong>\u201d confer\u00e8ncia a c\u00e0rrec del Dr. Salvador Alsius, vicepresident del Consell de l\u2019Audiovisual de Catalunya.<\/p>\n<\/td>\n<\/tr>\n<\/tbody>\n<\/table>\n<h5><strong><br \/>\nA prop\u00f2sit de la plataforma per a l&#8217;educaci\u00f3 medi\u00e0tica<\/strong><\/h5>\n<p>En data 19 de juny de 2019, el Ple del Consell de l\u2019Audiovisual de Catalunya va aprovar l\u2019Acord 61\/2019 de constituci\u00f3 de la Plataforma per a l\u2019Educaci\u00f3 Medi\u00e0tica com a \u00f2rgan de participaci\u00f3, amb la voluntat de donar resposta\u00a0 a la demanda creixent de criteris per a la formaci\u00f3 en comunicaci\u00f3, tant dels joves com dels adults, en un entorn comunicatiu canviant.<\/p>\n<p>A partir de la posada en marxa del programa eduCAC, el CAC ha mantingut contactes amb representants d\u2019entitats de l\u2019\u00e0mbit educatiu i del lleure, universitats i grups de recerca, mestres, empreses, associacions de mitjans de comunicaci\u00f3 i col\u00b7legis professionals interessats en la promoci\u00f3 de l\u2019educaci\u00f3 medi\u00e0tica. \u00c9s per aix\u00f2 que es va considerar necessari aglutinar-los per tal de \u00a0compartir experi\u00e8ncies i col\u00b7laborar.<\/p>\n<p>L&#8217;educaci\u00f3 medi\u00e0tica t\u00e9 l&#8217;objectiu de millorar les compet\u00e8ncies comunicatives\u00a0 d\u2019infants, progenitors i docents, i de la ciutadania en general, amb la finalitat de desenvolupar un plantejament cr\u00edtic cap als continguts audiovisuals i en l\u00ednia que reben. La digitalitzaci\u00f3 i les noves formes de consum audiovisual que se\u2019n deriven fa m\u00e9s necess\u00e0ria que mai l\u2019exist\u00e8ncia d\u2019eines que contribueixin al pensament cr\u00edtic per apoderar el ciutad\u00e0 i enfortir la democr\u00e0cia.<\/p>\n<p>La Plataforma es proposa treballar per complir les finalitats seg\u00fcents:<\/p>\n<ul>\n<li>Reflexionar sobre el present i el futur de l\u2019educaci\u00f3 medi\u00e0tica, tenint present de manera especial la necessitat de suscitar actituds cr\u00edtiques respecte als mitjans i als marcs mentals que els seus continguts pressuposen.<\/li>\n<li>Servir d\u2019inst\u00e0ncia de coordinaci\u00f3 entre tots els professionals, les entitats i les empreses que treballen en el camp de l\u2019educaci\u00f3 medi\u00e0tica i contribuir al bon coneixement dels objectius i les activitats d\u2019uns i altres per tal d\u2019optimitzar els resultats col\u00b7lectius.<\/li>\n<li>Endegar o donar suport a projectes de recerca i formaci\u00f3 en l\u2019\u00e0mbit de l\u2019educaci\u00f3 medi\u00e0tica, tant en l\u2019entorn escolar com en el del lleure.<\/li>\n<li>Elaborar propostes adre\u00e7ades als mitjans de comunicaci\u00f3 i a les entitats que els representen per tal que puguin contribuir a una millora de la cultura period\u00edstica i la cultura audiovisual.<\/li>\n<li>Estimular la col\u00b7laboraci\u00f3 entre centres educatius i els mitjans de comunicaci\u00f3 de proximitat del seu entorn m\u00e9s proper.<\/li>\n<li>Propiciar l\u2019estudi d\u2019iniciatives sobre educaci\u00f3 medi\u00e0tica dutes a terme en altres pa\u00efsos per tal d\u2019ampliar el coneixement de nous models innovadors en aquest camp.<\/li>\n<li>Constituir un fons de materials pedag\u00f2gics o did\u00e0ctics \u00fatil per a educadors i mitjans de comunicaci\u00f3 implicats en aquesta activitat.<\/li>\n<li>Servir com a instrument de di\u00e0leg amb les administracions amb vista al disseny de pol\u00edtiques educatives que tinguin en compte les noves realitats de les noves formes de comunicaci\u00f3.<\/li>\n<li>Amb car\u00e0cter general, qualsevol activitat relacionada amb l\u2019educaci\u00f3 medi\u00e0tica<\/li>\n<\/ul>\n","protected":false},"excerpt":{"rendered":"<p>CONFER\u00c8NCIA INAUGURAL DEL CURS 2019-2020 L&#8217;educaci\u00f3 medi\u00e0tica en els processos d&#8217;aprenentatge A c\u00e0rrec del Dr. Salvador Alsius 5 de setembre de 2019 a les 12:30h. Auditori del Mol\u00ed dels Frares (Sant Vicen\u00e7 dels Horts) &nbsp; &nbsp; Salvador Alsius i Clavera\u00a0(Barcelona,\u00a018 de juliol\u00a0de\u00a01948)[1]\u00a0\u00e9s un presentador de televisi\u00f3 i periodista catal\u00e0. \u00c9s llicenciat en Ci\u00e8ncies Econ\u00f2miques (1973) [&hellip;]<\/p>\n","protected":false},"author":1,"featured_media":17133,"comment_status":"open","ping_status":"closed","sticky":false,"template":"","format":"standard","meta":{"_bbp_topic_count":0,"_bbp_reply_count":0,"_bbp_total_topic_count":0,"_bbp_total_reply_count":0,"_bbp_voice_count":0,"_bbp_anonymous_reply_count":0,"_bbp_topic_count_hidden":0,"_bbp_reply_count_hidden":0,"_bbp_forum_subforum_count":0,"site-sidebar-layout":"default","site-content-layout":"","ast-site-content-layout":"","site-content-style":"default","site-sidebar-style":"default","ast-global-header-display":"","ast-banner-title-visibility":"","ast-main-header-display":"","ast-hfb-above-header-display":"","ast-hfb-below-header-display":"","ast-hfb-mobile-header-display":"","site-post-title":"","ast-breadcrumbs-content":"","ast-featured-img":"","footer-sml-layout":"","theme-transparent-header-meta":"","adv-header-id-meta":"","stick-header-meta":"","header-above-stick-meta":"","header-main-stick-meta":"","header-below-stick-meta":"","astra-migrate-meta-layouts":"default","ast-page-background-enabled":"default","ast-page-background-meta":{"desktop":{"background-color":"var(--ast-global-color-4)","background-image":"","background-repeat":"repeat","background-position":"center center","background-size":"auto","background-attachment":"scroll","background-type":"","background-media":"","overlay-type":"","overlay-color":"","overlay-opacity":"","overlay-gradient":""},"tablet":{"background-color":"","background-image":"","background-repeat":"repeat","background-position":"center center","background-size":"auto","background-attachment":"scroll","background-type":"","background-media":"","overlay-type":"","overlay-color":"","overlay-opacity":"","overlay-gradient":""},"mobile":{"background-color":"","background-image":"","background-repeat":"repeat","background-position":"center center","background-size":"auto","background-attachment":"scroll","background-type":"","background-media":"","overlay-type":"","overlay-color":"","overlay-opacity":"","overlay-gradient":""}},"ast-content-background-meta":{"desktop":{"background-color":"var(--ast-global-color-5)","background-image":"","background-repeat":"repeat","background-position":"center center","background-size":"auto","background-attachment":"scroll","background-type":"","background-media":"","overlay-type":"","overlay-color":"","overlay-opacity":"","overlay-gradient":""},"tablet":{"background-color":"var(--ast-global-color-5)","background-image":"","background-repeat":"repeat","background-position":"center center","background-size":"auto","background-attachment":"scroll","background-type":"","background-media":"","overlay-type":"","overlay-color":"","overlay-opacity":"","overlay-gradient":""},"mobile":{"background-color":"var(--ast-global-color-5)","background-image":"","background-repeat":"repeat","background-position":"center center","background-size":"auto","background-attachment":"scroll","background-type":"","background-media":"","overlay-type":"","overlay-color":"","overlay-opacity":"","overlay-gradient":""}},"footnotes":""},"categories":[176,163,29],"tags":[2165,2167,1534,2166],"class_list":["post-17132","post","type-post","status-publish","format-standard","has-post-thumbnail","hentry","category-dinamica-educativa-sant-vicenc-dels-horts","category-formacio","category-se-baixllobregat6","tag-educacio-mediatica","tag-mitjans-audiovisuals","tag-portada","tag-salvador-alsius"],"post_mailing_queue_ids":[],"_links":{"self":[{"href":"https:\/\/serveiseducatius.xtec.cat\/baixllobregat6\/wp-json\/wp\/v2\/posts\/17132","targetHints":{"allow":["GET"]}}],"collection":[{"href":"https:\/\/serveiseducatius.xtec.cat\/baixllobregat6\/wp-json\/wp\/v2\/posts"}],"about":[{"href":"https:\/\/serveiseducatius.xtec.cat\/baixllobregat6\/wp-json\/wp\/v2\/types\/post"}],"author":[{"embeddable":true,"href":"https:\/\/serveiseducatius.xtec.cat\/baixllobregat6\/wp-json\/wp\/v2\/users\/1"}],"replies":[{"embeddable":true,"href":"https:\/\/serveiseducatius.xtec.cat\/baixllobregat6\/wp-json\/wp\/v2\/comments?post=17132"}],"version-history":[{"count":3,"href":"https:\/\/serveiseducatius.xtec.cat\/baixllobregat6\/wp-json\/wp\/v2\/posts\/17132\/revisions"}],"predecessor-version":[{"id":17143,"href":"https:\/\/serveiseducatius.xtec.cat\/baixllobregat6\/wp-json\/wp\/v2\/posts\/17132\/revisions\/17143"}],"wp:featuredmedia":[{"embeddable":true,"href":"https:\/\/serveiseducatius.xtec.cat\/baixllobregat6\/wp-json\/wp\/v2\/media\/17133"}],"wp:attachment":[{"href":"https:\/\/serveiseducatius.xtec.cat\/baixllobregat6\/wp-json\/wp\/v2\/media?parent=17132"}],"wp:term":[{"taxonomy":"category","embeddable":true,"href":"https:\/\/serveiseducatius.xtec.cat\/baixllobregat6\/wp-json\/wp\/v2\/categories?post=17132"},{"taxonomy":"post_tag","embeddable":true,"href":"https:\/\/serveiseducatius.xtec.cat\/baixllobregat6\/wp-json\/wp\/v2\/tags?post=17132"}],"curies":[{"name":"wp","href":"https:\/\/api.w.org\/{rel}","templated":true}]}}