{"id":16921,"date":"2019-07-01T09:27:02","date_gmt":"2019-07-01T07:27:02","guid":{"rendered":"http:\/\/serveiseducatius.xtec.cat\/baixllobregat6\/?p=16921"},"modified":"2020-11-11T00:31:45","modified_gmt":"2020-11-10T23:31:45","slug":"i-despres-de-la-trobada-pedagogica-deducacio-infantil","status":"publish","type":"post","link":"https:\/\/serveiseducatius.xtec.cat\/baixllobregat6\/se-baixllobregat6\/i-despres-de-la-trobada-pedagogica-deducacio-infantil\/","title":{"rendered":"I despr\u00e9s de la Trobada Pedag\u00f2gica d&#8217;Educaci\u00f3 infantil&#8230;"},"content":{"rendered":"<p><img loading=\"lazy\" decoding=\"async\" class=\"alignnone size-full wp-image-16854\" src=\"https:\/\/serveiseducatius.xtec.cat\/baixllobregat6\/wp-content\/uploads\/usu778\/2019\/06\/TrobadaEi19_a.png\" alt=\"\" width=\"900\" height=\"213\" srcset=\"https:\/\/serveiseducatius.xtec.cat\/baixllobregat6\/wp-content\/uploads\/usu778\/2019\/06\/TrobadaEi19_a.png 900w, https:\/\/serveiseducatius.xtec.cat\/baixllobregat6\/wp-content\/uploads\/usu778\/2019\/06\/TrobadaEi19_a-520x123.png 520w, https:\/\/serveiseducatius.xtec.cat\/baixllobregat6\/wp-content\/uploads\/usu778\/2019\/06\/TrobadaEi19_a-768x182.png 768w\" sizes=\"auto, (max-width: 900px) 100vw, 900px\" \/><\/p>\n<p>La Trobada Pedag\u00f2gica sobre Educaci\u00f3 Infantil que es va fer el passat 26 de juny a Sant Vicen\u00e7 dels Horts, va comptar amb la pres\u00e8ncia de mestres i educadores en representaci\u00f3 de les escoles bressol i els parvularis de la demarcaci\u00f3 del Servei Educatiu Baix Llobregat-6 i amb la participaci\u00f3 de diverses ponents que van tractar \u00e0mbits molt diversos de l&#8217;etapa 0-6.<!--more--><\/p>\n<p>Tant de la pon\u00e8ncia marc &#8211; a c\u00e0rrec de la Dra. Marta Portero &#8211; com pel que fa a les diferents comunicacions, us trobareu amb un recull de les presentacions i de les refer\u00e8ncies documentals tractades en cada aportaci\u00f3.<\/p>\n<p>Per altra banda, el recull d&#8217;experi\u00e8ncies educatives dels centres, que es troba en la seva fase inicial, disposa d&#8217;una secci\u00f3 on es poden consultar les propostes lliurades abans de la Trobada. La intenci\u00f3 \u00e9s generar un fons din\u00e0mic que es vagi ampliant al llarg del curs vinent i que permeti un millor coneixement dels diferents centres per part de les professionals i que en permeti establir contactes i possibles col\u00b7laboracions.<\/p>\n<p>|<a href=\"https:\/\/serveiseducatius.xtec.cat\/baixllobregat6\/trobada-pedagogica-educacio-infantil-2019\/\" target=\"_blank\" rel=\"noopener noreferrer\">ACC\u00c9S A LA DOCUMENTACI\u00d3 DE LA TROBADA<\/a>|<\/p>\n<p>&nbsp;<\/p>\n","protected":false},"excerpt":{"rendered":"<p>La Trobada Pedag\u00f2gica sobre Educaci\u00f3 Infantil que es va fer el passat 26 de juny a Sant Vicen\u00e7 dels Horts, va comptar amb la pres\u00e8ncia de mestres i educadores en representaci\u00f3 de les escoles bressol i els parvularis de la demarcaci\u00f3 del Servei Educatiu Baix Llobregat-6 i amb la participaci\u00f3 de diverses ponents que van [&hellip;]<\/p>\n","protected":false},"author":1,"featured_media":16854,"comment_status":"open","ping_status":"closed","sticky":false,"template":"","format":"standard","meta":{"_bbp_topic_count":0,"_bbp_reply_count":0,"_bbp_total_topic_count":0,"_bbp_total_reply_count":0,"_bbp_voice_count":0,"_bbp_anonymous_reply_count":0,"_bbp_topic_count_hidden":0,"_bbp_reply_count_hidden":0,"_bbp_forum_subforum_count":0,"site-sidebar-layout":"default","site-content-layout":"","ast-site-content-layout":"","site-content-style":"default","site-sidebar-style":"default","ast-global-header-display":"","ast-banner-title-visibility":"","ast-main-header-display":"","ast-hfb-above-header-display":"","ast-hfb-below-header-display":"","ast-hfb-mobile-header-display":"","site-post-title":"","ast-breadcrumbs-content":"","ast-featured-img":"","footer-sml-layout":"","theme-transparent-header-meta":"","adv-header-id-meta":"","stick-header-meta":"","header-above-stick-meta":"","header-main-stick-meta":"","header-below-stick-meta":"","astra-migrate-meta-layouts":"default","ast-page-background-enabled":"default","ast-page-background-meta":{"desktop":{"background-color":"var(--ast-global-color-4)","background-image":"","background-repeat":"repeat","background-position":"center center","background-size":"auto","background-attachment":"scroll","background-type":"","background-media":"","overlay-type":"","overlay-color":"","overlay-opacity":"","overlay-gradient":""},"tablet":{"background-color":"","background-image":"","background-repeat":"repeat","background-position":"center center","background-size":"auto","background-attachment":"scroll","background-type":"","background-media":"","overlay-type":"","overlay-color":"","overlay-opacity":"","overlay-gradient":""},"mobile":{"background-color":"","background-image":"","background-repeat":"repeat","background-position":"center center","background-size":"auto","background-attachment":"scroll","background-type":"","background-media":"","overlay-type":"","overlay-color":"","overlay-opacity":"","overlay-gradient":""}},"ast-content-background-meta":{"desktop":{"background-color":"var(--ast-global-color-5)","background-image":"","background-repeat":"repeat","background-position":"center center","background-size":"auto","background-attachment":"scroll","background-type":"","background-media":"","overlay-type":"","overlay-color":"","overlay-opacity":"","overlay-gradient":""},"tablet":{"background-color":"var(--ast-global-color-5)","background-image":"","background-repeat":"repeat","background-position":"center center","background-size":"auto","background-attachment":"scroll","background-type":"","background-media":"","overlay-type":"","overlay-color":"","overlay-opacity":"","overlay-gradient":""},"mobile":{"background-color":"var(--ast-global-color-5)","background-image":"","background-repeat":"repeat","background-position":"center center","background-size":"auto","background-attachment":"scroll","background-type":"","background-media":"","overlay-type":"","overlay-color":"","overlay-opacity":"","overlay-gradient":""}},"footnotes":""},"categories":[2022,29],"tags":[2149,393,439,2151,650,2146,2145,2142,2144,2147,2150,2148],"class_list":["post-16921","post","type-post","status-publish","format-standard","has-post-thumbnail","hentry","category-educacio-infantil","category-se-baixllobregat6","tag-carme-cols","tag-desenvolupament-professional","tag-educacio-infantil","tag-ei06","tag-intercanvi-dexperiencies","tag-laura-moya","tag-marta-berrocal","tag-marta-portero","tag-marta-vingut","tag-montserrat-pedreira","tag-nati-calvo","tag-pitu-fernandez"],"post_mailing_queue_ids":[],"_links":{"self":[{"href":"https:\/\/serveiseducatius.xtec.cat\/baixllobregat6\/wp-json\/wp\/v2\/posts\/16921","targetHints":{"allow":["GET"]}}],"collection":[{"href":"https:\/\/serveiseducatius.xtec.cat\/baixllobregat6\/wp-json\/wp\/v2\/posts"}],"about":[{"href":"https:\/\/serveiseducatius.xtec.cat\/baixllobregat6\/wp-json\/wp\/v2\/types\/post"}],"author":[{"embeddable":true,"href":"https:\/\/serveiseducatius.xtec.cat\/baixllobregat6\/wp-json\/wp\/v2\/users\/1"}],"replies":[{"embeddable":true,"href":"https:\/\/serveiseducatius.xtec.cat\/baixllobregat6\/wp-json\/wp\/v2\/comments?post=16921"}],"version-history":[{"count":3,"href":"https:\/\/serveiseducatius.xtec.cat\/baixllobregat6\/wp-json\/wp\/v2\/posts\/16921\/revisions"}],"predecessor-version":[{"id":17122,"href":"https:\/\/serveiseducatius.xtec.cat\/baixllobregat6\/wp-json\/wp\/v2\/posts\/16921\/revisions\/17122"}],"wp:featuredmedia":[{"embeddable":true,"href":"https:\/\/serveiseducatius.xtec.cat\/baixllobregat6\/wp-json\/wp\/v2\/media\/16854"}],"wp:attachment":[{"href":"https:\/\/serveiseducatius.xtec.cat\/baixllobregat6\/wp-json\/wp\/v2\/media?parent=16921"}],"wp:term":[{"taxonomy":"category","embeddable":true,"href":"https:\/\/serveiseducatius.xtec.cat\/baixllobregat6\/wp-json\/wp\/v2\/categories?post=16921"},{"taxonomy":"post_tag","embeddable":true,"href":"https:\/\/serveiseducatius.xtec.cat\/baixllobregat6\/wp-json\/wp\/v2\/tags?post=16921"}],"curies":[{"name":"wp","href":"https:\/\/api.w.org\/{rel}","templated":true}]}}