{"id":15971,"date":"2019-05-08T08:25:58","date_gmt":"2019-05-08T06:25:58","guid":{"rendered":"http:\/\/serveiseducatius.xtec.cat\/baixllobregat6\/?p=15971"},"modified":"2019-06-19T13:24:01","modified_gmt":"2019-06-19T11:24:01","slug":"els-finalistes-de-la-sisena-edicio-dels-jocs-florals-escolars-de-catalunya","status":"publish","type":"post","link":"https:\/\/serveiseducatius.xtec.cat\/baixllobregat6\/dinamitzacio\/jocs-florals\/els-finalistes-de-la-sisena-edicio-dels-jocs-florals-escolars-de-catalunya\/","title":{"rendered":"Els finalistes de la sisena edici\u00f3 dels Jocs Florals Escolars de Catalunya"},"content":{"rendered":"<p><img loading=\"lazy\" decoding=\"async\" class=\"alignleft wp-image-15972\" src=\"https:\/\/serveiseducatius.xtec.cat\/baixllobregat6\/wp-content\/uploads\/usu778\/2019\/05\/jocsflorals1819a-150x150.jpg\" alt=\"\" width=\"221\" height=\"221\" srcset=\"https:\/\/serveiseducatius.xtec.cat\/baixllobregat6\/wp-content\/uploads\/usu778\/2019\/05\/jocsflorals1819a-150x150.jpg 150w, https:\/\/serveiseducatius.xtec.cat\/baixllobregat6\/wp-content\/uploads\/usu778\/2019\/05\/jocsflorals1819a-520x520.jpg 520w, https:\/\/serveiseducatius.xtec.cat\/baixllobregat6\/wp-content\/uploads\/usu778\/2019\/05\/jocsflorals1819a.jpg 538w\" sizes=\"auto, (max-width: 221px) 100vw, 221px\" \/>Ja se saben els finalistes de la primera fase dels VI Jocs florals escolars de Catalunya.<\/p>\n<p>Aquests treballs passen a la fase comarcal:<\/p>\n<p>Dia: 13\/05\/2019<br \/>\nHora d&#8217;inici de l&#8217;acte: 17:00h<br \/>\nLloc: Institut Joaquim Blume<br \/>\nAdre\u00e7a: C\/ Sant Mateu s\/n (Esplugues de Llobregat)<\/p>\n<p><!--more--><\/p>\n<p>De la demarcaci\u00f3 del Servei Educatiu Baix Llobregat-6 han passat a la segona fase els seg\u00fcents treballs:<\/p>\n<p><strong>CATEGORIA A<\/strong> (Cicle inicial d&#8217;educaci\u00f3 prim\u00e0ria):<\/p>\n<p style=\"padding-left: 30px;\">T\u00edtol del treball: ELS AMICS<\/p>\n<p style=\"padding-left: 30px;\">Pseud\u00f2nim: Naruto<\/p>\n<p style=\"padding-left: 30px;\">Centre: Escola El Solell\u00a0<em>(La Palma de Cervell\u00f3)<\/em><\/p>\n<p><strong>CATEGORIA B<\/strong> (Cicle mitj\u00e0 d&#8217;educaci\u00f3 prim\u00e0ria):<\/p>\n<p style=\"padding-left: 30px;\">T\u00edtol del treball:\u00a0EL SOPAR DE NADAL<\/p>\n<p style=\"padding-left: 30px;\">Pseud\u00f2nim: Anosi<\/p>\n<p style=\"padding-left: 30px;\">Centre:\u00a0Col\u00b7legi Sant Vicen\u00e7\u00a0<em>(Sant Vicen\u00e7 dels Horts)<\/em><\/p>\n<p><strong>CATEGORIA C<\/strong> (Cicle superior d&#8217;educaci\u00f3 prim\u00e0ria):<\/p>\n<p style=\"padding-left: 30px;\">T\u00edtol del treball: NO FACIS BULLYING<\/p>\n<p style=\"padding-left: 30px;\">Pseud\u00f2nim: An\u00f2nim<\/p>\n<p style=\"padding-left: 30px;\">Centre: Escola El Solell\u00a0<em>(La Palma de Cervell\u00f3)<\/em><\/p>\n<p><strong>CATEGORIA F<\/strong> (Primer cicle d&#8217;ESO):<\/p>\n<p style=\"padding-left: 30px;\">T\u00edtol del treball: NO TOT S\u00d3N FLORS VERMELLES<\/p>\n<p style=\"padding-left: 30px;\">Pseud\u00f2nim: Lectora<\/p>\n<p style=\"padding-left: 30px;\">Centre: Institut de Cervell\u00f3<\/p>\n","protected":false},"excerpt":{"rendered":"<p>Ja se saben els finalistes de la primera fase dels VI Jocs florals escolars de Catalunya. Aquests treballs passen a la fase comarcal: Dia: 13\/05\/2019 Hora d&#8217;inici de l&#8217;acte: 17:00h Lloc: Institut Joaquim Blume Adre\u00e7a: C\/ Sant Mateu s\/n (Esplugues de Llobregat)<\/p>\n","protected":false},"author":1,"featured_media":15972,"comment_status":"open","ping_status":"closed","sticky":false,"template":"","format":"standard","meta":{"_bbp_topic_count":0,"_bbp_reply_count":0,"_bbp_total_topic_count":0,"_bbp_total_reply_count":0,"_bbp_voice_count":0,"_bbp_anonymous_reply_count":0,"_bbp_topic_count_hidden":0,"_bbp_reply_count_hidden":0,"_bbp_forum_subforum_count":0,"site-sidebar-layout":"default","site-content-layout":"","ast-site-content-layout":"","site-content-style":"default","site-sidebar-style":"default","ast-global-header-display":"","ast-banner-title-visibility":"","ast-main-header-display":"","ast-hfb-above-header-display":"","ast-hfb-below-header-display":"","ast-hfb-mobile-header-display":"","site-post-title":"","ast-breadcrumbs-content":"","ast-featured-img":"","footer-sml-layout":"","theme-transparent-header-meta":"","adv-header-id-meta":"","stick-header-meta":"","header-above-stick-meta":"","header-main-stick-meta":"","header-below-stick-meta":"","astra-migrate-meta-layouts":"default","ast-page-background-enabled":"default","ast-page-background-meta":{"desktop":{"background-color":"var(--ast-global-color-4)","background-image":"","background-repeat":"repeat","background-position":"center center","background-size":"auto","background-attachment":"scroll","background-type":"","background-media":"","overlay-type":"","overlay-color":"","overlay-opacity":"","overlay-gradient":""},"tablet":{"background-color":"","background-image":"","background-repeat":"repeat","background-position":"center center","background-size":"auto","background-attachment":"scroll","background-type":"","background-media":"","overlay-type":"","overlay-color":"","overlay-opacity":"","overlay-gradient":""},"mobile":{"background-color":"","background-image":"","background-repeat":"repeat","background-position":"center center","background-size":"auto","background-attachment":"scroll","background-type":"","background-media":"","overlay-type":"","overlay-color":"","overlay-opacity":"","overlay-gradient":""}},"ast-content-background-meta":{"desktop":{"background-color":"var(--ast-global-color-5)","background-image":"","background-repeat":"repeat","background-position":"center center","background-size":"auto","background-attachment":"scroll","background-type":"","background-media":"","overlay-type":"","overlay-color":"","overlay-opacity":"","overlay-gradient":""},"tablet":{"background-color":"var(--ast-global-color-5)","background-image":"","background-repeat":"repeat","background-position":"center center","background-size":"auto","background-attachment":"scroll","background-type":"","background-media":"","overlay-type":"","overlay-color":"","overlay-opacity":"","overlay-gradient":""},"mobile":{"background-color":"var(--ast-global-color-5)","background-image":"","background-repeat":"repeat","background-position":"center center","background-size":"auto","background-attachment":"scroll","background-type":"","background-media":"","overlay-type":"","overlay-color":"","overlay-opacity":"","overlay-gradient":""}},"footnotes":""},"categories":[71],"tags":[328,476,516,669],"class_list":["post-15971","post","type-post","status-publish","format-standard","has-post-thumbnail","hentry","category-jocs-florals","tag-collegi-sant-vicenc","tag-esc-el-solell","tag-escriptura","tag-jocs-florals"],"post_mailing_queue_ids":[],"_links":{"self":[{"href":"https:\/\/serveiseducatius.xtec.cat\/baixllobregat6\/wp-json\/wp\/v2\/posts\/15971","targetHints":{"allow":["GET"]}}],"collection":[{"href":"https:\/\/serveiseducatius.xtec.cat\/baixllobregat6\/wp-json\/wp\/v2\/posts"}],"about":[{"href":"https:\/\/serveiseducatius.xtec.cat\/baixllobregat6\/wp-json\/wp\/v2\/types\/post"}],"author":[{"embeddable":true,"href":"https:\/\/serveiseducatius.xtec.cat\/baixllobregat6\/wp-json\/wp\/v2\/users\/1"}],"replies":[{"embeddable":true,"href":"https:\/\/serveiseducatius.xtec.cat\/baixllobregat6\/wp-json\/wp\/v2\/comments?post=15971"}],"version-history":[{"count":3,"href":"https:\/\/serveiseducatius.xtec.cat\/baixllobregat6\/wp-json\/wp\/v2\/posts\/15971\/revisions"}],"predecessor-version":[{"id":16758,"href":"https:\/\/serveiseducatius.xtec.cat\/baixllobregat6\/wp-json\/wp\/v2\/posts\/15971\/revisions\/16758"}],"wp:featuredmedia":[{"embeddable":true,"href":"https:\/\/serveiseducatius.xtec.cat\/baixllobregat6\/wp-json\/wp\/v2\/media\/15972"}],"wp:attachment":[{"href":"https:\/\/serveiseducatius.xtec.cat\/baixllobregat6\/wp-json\/wp\/v2\/media?parent=15971"}],"wp:term":[{"taxonomy":"category","embeddable":true,"href":"https:\/\/serveiseducatius.xtec.cat\/baixllobregat6\/wp-json\/wp\/v2\/categories?post=15971"},{"taxonomy":"post_tag","embeddable":true,"href":"https:\/\/serveiseducatius.xtec.cat\/baixllobregat6\/wp-json\/wp\/v2\/tags?post=15971"}],"curies":[{"name":"wp","href":"https:\/\/api.w.org\/{rel}","templated":true}]}}