{"id":15785,"date":"2019-04-12T10:36:56","date_gmt":"2019-04-12T08:36:56","guid":{"rendered":"http:\/\/serveiseducatius.xtec.cat\/baixllobregat6\/?p=15785"},"modified":"2019-04-12T11:03:05","modified_gmt":"2019-04-12T09:03:05","slug":"jornada-de-llengues-i-cultures-dorigen-coneixer-a-fons-la-diversitat-propia-per-interactuar-en-un-context-global","status":"publish","type":"post","link":"https:\/\/serveiseducatius.xtec.cat\/baixllobregat6\/se-baixllobregat6\/jornada-de-llengues-i-cultures-dorigen-coneixer-a-fons-la-diversitat-propia-per-interactuar-en-un-context-global\/","title":{"rendered":"Jornada de Lleng\u00fces i Cultures d&#8217;Origen. Con\u00e8ixer a fons la diversitat pr\u00f2pia per interactuar en un context global."},"content":{"rendered":"<p><img loading=\"lazy\" decoding=\"async\" class=\"alignleft wp-image-15787 size-thumbnail\" src=\"https:\/\/serveiseducatius.xtec.cat\/baixllobregat6\/wp-content\/uploads\/usu778\/2019\/04\/jornadallengua-150x150.png\" alt=\"\" width=\"150\" height=\"150\" \/>El <strong>Servei de Lleng\u00fces Estrangeres i d\u2019Origen<\/strong> de la Subdirecci\u00f3 general de Pluriling\u00fcisme organitza una Jornada sobre <em><strong>Lleng\u00fces i Cultures d\u2019Origen<\/strong><\/em> adre\u00e7ada al professorat dels centres educatius. Aquesta Jornada que es far\u00e0 el divendres 17 de maig de 2019 de les 8.45 a les 17.30 h, t\u00e9 com a objectiu con\u00e8ixer amb m\u00e9s profunditat les cultures associades als or\u00edgens d\u2019una bona part del nostre alumnat i posar en valor la riquesa que aquesta diversitat ling\u00fc\u00edstica i cultural aporta a l\u2019aula. S\u2019hi reflexionar\u00e0, tamb\u00e9, sobre la necessitat\u00a0<span style=\"font-family: inherit; font-size: 1em;\">d\u2019equipar l\u2019alumnat de coneixements culturals amplis per tal d\u2019interactuar amb \u00e8xit en un m\u00f3n global.<\/span><\/p>\n<p><!--more--><\/p>\n<p><a href=\"https:\/\/forms.gle\/oKSzaRzn4iGmfyNA6\">Inscripci\u00f3\u00a0<\/a><\/p>\n<p><a href=\"http:\/\/xtec.gencat.cat\/web\/.content\/portadesseccions\/02-centres\/activitatsagenda\/pdf\/programa-llengues-i-cultures-dorigen.pdf\">Programa<\/a><\/p>\n<p>Lloc<\/p>\n<table style=\"height: 469px; width: 25%; border-collapse: collapse; border-style: none;\" border=\"1\">\n<tbody>\n<tr style=\"height: 48px;\">\n<td style=\"width: 25%; height: 48px;\"><iframe loading=\"lazy\" style=\"border: 0;\" src=\"https:\/\/www.google.com\/maps\/embed?pb=!1m18!1m12!1m3!1d2993.266059410144!2d2.1874466003053157!3d41.390028029162096!2m3!1f0!2f0!3f0!3m2!1i1024!2i768!4f13.1!3m3!1m2!1s0x12a4a31acb13f157%3A0x375d277935ed5c7b!2sUniversitat+Pompeu+Fabra+Campus+de+la+Ciutadella!5e0!3m2!1sca!2ses!4v1555057835077!5m2!1sca!2ses\" width=\"600\" height=\"450\" frameborder=\"0\" allowfullscreen=\"allowfullscreen\"><\/iframe><\/td>\n<\/tr>\n<\/tbody>\n<\/table>\n","protected":false},"excerpt":{"rendered":"<p>El Servei de Lleng\u00fces Estrangeres i d\u2019Origen de la Subdirecci\u00f3 general de Pluriling\u00fcisme organitza una Jornada sobre Lleng\u00fces i Cultures d\u2019Origen adre\u00e7ada al professorat dels centres educatius. Aquesta Jornada que es far\u00e0 el divendres 17 de maig de 2019 de les 8.45 a les 17.30 h, t\u00e9 com a objectiu con\u00e8ixer amb m\u00e9s profunditat les [&hellip;]<\/p>\n","protected":false},"author":1,"featured_media":15787,"comment_status":"open","ping_status":"closed","sticky":false,"template":"","format":"standard","meta":{"_bbp_topic_count":0,"_bbp_reply_count":0,"_bbp_total_topic_count":0,"_bbp_total_reply_count":0,"_bbp_voice_count":0,"_bbp_anonymous_reply_count":0,"_bbp_topic_count_hidden":0,"_bbp_reply_count_hidden":0,"_bbp_forum_subforum_count":0,"site-sidebar-layout":"default","site-content-layout":"","ast-site-content-layout":"","site-content-style":"default","site-sidebar-style":"default","ast-global-header-display":"","ast-banner-title-visibility":"","ast-main-header-display":"","ast-hfb-above-header-display":"","ast-hfb-below-header-display":"","ast-hfb-mobile-header-display":"","site-post-title":"","ast-breadcrumbs-content":"","ast-featured-img":"","footer-sml-layout":"","theme-transparent-header-meta":"","adv-header-id-meta":"","stick-header-meta":"","header-above-stick-meta":"","header-main-stick-meta":"","header-below-stick-meta":"","astra-migrate-meta-layouts":"default","ast-page-background-enabled":"default","ast-page-background-meta":{"desktop":{"background-color":"var(--ast-global-color-4)","background-image":"","background-repeat":"repeat","background-position":"center center","background-size":"auto","background-attachment":"scroll","background-type":"","background-media":"","overlay-type":"","overlay-color":"","overlay-opacity":"","overlay-gradient":""},"tablet":{"background-color":"","background-image":"","background-repeat":"repeat","background-position":"center center","background-size":"auto","background-attachment":"scroll","background-type":"","background-media":"","overlay-type":"","overlay-color":"","overlay-opacity":"","overlay-gradient":""},"mobile":{"background-color":"","background-image":"","background-repeat":"repeat","background-position":"center center","background-size":"auto","background-attachment":"scroll","background-type":"","background-media":"","overlay-type":"","overlay-color":"","overlay-opacity":"","overlay-gradient":""}},"ast-content-background-meta":{"desktop":{"background-color":"var(--ast-global-color-5)","background-image":"","background-repeat":"repeat","background-position":"center center","background-size":"auto","background-attachment":"scroll","background-type":"","background-media":"","overlay-type":"","overlay-color":"","overlay-opacity":"","overlay-gradient":""},"tablet":{"background-color":"var(--ast-global-color-5)","background-image":"","background-repeat":"repeat","background-position":"center center","background-size":"auto","background-attachment":"scroll","background-type":"","background-media":"","overlay-type":"","overlay-color":"","overlay-opacity":"","overlay-gradient":""},"mobile":{"background-color":"var(--ast-global-color-5)","background-image":"","background-repeat":"repeat","background-position":"center center","background-size":"auto","background-attachment":"scroll","background-type":"","background-media":"","overlay-type":"","overlay-color":"","overlay-opacity":"","overlay-gradient":""}},"footnotes":""},"categories":[163,29],"tags":[700,1614],"class_list":["post-15785","post","type-post","status-publish","format-standard","has-post-thumbnail","hentry","category-formacio","category-se-baixllobregat6","tag-llengua","tag-plurilinguisme"],"post_mailing_queue_ids":[],"_links":{"self":[{"href":"https:\/\/serveiseducatius.xtec.cat\/baixllobregat6\/wp-json\/wp\/v2\/posts\/15785","targetHints":{"allow":["GET"]}}],"collection":[{"href":"https:\/\/serveiseducatius.xtec.cat\/baixllobregat6\/wp-json\/wp\/v2\/posts"}],"about":[{"href":"https:\/\/serveiseducatius.xtec.cat\/baixllobregat6\/wp-json\/wp\/v2\/types\/post"}],"author":[{"embeddable":true,"href":"https:\/\/serveiseducatius.xtec.cat\/baixllobregat6\/wp-json\/wp\/v2\/users\/1"}],"replies":[{"embeddable":true,"href":"https:\/\/serveiseducatius.xtec.cat\/baixllobregat6\/wp-json\/wp\/v2\/comments?post=15785"}],"version-history":[{"count":2,"href":"https:\/\/serveiseducatius.xtec.cat\/baixllobregat6\/wp-json\/wp\/v2\/posts\/15785\/revisions"}],"predecessor-version":[{"id":15789,"href":"https:\/\/serveiseducatius.xtec.cat\/baixllobregat6\/wp-json\/wp\/v2\/posts\/15785\/revisions\/15789"}],"wp:featuredmedia":[{"embeddable":true,"href":"https:\/\/serveiseducatius.xtec.cat\/baixllobregat6\/wp-json\/wp\/v2\/media\/15787"}],"wp:attachment":[{"href":"https:\/\/serveiseducatius.xtec.cat\/baixllobregat6\/wp-json\/wp\/v2\/media?parent=15785"}],"wp:term":[{"taxonomy":"category","embeddable":true,"href":"https:\/\/serveiseducatius.xtec.cat\/baixllobregat6\/wp-json\/wp\/v2\/categories?post=15785"},{"taxonomy":"post_tag","embeddable":true,"href":"https:\/\/serveiseducatius.xtec.cat\/baixllobregat6\/wp-json\/wp\/v2\/tags?post=15785"}],"curies":[{"name":"wp","href":"https:\/\/api.w.org\/{rel}","templated":true}]}}