{"id":15769,"date":"2019-04-11T11:25:03","date_gmt":"2019-04-11T09:25:03","guid":{"rendered":"http:\/\/serveiseducatius.xtec.cat\/baixllobregat6\/?p=15769"},"modified":"2019-05-02T08:37:39","modified_gmt":"2019-05-02T06:37:39","slug":"la-revolta-de-santa-jordina-o-com-capgirar-la-llegenda-de-sant-jordi","status":"publish","type":"post","link":"https:\/\/serveiseducatius.xtec.cat\/baixllobregat6\/se-baixllobregat6\/la-revolta-de-santa-jordina-o-com-capgirar-la-llegenda-de-sant-jordi\/","title":{"rendered":"La revolta de Santa Jordina o com capgirar la llegenda de Sant Jordi"},"content":{"rendered":"<p><iframe loading=\"lazy\" src=\"https:\/\/www.youtube.com\/embed\/alOao4XYN3k\" width=\"560\" height=\"315\" frameborder=\"0\" allowfullscreen=\"allowfullscreen\"><span data-mce-type=\"bookmark\" style=\"display: inline-block; width: 0px; overflow: hidden; line-height: 0;\" class=\"mce_SELRES_start\">\ufeff<\/span><span data-mce-type=\"bookmark\" style=\"display: inline-block; width: 0px; overflow: hidden; line-height: 0;\" class=\"mce_SELRES_start\">\ufeff<\/span><\/iframe><\/p>\n<div class=\"thumbnail-content-noticia\"><\/div>\n<div class=\"info-extra\">\n<div id=\"story-meta-footer\" class=\"story-meta-footer clearfix\">\n<div class=\"story-meta-footer-left\">\n<p class=\"story-meta-footer-left-contact\"><strong style=\"font-family: inherit; font-size: 1em;\">Lyona i David Fern\u00e0ndez<\/strong><span style=\"font-family: inherit; font-size: 1em;\">\u00a0han capgirat la llegenda de Sant Jordi. Acaben de publicar\u00a0<\/span><strong style=\"font-family: inherit; font-size: 1em;\"><em>La revolta de santa Jordina<\/em><\/strong><span style=\"font-family: inherit; font-size: 1em;\">\u00a0a l\u2019editorial\u00a0<\/span><strong style=\"font-family: inherit; font-size: 1em;\">Amsterdam Llibres<\/strong><span style=\"font-family: inherit; font-size: 1em;\">.\u00a0<\/span><\/p>\n<\/div>\n<\/div>\n<\/div>\n<p><!--more--><\/p>\n<p>Montblanc ha votat: no vol viure m\u00e9s sota les ordres d\u2019un rei tir\u00e0. Per\u00f2 el monarca no pensa abandonar els privilegis aix\u00ed com aix\u00ed, i demana refor\u00e7os: el Drac Mercat, despietat i vora\u00e7, ve al seu rescat. La Jordina, \u00e0nima lliure i consci\u00e8ncia cr\u00edtica, ser\u00e0 la primera a rebel\u00b7lar-s\u2019hi. El poble es mobilitzar\u00e0, perqu\u00e8 saben que nom\u00e9s se\u2019n sortiran si actuen junts i alhora. No esperaran que cap cavaller els tregui les castanyes del foc.<\/p>\n<p>El Sant Jordi del present i del futur ja t\u00e9 nom de dona i actua abrigat per la voluntat popular i la conjura dels iguals. Entre assemblees compartides i resist\u00e8ncies comunes, David Fern\u00e0ndez i Lyona ens animen a fer-nos nostra aquesta hist\u00f2ria subversiva i tocada de lila que reivindica la llibertat. Entre l\u00ednies s\u2019hi gestar\u00e0 la revolta inajornable del nostre temps.<\/p>\n<div class=\"separador\"><\/div>\n<div class=\"author-detail\">\n<p><img decoding=\"async\" title=\"\" src=\"http:\/\/www.arallibres.cat\/images\/2565_david-fernandez-wb.jpg\" alt=\"\" \/><\/p>\n<div>\n<p>&nbsp;<\/p>\n<p><strong>David Fern\u00e0ndez<\/strong> (Vila de Gr\u00e0cia, 1974) \u00e9s periodista de La Directa, cooperativista i activista social. Est\u00e0 afiliat al sindicat IAC. Ha escrit\u00a0<em>Cr\u00f2niques del 6<\/em>\u00a0<em>i altres retalls de la claveguera policial<\/em>;\u00a0<em>Cop de CUP<\/em>, conjuntament amb Juli\u00e0 de J\u00f2dar;\u00a0<em>Foc a la barraca<\/em>\u00a0i\u00a0<em>August Gil Matamala<\/em>, conjuntament amb Anna Gabriel. Recentment ha coordinat amb \u00c0lex Romaguera\u00a0<em>Llums i taqu\u00edgrafs<\/em>. Atles de la corrupci\u00f3 als Pa\u00efsos Catalans. Entre el 2012 i el 2015 va ser portaveu de la CUP Alternativa d\u2019Esquerres al Parlament de Catalunya.<\/p>\n<\/div>\n<\/div>\n<div class=\"separador\"><\/div>\n<div class=\"author-detail\">\n<p><img decoding=\"async\" title=\"\" src=\"http:\/\/www.arallibres.cat\/images\/2564_lyona-jpeg-web.jpg\" alt=\"\" \/><\/p>\n<div>\n<p>&nbsp;<\/p>\n<p><strong>Marta Puig<\/strong> (Esperreguera, 1979), m\u00e9s coneguda coma a\u00a0<strong>Lyona<\/strong>, \u00e9s dissenyadora gr\u00e0fica i realitzadora. S&#8217;ha fet popular pels videoclips realitzats per a grups com Love of Lesbian, Amaral, Lori Meyers, Mishima, entre d&#8217;altres.\u00a0<em>Jo matar\u00e9 monstres per tu<\/em>\u00a0va ser el seu primer \u00e0lbum il\u00b7lustrat, un conte de Santi Balmes del qual se n&#8217;han fet m\u00e9s de vint edicions. Tamb\u00e9 ha il\u00b7lustrat\u00a0<em>Mis primeros, primeros besos<\/em>\u00a0i\u00a0<em>La vida es corta y luego te mueres<\/em>.<\/p>\n<\/div>\n<div class=\"clr\"><\/div>\n<\/div>\n<div class=\"separador\"><\/div>\n<h3>Fes-ne un tast<\/h3>\n<div class=\"book-gallery\">\n<div class=\"issuuembed issuu-isrendered\" data-configid=\"4811423\/68361219\"><iframe loading=\"lazy\" title=\"issuu.com\" src=\"https:\/\/e.issuu.com\/embed.html?identifier=z6eidgb9edct&amp;embedType=script#4811423\/68361219\" width=\"300\" height=\"150\" allowfullscreen=\"allowfullscreen\" data-mce-fragment=\"1\"><\/iframe><\/div>\n<\/div>\n<p>&nbsp;<\/p>\n<p>Al llibre s&#8217;hi uneix, en paral\u00b7lel, la narraci\u00f3 en v\u00eddeo del conte en una producci\u00f3 que compta amb aquesta fitxa t\u00e8cnica:<\/p>\n<blockquote><p>Narra: <strong>David Fern\u00e0ndez<\/strong><br \/>\nDibuixa: <strong>Lyona<\/strong><\/p>\n<p>Direcci\u00f3 Anna Llacher<br \/>\nProducci\u00f3 executiva Guillem Sans Producci\u00f3 Arantxa S\u00e1nchez<br \/>\nRealitzaci\u00f3 Leo Olabarr\u00eda<br \/>\nDirecci\u00f3 de fotografia Josep Hern\u00e1ndez<br \/>\nAssist\u00e8ncia a rodatge Arnau Corredor, Anna Vi\u00f1as<br \/>\nSo directe Eloy Rodr\u00edguez Edici\u00f3 David Camarero<br \/>\nGrafisme Guillaume Caron Correctora Chantal Rabat<br \/>\nIdea de format Alguna Pregunta SL Producci\u00f3 t\u00e8cnica Igluuu per betev\u00e9<\/p><\/blockquote>\n","protected":false},"excerpt":{"rendered":"<p>\ufeff\ufeff Lyona i David Fern\u00e0ndez\u00a0han capgirat la llegenda de Sant Jordi. Acaben de publicar\u00a0La revolta de santa Jordina\u00a0a l\u2019editorial\u00a0Amsterdam Llibres.\u00a0<\/p>\n","protected":false},"author":1,"featured_media":15774,"comment_status":"open","ping_status":"closed","sticky":false,"template":"","format":"standard","meta":{"_bbp_topic_count":0,"_bbp_reply_count":0,"_bbp_total_topic_count":0,"_bbp_total_reply_count":0,"_bbp_voice_count":0,"_bbp_anonymous_reply_count":0,"_bbp_topic_count_hidden":0,"_bbp_reply_count_hidden":0,"_bbp_forum_subforum_count":0,"site-sidebar-layout":"default","site-content-layout":"","ast-site-content-layout":"","site-content-style":"default","site-sidebar-style":"default","ast-global-header-display":"","ast-banner-title-visibility":"","ast-main-header-display":"","ast-hfb-above-header-display":"","ast-hfb-below-header-display":"","ast-hfb-mobile-header-display":"","site-post-title":"","ast-breadcrumbs-content":"","ast-featured-img":"","footer-sml-layout":"","theme-transparent-header-meta":"","adv-header-id-meta":"","stick-header-meta":"","header-above-stick-meta":"","header-main-stick-meta":"","header-below-stick-meta":"","astra-migrate-meta-layouts":"default","ast-page-background-enabled":"default","ast-page-background-meta":{"desktop":{"background-color":"var(--ast-global-color-4)","background-image":"","background-repeat":"repeat","background-position":"center center","background-size":"auto","background-attachment":"scroll","background-type":"","background-media":"","overlay-type":"","overlay-color":"","overlay-opacity":"","overlay-gradient":""},"tablet":{"background-color":"","background-image":"","background-repeat":"repeat","background-position":"center center","background-size":"auto","background-attachment":"scroll","background-type":"","background-media":"","overlay-type":"","overlay-color":"","overlay-opacity":"","overlay-gradient":""},"mobile":{"background-color":"","background-image":"","background-repeat":"repeat","background-position":"center center","background-size":"auto","background-attachment":"scroll","background-type":"","background-media":"","overlay-type":"","overlay-color":"","overlay-opacity":"","overlay-gradient":""}},"ast-content-background-meta":{"desktop":{"background-color":"var(--ast-global-color-5)","background-image":"","background-repeat":"repeat","background-position":"center center","background-size":"auto","background-attachment":"scroll","background-type":"","background-media":"","overlay-type":"","overlay-color":"","overlay-opacity":"","overlay-gradient":""},"tablet":{"background-color":"var(--ast-global-color-5)","background-image":"","background-repeat":"repeat","background-position":"center center","background-size":"auto","background-attachment":"scroll","background-type":"","background-media":"","overlay-type":"","overlay-color":"","overlay-opacity":"","overlay-gradient":""},"mobile":{"background-color":"var(--ast-global-color-5)","background-image":"","background-repeat":"repeat","background-position":"center center","background-size":"auto","background-attachment":"scroll","background-type":"","background-media":"","overlay-type":"","overlay-color":"","overlay-opacity":"","overlay-gradient":""}},"footnotes":""},"categories":[81,29],"tags":[363,2123,693,703,2124,38,2122],"class_list":["post-15769","post","type-post","status-publish","format-standard","has-post-thumbnail","hentry","category-biblioteca-escolar","category-se-baixllobregat6","tag-contes","tag-david-fernandez","tag-literatura-infantil","tag-llengua-catalana","tag-lyona","tag-sant-jordi","tag-santa-jordina"],"post_mailing_queue_ids":[],"_links":{"self":[{"href":"https:\/\/serveiseducatius.xtec.cat\/baixllobregat6\/wp-json\/wp\/v2\/posts\/15769","targetHints":{"allow":["GET"]}}],"collection":[{"href":"https:\/\/serveiseducatius.xtec.cat\/baixllobregat6\/wp-json\/wp\/v2\/posts"}],"about":[{"href":"https:\/\/serveiseducatius.xtec.cat\/baixllobregat6\/wp-json\/wp\/v2\/types\/post"}],"author":[{"embeddable":true,"href":"https:\/\/serveiseducatius.xtec.cat\/baixllobregat6\/wp-json\/wp\/v2\/users\/1"}],"replies":[{"embeddable":true,"href":"https:\/\/serveiseducatius.xtec.cat\/baixllobregat6\/wp-json\/wp\/v2\/comments?post=15769"}],"version-history":[{"count":3,"href":"https:\/\/serveiseducatius.xtec.cat\/baixllobregat6\/wp-json\/wp\/v2\/posts\/15769\/revisions"}],"predecessor-version":[{"id":15870,"href":"https:\/\/serveiseducatius.xtec.cat\/baixllobregat6\/wp-json\/wp\/v2\/posts\/15769\/revisions\/15870"}],"wp:featuredmedia":[{"embeddable":true,"href":"https:\/\/serveiseducatius.xtec.cat\/baixllobregat6\/wp-json\/wp\/v2\/media\/15774"}],"wp:attachment":[{"href":"https:\/\/serveiseducatius.xtec.cat\/baixllobregat6\/wp-json\/wp\/v2\/media?parent=15769"}],"wp:term":[{"taxonomy":"category","embeddable":true,"href":"https:\/\/serveiseducatius.xtec.cat\/baixllobregat6\/wp-json\/wp\/v2\/categories?post=15769"},{"taxonomy":"post_tag","embeddable":true,"href":"https:\/\/serveiseducatius.xtec.cat\/baixllobregat6\/wp-json\/wp\/v2\/tags?post=15769"}],"curies":[{"name":"wp","href":"https:\/\/api.w.org\/{rel}","templated":true}]}}