{"id":15415,"date":"2019-03-12T08:59:43","date_gmt":"2019-03-12T07:59:43","guid":{"rendered":"http:\/\/serveiseducatius.xtec.cat\/baixllobregat6\/?p=15415"},"modified":"2019-04-23T09:40:12","modified_gmt":"2019-04-23T07:40:12","slug":"projecte-de-recerca-educativa-destinat-a-coneixer-el-nivell-de-conei-xements-de-fisica-a-la-interfase-batxillerat-universitat","status":"publish","type":"post","link":"https:\/\/serveiseducatius.xtec.cat\/baixllobregat6\/se-baixllobregat6\/projecte-de-recerca-educativa-destinat-a-coneixer-el-nivell-de-conei-xements-de-fisica-a-la-interfase-batxillerat-universitat\/","title":{"rendered":"Projecte de recerca educativa destinat a con\u00e8ixer el nivell de coneixements de F\u00edsica a la interfase batxillerat &#8211; universitat."},"content":{"rendered":"<p><img loading=\"lazy\" decoding=\"async\" class=\"alignnone size-full wp-image-15417\" src=\"https:\/\/serveiseducatius.xtec.cat\/baixllobregat6\/wp-content\/uploads\/usu778\/2019\/03\/fisica.png\" alt=\"\" width=\"997\" height=\"106\" srcset=\"https:\/\/serveiseducatius.xtec.cat\/baixllobregat6\/wp-content\/uploads\/usu778\/2019\/03\/fisica.png 997w, https:\/\/serveiseducatius.xtec.cat\/baixllobregat6\/wp-content\/uploads\/usu778\/2019\/03\/fisica-520x55.png 520w, https:\/\/serveiseducatius.xtec.cat\/baixllobregat6\/wp-content\/uploads\/usu778\/2019\/03\/fisica-768x82.png 768w\" sizes=\"auto, (max-width: 997px) 100vw, 997px\" \/><\/p>\n<p>La <a href=\"http:\/\/blogs.iec.cat\/scfis\/\" target=\"_blank\" rel=\"noopener\">Societat Catalana de F\u00edsica (Societat Filial de l&#8217;IEC<\/a>), conjuntament amb el <a href=\"https:\/\/agora.xtec.cat\/cesire\/#_ga=2.106901891.1832008176.1552301955-844363372.1539685675\" target=\"_blank\" rel=\"noopener\">CESIRE<\/a>, del Departament d\u2019Educaci\u00f3, i el <a href=\"http:\/\/universitatsirecerca.gencat.cat\/ca\/01_secretaria_duniversitats_i_recerca\/la_secretaria\/organismes\/consell_interuniversitari_de_catalunya_cic\/\" target=\"_blank\" rel=\"noopener\">Consell Interuniversitari de Catalunya<\/a>, est\u00e0 engegant un projecte de recerca educativa destinat a con\u00e8ixer el nivell de coneixements de f\u00edsica a la interfase batxillerat &#8211; universitat.<\/p>\n<p>La qualitat dels resultats de l&#8217;estudi depenen de la participaci\u00f3, i \u00e9s per aix\u00f2 que us agrair\u00eden molt que us anim\u00e9ssiu a participar. Creuen que els resultats d&#8217;aquest estudi poden ser d&#8217;inter\u00e8s en la vostra tasca docent. En qu\u00e8 consisteix l&#8217;estudi?<br \/>\nVolen fer una an\u00e0lisi objectiva del nivell de coneixement de f\u00edsica dels nostres estudiants. Els interessa veure com \u00e9s el seu nivell de f\u00edsica en relaci\u00f3 amb el dels alumnes de pa\u00efsos del nostre entorn, detectant quin \u00e9s el nivell de comprensi\u00f3 dels conceptes b\u00e0sics de mec\u00e0nica i electricitat i magnetisme.<\/p>\n<p><!--more--><\/p>\n<p><strong>Perqu\u00e8 \u00e9s especialment interessant?<br \/>\n<\/strong>L&#8217;an\u00e0lisi de resultats d&#8217;alumnes de tota Catalunya els permetr\u00e0 disposar de dades objectives. Amb dades objectives evitaran caure en t\u00f2pics sobre la manca, o no, de formaci\u00f3 en f\u00edsica dels vostres alumnes, ens coneixeran quins s\u00f3n els conceptes sobre els que tenen una millor comprensi\u00f3 i es podran comparar el seu nivell de comprensi\u00f3 dels conceptes amb el d&#8217;estudiants d&#8217;altres pa\u00efsos. Per a fer aquesta an\u00e0lisi disposen d&#8217;uns tests, mundialment acceptats i revisats, que mesuren el nivell de comprensi\u00f3 dels conceptes f\u00edsics fonamentals.<\/p>\n<p><strong>Qu\u00e8 se us proposa que feu?<br \/>\n<\/strong>La vostra participaci\u00f3 consisteix essencialment en passar als vostres estudiants de segon de batxillerat un test an\u00f2nim\u00a0 amb 30 preguntes de mec\u00e0nica i un altre amb 32 preguntes d&#8217;electromagnetisme. Cada test no us prendr\u00e0 m\u00e9s de 40 minuts i s\u2019ha de passar en el moment m\u00e9s convenient per vosaltres al llarg del proper maig.<\/p>\n<p><strong>Qu\u00e8 se us oferix?<br \/>\n<\/strong>Al professorat participant a l&#8217;estudi us faran arribar els resultats dels vostres alumnes, els globals dels centres participants i els resultats dels test en diferents pa\u00efsos. Els tests estan dissenyats per permetre una an\u00e0lisi estad\u00edstica factorial per cadascun de la vintena de conceptes avaluats. Aquests resultats us proporcionaran una visi\u00f3 molt completa del nivell de comprensi\u00f3 de la mec\u00e0nica i electromagnetisme dels vostres alumnes en relaci\u00f3 a la resta de Catalunya i altres pa\u00efsos del m\u00f3n.<\/p>\n<p><strong>Que no \u00e9s?<\/strong><br \/>\nFixeu-vos que nom\u00e9s es mira el grau de comprensi\u00f3 dels conceptes m\u00e9s importants en aquests camps, el test no pot ni vol substituir el proc\u00e9s d\u2019avaluaci\u00f3 normal, com a m\u00e0xim pot donar uns resultats objectius complementaris.<\/p>\n<p><strong>M\u00e9s informaci\u00f3<\/strong><br \/>\nSi voleu m\u00e9s informaci\u00f3 sobre la iniciativa podeu consultar aquesta <a href=\"http:\/\/scf.host\/scf\/test\/\" target=\"_blank\" rel=\"noopener\">p\u00e0gina web<\/a>\u00a0[<a href=\"http:\/\/scf.host\/scf\/test\/\" target=\"_blank\" rel=\"noopener\">http:\/\/scf.host\/scf\/test\/<\/a>]<a href=\"http:\/\/scf.host\/scf\/test\/\" target=\"_blank\" rel=\"noopener\">,\u00a0<\/a>on tamb\u00e9 trobareu el formulari d\u2019inscripci\u00f3, o podeu adre\u00e7ar-vos als impulsors de l&#8217;estudi a trav\u00e9s dels correus:<\/p>\n<p>Joan Parellada joan.parellada<span class=\"atwho-query\">@ub.edu<\/span><br \/>\nV\u00edctor Grau victor.grau@uvic.cat[<\/p>\n<p>Cordialment,<br \/>\nJoan Parellada, president de la Societat Catalana de F\u00edsica (IEC)<br \/>\nV\u00edctor Grau, membre del Grup de Recerca Coneixement i Did\u00e0ctica (UVic-UCC)<br \/>\nJulio P\u00e9rez, director del CESIRE (Departament d\u2019Educaci\u00f3)<\/p>\n","protected":false},"excerpt":{"rendered":"<p>La Societat Catalana de F\u00edsica (Societat Filial de l&#8217;IEC), conjuntament amb el CESIRE, del Departament d\u2019Educaci\u00f3, i el Consell Interuniversitari de Catalunya, est\u00e0 engegant un projecte de recerca educativa destinat a con\u00e8ixer el nivell de coneixements de f\u00edsica a la interfase batxillerat &#8211; universitat. La qualitat dels resultats de l&#8217;estudi depenen de la participaci\u00f3, i [&hellip;]<\/p>\n","protected":false},"author":1,"featured_media":15417,"comment_status":"open","ping_status":"closed","sticky":false,"template":"","format":"standard","meta":{"_bbp_topic_count":0,"_bbp_reply_count":0,"_bbp_total_topic_count":0,"_bbp_total_reply_count":0,"_bbp_voice_count":0,"_bbp_anonymous_reply_count":0,"_bbp_topic_count_hidden":0,"_bbp_reply_count_hidden":0,"_bbp_forum_subforum_count":0,"site-sidebar-layout":"default","site-content-layout":"","ast-site-content-layout":"","site-content-style":"default","site-sidebar-style":"default","ast-global-header-display":"","ast-banner-title-visibility":"","ast-main-header-display":"","ast-hfb-above-header-display":"","ast-hfb-below-header-display":"","ast-hfb-mobile-header-display":"","site-post-title":"","ast-breadcrumbs-content":"","ast-featured-img":"","footer-sml-layout":"","theme-transparent-header-meta":"","adv-header-id-meta":"","stick-header-meta":"","header-above-stick-meta":"","header-main-stick-meta":"","header-below-stick-meta":"","astra-migrate-meta-layouts":"default","ast-page-background-enabled":"default","ast-page-background-meta":{"desktop":{"background-color":"var(--ast-global-color-4)","background-image":"","background-repeat":"repeat","background-position":"center center","background-size":"auto","background-attachment":"scroll","background-type":"","background-media":"","overlay-type":"","overlay-color":"","overlay-opacity":"","overlay-gradient":""},"tablet":{"background-color":"","background-image":"","background-repeat":"repeat","background-position":"center center","background-size":"auto","background-attachment":"scroll","background-type":"","background-media":"","overlay-type":"","overlay-color":"","overlay-opacity":"","overlay-gradient":""},"mobile":{"background-color":"","background-image":"","background-repeat":"repeat","background-position":"center center","background-size":"auto","background-attachment":"scroll","background-type":"","background-media":"","overlay-type":"","overlay-color":"","overlay-opacity":"","overlay-gradient":""}},"ast-content-background-meta":{"desktop":{"background-color":"var(--ast-global-color-5)","background-image":"","background-repeat":"repeat","background-position":"center center","background-size":"auto","background-attachment":"scroll","background-type":"","background-media":"","overlay-type":"","overlay-color":"","overlay-opacity":"","overlay-gradient":""},"tablet":{"background-color":"var(--ast-global-color-5)","background-image":"","background-repeat":"repeat","background-position":"center center","background-size":"auto","background-attachment":"scroll","background-type":"","background-media":"","overlay-type":"","overlay-color":"","overlay-opacity":"","overlay-gradient":""},"mobile":{"background-color":"var(--ast-global-color-5)","background-image":"","background-repeat":"repeat","background-position":"center center","background-size":"auto","background-attachment":"scroll","background-type":"","background-media":"","overlay-type":"","overlay-color":"","overlay-opacity":"","overlay-gradient":""}},"footnotes":""},"categories":[1036,29],"tags":[222,268,2078,315,547,2107,2108,1524],"class_list":["post-15415","post","type-post","status-publish","format-standard","has-post-thumbnail","hentry","category-activitat-dels-centres","category-se-baixllobregat6","tag-alumnes","tag-batxillerat","tag-cesire","tag-ciencies-experimentals","tag-fisica","tag-institut-destudis-catalana","tag-societat-catalana-de-fisica","tag-universitat-de-vic"],"post_mailing_queue_ids":[],"_links":{"self":[{"href":"https:\/\/serveiseducatius.xtec.cat\/baixllobregat6\/wp-json\/wp\/v2\/posts\/15415","targetHints":{"allow":["GET"]}}],"collection":[{"href":"https:\/\/serveiseducatius.xtec.cat\/baixllobregat6\/wp-json\/wp\/v2\/posts"}],"about":[{"href":"https:\/\/serveiseducatius.xtec.cat\/baixllobregat6\/wp-json\/wp\/v2\/types\/post"}],"author":[{"embeddable":true,"href":"https:\/\/serveiseducatius.xtec.cat\/baixllobregat6\/wp-json\/wp\/v2\/users\/1"}],"replies":[{"embeddable":true,"href":"https:\/\/serveiseducatius.xtec.cat\/baixllobregat6\/wp-json\/wp\/v2\/comments?post=15415"}],"version-history":[{"count":3,"href":"https:\/\/serveiseducatius.xtec.cat\/baixllobregat6\/wp-json\/wp\/v2\/posts\/15415\/revisions"}],"predecessor-version":[{"id":15809,"href":"https:\/\/serveiseducatius.xtec.cat\/baixllobregat6\/wp-json\/wp\/v2\/posts\/15415\/revisions\/15809"}],"wp:featuredmedia":[{"embeddable":true,"href":"https:\/\/serveiseducatius.xtec.cat\/baixllobregat6\/wp-json\/wp\/v2\/media\/15417"}],"wp:attachment":[{"href":"https:\/\/serveiseducatius.xtec.cat\/baixllobregat6\/wp-json\/wp\/v2\/media?parent=15415"}],"wp:term":[{"taxonomy":"category","embeddable":true,"href":"https:\/\/serveiseducatius.xtec.cat\/baixllobregat6\/wp-json\/wp\/v2\/categories?post=15415"},{"taxonomy":"post_tag","embeddable":true,"href":"https:\/\/serveiseducatius.xtec.cat\/baixllobregat6\/wp-json\/wp\/v2\/tags?post=15415"}],"curies":[{"name":"wp","href":"https:\/\/api.w.org\/{rel}","templated":true}]}}