{"id":15397,"date":"2019-03-07T13:11:51","date_gmt":"2019-03-07T12:11:51","guid":{"rendered":"http:\/\/serveiseducatius.xtec.cat\/baixllobregat6\/?p=15397"},"modified":"2019-03-14T10:13:11","modified_gmt":"2019-03-14T09:13:11","slug":"nous-espais-nous-aprenentatges-repensem-els-espais-educatius","status":"publish","type":"post","link":"https:\/\/serveiseducatius.xtec.cat\/baixllobregat6\/se-baixllobregat6\/nous-espais-nous-aprenentatges-repensem-els-espais-educatius\/","title":{"rendered":"&#8220;Nous espais, nous aprenentatges&#8221;. Repensem els espais educatius"},"content":{"rendered":"<p><strong><img loading=\"lazy\" decoding=\"async\" class=\"alignnone size-full wp-image-15398\" src=\"https:\/\/serveiseducatius.xtec.cat\/baixllobregat6\/wp-content\/uploads\/usu778\/2019\/03\/educacio-1080-marca-4.png\" alt=\"\" width=\"847\" height=\"390\" srcset=\"https:\/\/serveiseducatius.xtec.cat\/baixllobregat6\/wp-content\/uploads\/usu778\/2019\/03\/educacio-1080-marca-4.png 847w, https:\/\/serveiseducatius.xtec.cat\/baixllobregat6\/wp-content\/uploads\/usu778\/2019\/03\/educacio-1080-marca-4-520x239.png 520w, https:\/\/serveiseducatius.xtec.cat\/baixllobregat6\/wp-content\/uploads\/usu778\/2019\/03\/educacio-1080-marca-4-768x354.png 768w\" sizes=\"auto, (max-width: 847px) 100vw, 847px\" \/><\/strong><\/p>\n<p><strong>La millora metodol\u00f2gica i did\u00e0ctica als centres docents requereix del plantejament d&#8217;una nova arquitectura que trenqui amb la rigidesa dels espais, s&#8217;obri a la polival\u00e8ncia que els nous m\u00e8todes educatius necessiten i s&#8217;imbriqui amb el territori. Una arquitectura educativa vers\u00e0til i polivalent per construir entorns d&#8217;aprenentatge que contribueixin a la millora del sistema educatiu.<\/strong><\/p>\n<p><!--more--><\/p>\n<p>Amb aquesta finalitat, el<strong> Departament d&#8217;Educaci\u00f3 de la Generalitat, el Col\u00b7legi d&#8217;Arquitectes i la Fundaci\u00f3 Bofill<\/strong> organitzen la jornada &#8220;Nous espais, nous aprenentatges&#8221;, un punt de trobada\u00a0de docents, arquitectes i la resta de la comunitat educativa per repensar conjuntament com transformem les escoles i instituts.<\/p>\n<p>L&#8217;acte s&#8217;iniciar\u00e0 amb les confer\u00e8ncies de\u00a0l&#8217;Honorable Senyor\u00a0<strong>Josep Bargall\u00f3<\/strong>,\u00a0conseller d&#8217;Educaci\u00f3, i\u00a0<strong>Fanny Figueras<\/strong>, docent de l&#8217;Institut Mois\u00e8s Broggi. Seguidament, s&#8217;explicaran tres casos d&#8217;\u00e8xit i es realitzaran tres tallers simultanis, coordinats cada un per un docent i un arquitecte.<\/p>\n<p><strong>Tallers simultanis: Idees per als nous espais<\/strong><br \/>\nLa trobada planteja tres debats simultanis on es debatran diferents tem\u00e0tiques. La inscripci\u00f3\u00a0a la jornada requereix de la participaci\u00f3 o assist\u00e8ncia a un d&#8217;aquests tallers.<\/p>\n<p>Taller \u201cNous criteris de construcci\u00f3\u201d: es debatr\u00e0 sobre qu\u00e8 s\u2019ha de tenir en compte a l\u2019hora de construir un centre educatiu que respongui a les necessitats educatives actuals.\u00a0<strong>Inscripci\u00f3 al taller tancada, s&#8217;ha cobert el nombre de places.<\/strong><\/p>\n<p>Taller &#8220;Transformaci\u00f3 dels centres educatius\u201d:\u00a0s\u2019analitzar\u00e0 com podem millorar els edificis actuals per tal que contribueixin a la millora educativa. I<strong>nscripci\u00f3 al taller tancada, s&#8217;ha cobert el nombre de places.<\/strong><\/p>\n<p>Taller \u201cAules de futur i noves tecnologies\u201d:\u00a0es treballar\u00e0 la relaci\u00f3 entre educaci\u00f3 i les TIC i com aquest binomi s\u2019ha d\u2019incorporar a les aules.\u00a0<strong>Inscripci\u00f3 al taller tancada, s&#8217;ha cobert el nombre de places.<\/strong><\/p>\n<p>Places exhaurides, llista d&#8217;espera:\u00a0Si us voleu inscriure a la llista d&#8217;espera, envieu un correu a\u00a0<a href=\"mailto:activitatsculturals@coac.net\">activitatsculturals@coac.net<\/a>\u00a0indicant les vostres dades de contacte i el taller al qual us interessaria participar.<\/p>\n<p>Les conclusions dels tallers es presentaran al final de la jornada.<\/p>\n<p>La cloenda anir\u00e0 a c\u00e0rrec d&#8217;<strong>Assumpci\u00f3 Puig<\/strong>, degana;\u00a0<strong>Isabel Vilaseca<\/strong>, presidenta de la Fundaci\u00f3 Bofill; i\u00a0<strong>Josep Gonz\u00e0lez-Cambray<\/strong>, director general de Centres P\u00fablics del Departament d&#8217;Educaci\u00f3.\u00a0L&#8217;acte estar\u00e0 moderat per\u00a0<strong>Sandra Bestraten<\/strong>, presidenta de la Demarcaci\u00f3 de Barcelona.<\/p>\n<p><strong>Proc\u00e9s participatiu<br \/>\n<\/strong>Despr\u00e9s d\u2019aquesta primera\u00a0 jornada, es faran unes altres sessions de treball per concretar les idees sorgides i s\u2019obrir\u00e0 un proc\u00e9s per consensuar com haurien de ser els centres educatius del futur.<\/p>\n<p><strong>Programa, inscripcions i certificats<\/strong><br \/>\n<a href=\"https:\/\/www.arquitectes.cat\/ca\/system\/files\/users\/127\/nous_espais_programa_complet.pdf\"><strong>Consulteu el programa complet<\/strong><\/a><\/p>\n<p>\u00c9s imprescindible la inscripci\u00f3 pr\u00e8via a la jornada. Per fer-ho, cal que us apunteu a un dels tallers.<br \/>\nEl professorat que hi assisteixi pot sol\u00b7licitar certificat de participaci\u00f3. Cal sol\u00b7licitar-ho mitjan\u00e7ant el formulari d&#8217;inscripci\u00f3.<\/p>\n<blockquote><p><span style=\"color: #ff0000;\"><strong>Lloc :<\/strong>\u00a0Sala d&#8217;actes del Col\u00b7legi d&#8217;Arquitectes de Catalunya<\/span><br \/>\n<span style=\"color: #ff0000;\"> <strong>Demarcaci\u00f3 :<\/strong>\u00a0Barcelona<\/span><br \/>\n<span style=\"color: #ff0000;\"> <strong>Data inici :<\/strong>\u00a0Divendres, 15 mar\u00e7, 2019<\/span><br \/>\n<span style=\"color: #ff0000;\"> <strong>Horari:<\/strong>\u00a0De 9 a 14 h<\/span><\/p><\/blockquote>\n<p>Acte organitzat conjuntament amb:<\/p>\n<p><img decoding=\"async\" src=\"https:\/\/www.arquitectes.cat\/ca\/system\/files\/users\/14663\/logos-educacio-bofill_1.png\" \/><\/p>\n<pre>Font: <a href=\"http:\/\/www.arquitectes.cat\/ca\/arquitectura\/actes\/nous-espais-nous-aprenentatges\" target=\"_blank\" rel=\"noopener\">Col\u00b7legi d'Arquitectes de Catalunya<\/a><\/pre>\n","protected":false},"excerpt":{"rendered":"<p>La millora metodol\u00f2gica i did\u00e0ctica als centres docents requereix del plantejament d&#8217;una nova arquitectura que trenqui amb la rigidesa dels espais, s&#8217;obri a la polival\u00e8ncia que els nous m\u00e8todes educatius necessiten i s&#8217;imbriqui amb el territori. Una arquitectura educativa vers\u00e0til i polivalent per construir entorns d&#8217;aprenentatge que contribueixin a la millora del sistema educatiu.<\/p>\n","protected":false},"author":1,"featured_media":15398,"comment_status":"open","ping_status":"closed","sticky":false,"template":"","format":"standard","meta":{"_bbp_topic_count":0,"_bbp_reply_count":0,"_bbp_total_topic_count":0,"_bbp_total_reply_count":0,"_bbp_voice_count":0,"_bbp_anonymous_reply_count":0,"_bbp_topic_count_hidden":0,"_bbp_reply_count_hidden":0,"_bbp_forum_subforum_count":0,"site-sidebar-layout":"default","site-content-layout":"","ast-site-content-layout":"","site-content-style":"default","site-sidebar-style":"default","ast-global-header-display":"","ast-banner-title-visibility":"","ast-main-header-display":"","ast-hfb-above-header-display":"","ast-hfb-below-header-display":"","ast-hfb-mobile-header-display":"","site-post-title":"","ast-breadcrumbs-content":"","ast-featured-img":"","footer-sml-layout":"","theme-transparent-header-meta":"","adv-header-id-meta":"","stick-header-meta":"","header-above-stick-meta":"","header-main-stick-meta":"","header-below-stick-meta":"","astra-migrate-meta-layouts":"default","ast-page-background-enabled":"default","ast-page-background-meta":{"desktop":{"background-color":"var(--ast-global-color-4)","background-image":"","background-repeat":"repeat","background-position":"center center","background-size":"auto","background-attachment":"scroll","background-type":"","background-media":"","overlay-type":"","overlay-color":"","overlay-opacity":"","overlay-gradient":""},"tablet":{"background-color":"","background-image":"","background-repeat":"repeat","background-position":"center center","background-size":"auto","background-attachment":"scroll","background-type":"","background-media":"","overlay-type":"","overlay-color":"","overlay-opacity":"","overlay-gradient":""},"mobile":{"background-color":"","background-image":"","background-repeat":"repeat","background-position":"center center","background-size":"auto","background-attachment":"scroll","background-type":"","background-media":"","overlay-type":"","overlay-color":"","overlay-opacity":"","overlay-gradient":""}},"ast-content-background-meta":{"desktop":{"background-color":"var(--ast-global-color-5)","background-image":"","background-repeat":"repeat","background-position":"center center","background-size":"auto","background-attachment":"scroll","background-type":"","background-media":"","overlay-type":"","overlay-color":"","overlay-opacity":"","overlay-gradient":""},"tablet":{"background-color":"var(--ast-global-color-5)","background-image":"","background-repeat":"repeat","background-position":"center center","background-size":"auto","background-attachment":"scroll","background-type":"","background-media":"","overlay-type":"","overlay-color":"","overlay-opacity":"","overlay-gradient":""},"mobile":{"background-color":"var(--ast-global-color-5)","background-image":"","background-repeat":"repeat","background-position":"center center","background-size":"auto","background-attachment":"scroll","background-type":"","background-media":"","overlay-type":"","overlay-color":"","overlay-opacity":"","overlay-gradient":""}},"footnotes":""},"categories":[75,29],"tags":[2104,2105,2103],"class_list":["post-15397","post","type-post","status-publish","format-standard","has-post-thumbnail","hentry","category-pee020","category-se-baixllobregat6","tag-arquitectura-escolar","tag-entorns-daprenentatge","tag-espais-educatius"],"post_mailing_queue_ids":[],"_links":{"self":[{"href":"https:\/\/serveiseducatius.xtec.cat\/baixllobregat6\/wp-json\/wp\/v2\/posts\/15397","targetHints":{"allow":["GET"]}}],"collection":[{"href":"https:\/\/serveiseducatius.xtec.cat\/baixllobregat6\/wp-json\/wp\/v2\/posts"}],"about":[{"href":"https:\/\/serveiseducatius.xtec.cat\/baixllobregat6\/wp-json\/wp\/v2\/types\/post"}],"author":[{"embeddable":true,"href":"https:\/\/serveiseducatius.xtec.cat\/baixllobregat6\/wp-json\/wp\/v2\/users\/1"}],"replies":[{"embeddable":true,"href":"https:\/\/serveiseducatius.xtec.cat\/baixllobregat6\/wp-json\/wp\/v2\/comments?post=15397"}],"version-history":[{"count":3,"href":"https:\/\/serveiseducatius.xtec.cat\/baixllobregat6\/wp-json\/wp\/v2\/posts\/15397\/revisions"}],"predecessor-version":[{"id":15508,"href":"https:\/\/serveiseducatius.xtec.cat\/baixllobregat6\/wp-json\/wp\/v2\/posts\/15397\/revisions\/15508"}],"wp:featuredmedia":[{"embeddable":true,"href":"https:\/\/serveiseducatius.xtec.cat\/baixllobregat6\/wp-json\/wp\/v2\/media\/15398"}],"wp:attachment":[{"href":"https:\/\/serveiseducatius.xtec.cat\/baixllobregat6\/wp-json\/wp\/v2\/media?parent=15397"}],"wp:term":[{"taxonomy":"category","embeddable":true,"href":"https:\/\/serveiseducatius.xtec.cat\/baixllobregat6\/wp-json\/wp\/v2\/categories?post=15397"},{"taxonomy":"post_tag","embeddable":true,"href":"https:\/\/serveiseducatius.xtec.cat\/baixllobregat6\/wp-json\/wp\/v2\/tags?post=15397"}],"curies":[{"name":"wp","href":"https:\/\/api.w.org\/{rel}","templated":true}]}}