{"id":15127,"date":"2019-01-30T13:30:00","date_gmt":"2019-01-30T12:30:00","guid":{"rendered":"http:\/\/serveiseducatius.xtec.cat\/baixllobregat6\/?p=15127"},"modified":"2019-01-30T13:30:44","modified_gmt":"2019-01-30T12:30:44","slug":"denip2019-denunciem-la-presencia-militar-en-espais-educatius-de-formacio-i-de-lleure-per-infants-i-joves","status":"publish","type":"post","link":"https:\/\/serveiseducatius.xtec.cat\/baixllobregat6\/se-baixllobregat6\/denip2019-denunciem-la-presencia-militar-en-espais-educatius-de-formacio-i-de-lleure-per-infants-i-joves\/","title":{"rendered":"#DENIP2019 Denunciem la pres\u00e8ncia militar en espais educatius, de formaci\u00f3 i de lleure per infants i joves"},"content":{"rendered":"<p><img loading=\"lazy\" decoding=\"async\" class=\"alignnone size-large wp-image-15128\" src=\"https:\/\/serveiseducatius.xtec.cat\/baixllobregat6\/wp-content\/uploads\/usu778\/2019\/01\/Desmilitzaritzem_ok_150dpi-1-725x1024.jpg\" alt=\"\" width=\"725\" height=\"1024\" srcset=\"https:\/\/serveiseducatius.xtec.cat\/baixllobregat6\/wp-content\/uploads\/usu778\/2019\/01\/Desmilitzaritzem_ok_150dpi-1-725x1024.jpg 725w, https:\/\/serveiseducatius.xtec.cat\/baixllobregat6\/wp-content\/uploads\/usu778\/2019\/01\/Desmilitzaritzem_ok_150dpi-1-368x520.jpg 368w, https:\/\/serveiseducatius.xtec.cat\/baixllobregat6\/wp-content\/uploads\/usu778\/2019\/01\/Desmilitzaritzem_ok_150dpi-1-768x1085.jpg 768w, https:\/\/serveiseducatius.xtec.cat\/baixllobregat6\/wp-content\/uploads\/usu778\/2019\/01\/Desmilitzaritzem_ok_150dpi-1.jpg 1000w\" sizes=\"auto, (max-width: 725px) 100vw, 725px\" \/><\/p>\n<p><!--more--><\/p>\n<p>Un any m\u00e9s celebrem el DENIP:\u00a0<b>Dia Escolar de la No-viol\u00e8ncia i la Pau,\u00a0<\/b>conegut tamb\u00e9 com a\u00a0<b>Dia Mundial o Internacional de la No-viol\u00e8ncia i la Pau<\/b>, fou fundat l&#8217;any\u00a0<a title=\"1964\" href=\"https:\/\/ca.wikipedia.org\/wiki\/1964\">1964<\/a>\u00a0pel\u00a0<a title=\"Poesia\" href=\"https:\/\/ca.wikipedia.org\/wiki\/Poesia\">poeta<\/a>\u00a0i\u00a0<a title=\"Mestre d'escola\" href=\"https:\/\/ca.wikipedia.org\/wiki\/Mestre_d%27escola\">educador<\/a>\u00a0mallorqu\u00ed\u00a0<a title=\"Lloren\u00e7 Vidal Vidal\" href=\"https:\/\/ca.wikipedia.org\/wiki\/Lloren%C3%A7_Vidal_Vidal\">Lloren\u00e7 Vidal Vidal<\/a>, i \u00e9s una iniciativa d&#8217;Educaci\u00f3 No-violenta i Pacificadora, difosa internacionalment.<sup id=\"cite_ref-1\" class=\"reference\"><a href=\"https:\/\/ca.wikipedia.org\/wiki\/Dia_Escolar_de_la_No-viol%C3%A8ncia_i_la_Pau#cite_note-1\">[1]<\/a><\/sup><\/p>\n<p>Es practica a escoles de tot el m\u00f3n, els dies\u00a0<a title=\"30 de gener\" href=\"https:\/\/ca.wikipedia.org\/wiki\/30_de_gener\">30 de gener<\/a>\u00a0i propers (aniversari de la mort de\u00a0<a class=\"mw-redirect\" title=\"Mohandas Karamchand\" href=\"https:\/\/ca.wikipedia.org\/wiki\/Mohandas_Karamchand\">Mahatma Gandhi<\/a>). Als pa\u00efsos amb calendaris escolars propis de l&#8217;hemisferi sud, pot commemorar-se el\u00a0<a title=\"30 de mar\u00e7\" href=\"https:\/\/ca.wikipedia.org\/wiki\/30_de_mar%C3%A7\">30 de mar\u00e7<\/a>\u00a0i dies immediats.<\/p>\n<p>El DENIP propugna una educaci\u00f3 permanent en i per a la conc\u00f2rdia, la toler\u00e0ncia, la solidaritat, el respecte als drets humans, la no-viol\u00e8ncia i la pau<\/p>\n<p>I tamb\u00e9, un any m\u00e9s, hi ha prevista la pres\u00e8ncia de l&#8217;ex\u00e8rcit al Sal\u00f3 de l&#8217;Ensenyament\u00a0malgrat les demandes del centenar d&#8217;organitzacions que integrem la\u00a0<a href=\"http:\/\/mailtrain.sindicat.net\/links\/SJQYG11V4\/Skw-942Az\/HkHLoZn9RX\/SycSr11VV\" target=\"_blank\" rel=\"noopener\" data-saferedirecturl=\"https:\/\/www.google.com\/url?q=http:\/\/mailtrain.sindicat.net\/links\/SJQYG11V4\/Skw-942Az\/HkHLoZn9RX\/SycSr11VV&amp;source=gmail&amp;ust=1548935783142000&amp;usg=AFQjCNGN57CbYUGFH15v1GiskxODpPy0Nw\">Campanya Desmilitaritzem l&#8217;Educaci\u00f3\u00a0<\/a>i les\u00a0<a href=\"http:\/\/mailtrain.sindicat.net\/links\/SJQYG11V4\/Skw-942Az\/HkHLoZn9RX\/BJe5Hr1kN4\" target=\"_blank\" rel=\"noopener\" data-saferedirecturl=\"https:\/\/www.google.com\/url?q=http:\/\/mailtrain.sindicat.net\/links\/SJQYG11V4\/Skw-942Az\/HkHLoZn9RX\/BJe5Hr1kN4&amp;source=gmail&amp;ust=1548935783142000&amp;usg=AFQjCNGYVumc8EmPL5qn7Xe7pgFXUhVO9w\">mocions i resolucions aprovades pel Parlament de Catalunya<\/a>\u00a0i l&#8217;Ajuntament de Barcelona en les que s&#8217;exigeix la no pres\u00e8ncia de l&#8217;ex\u00e8rcit en cap espai educatiu, de formaci\u00f3 o de lleure.<\/p>\n<p>D&#8217;aqu\u00ed que se us proposi un seguit d&#8217;accions per aconseguir que l&#8217;ex\u00e8rcit espanyol no participi en el\u00a0 Sal\u00f3 de l&#8217;Ensenyament: la primera actuaci\u00f3 pot ser l&#8217;enviament d&#8217;uncorreu electr\u00f2nic a Fira de Barcelona (<a href=\"http:\/\/info@firabarcelona.com\/\" target=\"_blank\" rel=\"noopener\" data-saferedirecturl=\"https:\/\/www.google.com\/url?q=http:\/\/info@firabarcelona.com&amp;source=gmail&amp;ust=1548935783143000&amp;usg=AFQjCNE4-ImNkNnXYvNS4CODn5sjnDi7uw\">info@firabarcelona.com<\/a>) i al Sal\u00f3 de l&#8217;Ensenyament (<a href=\"http:\/\/Lpararols@firabarcelona.com\/\" target=\"_blank\" rel=\"noopener\" data-saferedirecturl=\"https:\/\/www.google.com\/url?q=http:\/\/Lpararols@firabarcelona.com&amp;source=gmail&amp;ust=1548935783143000&amp;usg=AFQjCNFfi0vmvW7y-pMA9kDQ74BgPYCVFQ\">Lpararols@firabarcelona.com<\/a>) mostrant el vostre rebuig a la pres\u00e8ncia de l&#8217;ex\u00e8rcit i demanant que no se&#8217;ls accepti.<\/p>\n<p>&nbsp;<\/p>\n<p><strong>Per facilitar-vos la tasca d&#8217;enviament, aqu\u00ed disposeu d&#8217;una proposta de redactat:<\/strong><\/p>\n<blockquote><p>El Centre\/Consell Escolar de &#8230;&#8230;&#8230;&#8230;&#8230;&#8230;&#8230;&#8230; volem manifestar-vos que rebutgem la pres\u00e8ncia de l&#8217;ex\u00e8rcit al Sal\u00f3 de l&#8217;Ensenyament de Barcelona, un espai educatiu i de formaci\u00f3 que no li \u00e9s propi. No compartim que allistar-se a l&#8217;ex\u00e8rcit tingui un valor educatiu ni sigui una sortida professional pel nostre alumnat. Ans el contrari, promou els valors de la guerra en oposici\u00f3 als de la conviv\u00e8ncia i la cultura de la pau que treballem quotidianament al nostre centre.<\/p>\n<p>Les armes no eduquen, les armes maten. Per tots aquests motius, us emplacem a no permetre la seva pres\u00e8ncia el mes de mar\u00e7 vinent.<\/p><\/blockquote>\n<p>Tamb\u00e9 podeu fer difusi\u00f3 del cartell de la campanya &#8220;En sereu c\u00f2mplices un any m\u00e9s? Fora l&#8217;ex\u00e8rcit del Sal\u00f3 de l&#8217;Ensenyament&#8221; que acompanya aquest post.<\/p>\n<p>I amb el vostre alumnat podeu treballar aquest excel\u00b7lent document:\u00a0<a href=\"http:\/\/mailtrain.sindicat.net\/links\/SJQYG11V4\/Skw-942Az\/HkHLoZn9RX\/H1-crHkyV4\" target=\"_blank\" rel=\"noopener\" data-saferedirecturl=\"https:\/\/www.google.com\/url?q=http:\/\/mailtrain.sindicat.net\/links\/SJQYG11V4\/Skw-942Az\/HkHLoZn9RX\/H1-crHkyV4&amp;source=gmail&amp;ust=1548935783143000&amp;usg=AFQjCNEnU0U3ySnpno8lrGckHuic4wz7AA\">l&#8217;Eina<\/a>\u00a0en el qu\u00e8 es prioritza el treball dels moviments socials i civils de resist\u00e8ncia no-violenta, pel foment de la pau, del respecte i la conviv\u00e8ncia i la resoluci\u00f3 no-violenta dels conflictes.<\/p>\n","protected":false},"excerpt":{"rendered":"","protected":false},"author":1,"featured_media":15128,"comment_status":"open","ping_status":"closed","sticky":false,"template":"","format":"standard","meta":{"_bbp_topic_count":0,"_bbp_reply_count":0,"_bbp_total_topic_count":0,"_bbp_total_reply_count":0,"_bbp_voice_count":0,"_bbp_anonymous_reply_count":0,"_bbp_topic_count_hidden":0,"_bbp_reply_count_hidden":0,"_bbp_forum_subforum_count":0,"site-sidebar-layout":"default","site-content-layout":"","ast-site-content-layout":"","site-content-style":"default","site-sidebar-style":"default","ast-global-header-display":"","ast-banner-title-visibility":"","ast-main-header-display":"","ast-hfb-above-header-display":"","ast-hfb-below-header-display":"","ast-hfb-mobile-header-display":"","site-post-title":"","ast-breadcrumbs-content":"","ast-featured-img":"","footer-sml-layout":"","theme-transparent-header-meta":"","adv-header-id-meta":"","stick-header-meta":"","header-above-stick-meta":"","header-main-stick-meta":"","header-below-stick-meta":"","astra-migrate-meta-layouts":"default","ast-page-background-enabled":"default","ast-page-background-meta":{"desktop":{"background-color":"var(--ast-global-color-4)","background-image":"","background-repeat":"repeat","background-position":"center center","background-size":"auto","background-attachment":"scroll","background-type":"","background-media":"","overlay-type":"","overlay-color":"","overlay-opacity":"","overlay-gradient":""},"tablet":{"background-color":"","background-image":"","background-repeat":"repeat","background-position":"center center","background-size":"auto","background-attachment":"scroll","background-type":"","background-media":"","overlay-type":"","overlay-color":"","overlay-opacity":"","overlay-gradient":""},"mobile":{"background-color":"","background-image":"","background-repeat":"repeat","background-position":"center center","background-size":"auto","background-attachment":"scroll","background-type":"","background-media":"","overlay-type":"","overlay-color":"","overlay-opacity":"","overlay-gradient":""}},"ast-content-background-meta":{"desktop":{"background-color":"var(--ast-global-color-5)","background-image":"","background-repeat":"repeat","background-position":"center center","background-size":"auto","background-attachment":"scroll","background-type":"","background-media":"","overlay-type":"","overlay-color":"","overlay-opacity":"","overlay-gradient":""},"tablet":{"background-color":"var(--ast-global-color-5)","background-image":"","background-repeat":"repeat","background-position":"center center","background-size":"auto","background-attachment":"scroll","background-type":"","background-media":"","overlay-type":"","overlay-color":"","overlay-opacity":"","overlay-gradient":""},"mobile":{"background-color":"var(--ast-global-color-5)","background-image":"","background-repeat":"repeat","background-position":"center center","background-size":"auto","background-attachment":"scroll","background-type":"","background-media":"","overlay-type":"","overlay-color":"","overlay-opacity":"","overlay-gradient":""}},"footnotes":""},"categories":[64,29],"tags":[1972,1795,1778,806,939],"class_list":["post-15127","post","type-post","status-publish","format-standard","has-post-thumbnail","hentry","category-comunitat","category-se-baixllobregat6","tag-cooperacio-internacional","tag-educacio-per-la-pau","tag-pacifisme","tag-pau","tag-solidaritat"],"post_mailing_queue_ids":[],"_links":{"self":[{"href":"https:\/\/serveiseducatius.xtec.cat\/baixllobregat6\/wp-json\/wp\/v2\/posts\/15127","targetHints":{"allow":["GET"]}}],"collection":[{"href":"https:\/\/serveiseducatius.xtec.cat\/baixllobregat6\/wp-json\/wp\/v2\/posts"}],"about":[{"href":"https:\/\/serveiseducatius.xtec.cat\/baixllobregat6\/wp-json\/wp\/v2\/types\/post"}],"author":[{"embeddable":true,"href":"https:\/\/serveiseducatius.xtec.cat\/baixllobregat6\/wp-json\/wp\/v2\/users\/1"}],"replies":[{"embeddable":true,"href":"https:\/\/serveiseducatius.xtec.cat\/baixllobregat6\/wp-json\/wp\/v2\/comments?post=15127"}],"version-history":[{"count":2,"href":"https:\/\/serveiseducatius.xtec.cat\/baixllobregat6\/wp-json\/wp\/v2\/posts\/15127\/revisions"}],"predecessor-version":[{"id":15130,"href":"https:\/\/serveiseducatius.xtec.cat\/baixllobregat6\/wp-json\/wp\/v2\/posts\/15127\/revisions\/15130"}],"wp:featuredmedia":[{"embeddable":true,"href":"https:\/\/serveiseducatius.xtec.cat\/baixllobregat6\/wp-json\/wp\/v2\/media\/15128"}],"wp:attachment":[{"href":"https:\/\/serveiseducatius.xtec.cat\/baixllobregat6\/wp-json\/wp\/v2\/media?parent=15127"}],"wp:term":[{"taxonomy":"category","embeddable":true,"href":"https:\/\/serveiseducatius.xtec.cat\/baixllobregat6\/wp-json\/wp\/v2\/categories?post=15127"},{"taxonomy":"post_tag","embeddable":true,"href":"https:\/\/serveiseducatius.xtec.cat\/baixllobregat6\/wp-json\/wp\/v2\/tags?post=15127"}],"curies":[{"name":"wp","href":"https:\/\/api.w.org\/{rel}","templated":true}]}}