{"id":14595,"date":"2018-11-05T15:31:42","date_gmt":"2018-11-05T14:31:42","guid":{"rendered":"http:\/\/serveiseducatius.xtec.cat\/baixllobregat6\/?p=14595"},"modified":"2018-11-13T18:56:57","modified_gmt":"2018-11-13T17:56:57","slug":"lescola-nova-de-cervello-presentara-una-experiencia-a-la-xxi-trobada-de-presentacio-dexperiencies-daplicacio-de-la-pedagogia-sistemica","status":"publish","type":"post","link":"https:\/\/serveiseducatius.xtec.cat\/baixllobregat6\/se-baixllobregat6\/lescola-nova-de-cervello-presentara-una-experiencia-a-la-xxi-trobada-de-presentacio-dexperiencies-daplicacio-de-la-pedagogia-sistemica\/","title":{"rendered":"L&#8217;Escola Nova de Cervell\u00f3 exposar\u00e0 una experi\u00e8ncia a la XXI Trobada de Presentaci\u00f3 d&#8217;Experi\u00e8ncies d&#8217;aplicaci\u00f3 de la Pedagogia Sist\u00e8mica"},"content":{"rendered":"<p><img loading=\"lazy\" decoding=\"async\" class=\"aligncenter size-medium wp-image-14596\" src=\"https:\/\/serveiseducatius.xtec.cat\/baixllobregat6\/wp-content\/uploads\/usu778\/2018\/11\/Captura-de-pantalla-2018-11-05-a-les-15.16.23-520x310.png\" alt=\"\" width=\"520\" height=\"310\" srcset=\"https:\/\/serveiseducatius.xtec.cat\/baixllobregat6\/wp-content\/uploads\/usu778\/2018\/11\/Captura-de-pantalla-2018-11-05-a-les-15.16.23-520x310.png 520w, https:\/\/serveiseducatius.xtec.cat\/baixllobregat6\/wp-content\/uploads\/usu778\/2018\/11\/Captura-de-pantalla-2018-11-05-a-les-15.16.23-768x458.png 768w, https:\/\/serveiseducatius.xtec.cat\/baixllobregat6\/wp-content\/uploads\/usu778\/2018\/11\/Captura-de-pantalla-2018-11-05-a-les-15.16.23.png 862w\" sizes=\"auto, (max-width: 520px) 100vw, 520px\" \/><\/p>\n<p>L&#8217;objectiu d&#8217;aquestes trobades organitzades per l&#8217;Institut de Ci\u00e8ncies de l&#8217;Educaci\u00f3 de la Universitat Aut\u00f2noma de Barcelona, \u00e9s donar a con\u00e8ixer experi\u00e8ncies d&#8217;aplicaci\u00f3 de la Pedagogia Sist\u00e8mica, que s\u2019estan duent a terme a les diferents etapes i contextos educatius del nostre pa\u00eds, aix\u00ed com des d\u2019altres contexts professionals, com ho \u00e9s especialment el social, amb la voluntat que totes les persones que estan treballant des d\u2019aquesta perspectiva, trobin un recolzament vivencial a les seves pr\u00e0ctiques pedag\u00f2giques i\/o d\u2019acompanyament, i que les persones que s&#8217;interessen en con\u00e8ixer aquesta proposta trobin un espai on poder-s\u2019hi posar en contacte.<\/p>\n<p><!--more--><\/p>\n<p><em><strong>Les arrels de les papallones prenen el vol,<\/strong><\/em> a c\u00e0rrec de <strong>M\u00edriam P\u00e9rez Amatriaim<\/strong>, mestra d&#8217;educaci\u00f3 infantil i directora de l&#8217;Escola Nova de Cervell\u00f3. Formada en Pedagogia Sist\u00e8mica, entre d&#8217;altres, apassionada pel m\u00f3n creatiu, n\u00e9ta, filla i mare; i d&#8217;<strong>Elisa Tauste Heredia<\/strong>, mestra d&#8217;educaci\u00f3 f\u00edsica i prim\u00e0ria, i cap d&#8217;estudis de la mateixa escola, formada en Pedagogia Sist\u00e8mica, entre d&#8217;altres tamb\u00e9; esportista i una apassionada del m\u00f3n de les emocions i de l\u2019escolta.<\/p>\n<div>\n<p>Aquest projecte sorgeix arran de la primera promoci\u00f3 de l&#8217;escola que va fer 6\u00e8, degut als neguits i a les pors que els alumnes manifestaven a l&#8217;hora d&#8217;encarar el canvi d&#8217;etapa, i poc a poc s&#8217;ha anat generant un fil conductor que engloba a tota la comunitat educativa. A l&#8217;Escola Nova ha nascut un arbre gegant que permet arrelar-se, vincular-se i finalment acomiadar-se i volar cap a la vida. Es d\u00f3na en un espai respectu\u00f3s, de transformaci\u00f3 per a petits i grans, que ens permet cr\u00e9ixer per prendre el vol amb llibertat. Aquest arbre, doncs, batega al comp\u00e0s dels nens i nenes de l&#8217;escola, i els adults ballem i acompanyem aquest creixement juntament amb ells i les seves fam\u00edlies. \u00c9s una activitat adre\u00e7ada a tota la comunitat educativa del centre.<\/p>\n<p>|<a href=\"https:\/\/www.uab.cat\/web\/formacio\/formacio-permanent-professorat-no-universitari\/xxi-trobada-de-presentacio-d-experiencies-d-aplicacio-de-la-pedagogia-sistemica-1345773993043.html\" target=\"_blank\" rel=\"noopener\">M\u00c9S INFO SOBRE LA TROBADA<\/a>|<\/p>\n<\/div>\n","protected":false},"excerpt":{"rendered":"<p>L&#8217;objectiu d&#8217;aquestes trobades organitzades per l&#8217;Institut de Ci\u00e8ncies de l&#8217;Educaci\u00f3 de la Universitat Aut\u00f2noma de Barcelona, \u00e9s donar a con\u00e8ixer experi\u00e8ncies d&#8217;aplicaci\u00f3 de la Pedagogia Sist\u00e8mica, que s\u2019estan duent a terme a les diferents etapes i contextos educatius del nostre pa\u00eds, aix\u00ed com des d\u2019altres contexts professionals, com ho \u00e9s especialment el social, amb la [&hellip;]<\/p>\n","protected":false},"author":1,"featured_media":14596,"comment_status":"open","ping_status":"closed","sticky":false,"template":"","format":"standard","meta":{"_bbp_topic_count":0,"_bbp_reply_count":0,"_bbp_total_topic_count":0,"_bbp_total_reply_count":0,"_bbp_voice_count":0,"_bbp_anonymous_reply_count":0,"_bbp_topic_count_hidden":0,"_bbp_reply_count_hidden":0,"_bbp_forum_subforum_count":0,"site-sidebar-layout":"default","site-content-layout":"","ast-site-content-layout":"","site-content-style":"default","site-sidebar-style":"default","ast-global-header-display":"","ast-banner-title-visibility":"","ast-main-header-display":"","ast-hfb-above-header-display":"","ast-hfb-below-header-display":"","ast-hfb-mobile-header-display":"","site-post-title":"","ast-breadcrumbs-content":"","ast-featured-img":"","footer-sml-layout":"","theme-transparent-header-meta":"","adv-header-id-meta":"","stick-header-meta":"","header-above-stick-meta":"","header-main-stick-meta":"","header-below-stick-meta":"","astra-migrate-meta-layouts":"default","ast-page-background-enabled":"default","ast-page-background-meta":{"desktop":{"background-color":"var(--ast-global-color-4)","background-image":"","background-repeat":"repeat","background-position":"center center","background-size":"auto","background-attachment":"scroll","background-type":"","background-media":"","overlay-type":"","overlay-color":"","overlay-opacity":"","overlay-gradient":""},"tablet":{"background-color":"","background-image":"","background-repeat":"repeat","background-position":"center center","background-size":"auto","background-attachment":"scroll","background-type":"","background-media":"","overlay-type":"","overlay-color":"","overlay-opacity":"","overlay-gradient":""},"mobile":{"background-color":"","background-image":"","background-repeat":"repeat","background-position":"center center","background-size":"auto","background-attachment":"scroll","background-type":"","background-media":"","overlay-type":"","overlay-color":"","overlay-opacity":"","overlay-gradient":""}},"ast-content-background-meta":{"desktop":{"background-color":"var(--ast-global-color-5)","background-image":"","background-repeat":"repeat","background-position":"center center","background-size":"auto","background-attachment":"scroll","background-type":"","background-media":"","overlay-type":"","overlay-color":"","overlay-opacity":"","overlay-gradient":""},"tablet":{"background-color":"var(--ast-global-color-5)","background-image":"","background-repeat":"repeat","background-position":"center center","background-size":"auto","background-attachment":"scroll","background-type":"","background-media":"","overlay-type":"","overlay-color":"","overlay-opacity":"","overlay-gradient":""},"mobile":{"background-color":"var(--ast-global-color-5)","background-image":"","background-repeat":"repeat","background-position":"center center","background-size":"auto","background-attachment":"scroll","background-type":"","background-media":"","overlay-type":"","overlay-color":"","overlay-opacity":"","overlay-gradient":""}},"footnotes":""},"categories":[1036,29],"tags":[220,308,439,446,503,2057,854,2058],"class_list":["post-14595","post","type-post","status-publish","format-standard","has-post-thumbnail","hentry","category-activitat-dels-centres","category-se-baixllobregat6","tag-alumnat","tag-cervello","tag-educacio-infantil","tag-educacio-primaria","tag-escola-nova","tag-pedagogia-sistemica","tag-professorat","tag-universitat-autonoma-de-barcelona"],"post_mailing_queue_ids":[],"_links":{"self":[{"href":"https:\/\/serveiseducatius.xtec.cat\/baixllobregat6\/wp-json\/wp\/v2\/posts\/14595","targetHints":{"allow":["GET"]}}],"collection":[{"href":"https:\/\/serveiseducatius.xtec.cat\/baixllobregat6\/wp-json\/wp\/v2\/posts"}],"about":[{"href":"https:\/\/serveiseducatius.xtec.cat\/baixllobregat6\/wp-json\/wp\/v2\/types\/post"}],"author":[{"embeddable":true,"href":"https:\/\/serveiseducatius.xtec.cat\/baixllobregat6\/wp-json\/wp\/v2\/users\/1"}],"replies":[{"embeddable":true,"href":"https:\/\/serveiseducatius.xtec.cat\/baixllobregat6\/wp-json\/wp\/v2\/comments?post=14595"}],"version-history":[{"count":3,"href":"https:\/\/serveiseducatius.xtec.cat\/baixllobregat6\/wp-json\/wp\/v2\/posts\/14595\/revisions"}],"predecessor-version":[{"id":14676,"href":"https:\/\/serveiseducatius.xtec.cat\/baixllobregat6\/wp-json\/wp\/v2\/posts\/14595\/revisions\/14676"}],"wp:featuredmedia":[{"embeddable":true,"href":"https:\/\/serveiseducatius.xtec.cat\/baixllobregat6\/wp-json\/wp\/v2\/media\/14596"}],"wp:attachment":[{"href":"https:\/\/serveiseducatius.xtec.cat\/baixllobregat6\/wp-json\/wp\/v2\/media?parent=14595"}],"wp:term":[{"taxonomy":"category","embeddable":true,"href":"https:\/\/serveiseducatius.xtec.cat\/baixllobregat6\/wp-json\/wp\/v2\/categories?post=14595"},{"taxonomy":"post_tag","embeddable":true,"href":"https:\/\/serveiseducatius.xtec.cat\/baixllobregat6\/wp-json\/wp\/v2\/tags?post=14595"}],"curies":[{"name":"wp","href":"https:\/\/api.w.org\/{rel}","templated":true}]}}