{"id":1447,"date":"2010-09-08T15:37:30","date_gmt":"2010-09-08T14:37:30","guid":{"rendered":"http:\/\/www.reporteducacio.cat\/?p=1447"},"modified":"2015-12-24T13:17:07","modified_gmt":"2015-12-24T12:17:07","slug":"el-que-cal-saber-sobre-la-nostra-cultura","status":"publish","type":"post","link":"https:\/\/serveiseducatius.xtec.cat\/baixllobregat6\/recursos\/recursos-en-linia\/el-que-cal-saber-sobre-la-nostra-cultura\/","title":{"rendered":"El qu\u00e8 cal saber sobre la nostra Cultura"},"content":{"rendered":"<p><a href=\"http:\/\/serveiseducatius.xtec.cat\/se-baixllobregat6\/wp-content\/uploads\/usu778\/2010\/09\/icoculturcat.png\"><img loading=\"lazy\" decoding=\"async\" class=\"alignleft size-full wp-image-1448\" title=\"icoculturcat\" src=\"http:\/\/serveiseducatius.xtec.cat\/se-baixllobregat6\/wp-content\/uploads\/usu778\/2010\/09\/icoculturcat.png\" alt=\"\" width=\"336\" height=\"181\" srcset=\"https:\/\/serveiseducatius.xtec.cat\/baixllobregat6\/wp-content\/uploads\/usu778\/2010\/09\/icoculturcat.png 520w, https:\/\/serveiseducatius.xtec.cat\/baixllobregat6\/wp-content\/uploads\/usu778\/2010\/09\/icoculturcat-300x162.png 300w\" sizes=\"auto, (max-width: 336px) 100vw, 336px\" \/><\/a>En aquest portal hi trobareu tot el que cal saber sobre la cultura catalana. No \u00e9s un portal exhaustiu, per\u00f2 cont\u00e9 all\u00f2 que els comit\u00e8s d\u2019experts consultats han considerat com a conceptes b\u00e0sics i necessaris per con\u00e8ixer la cultura catalana en la seva globalitat, i amb tot el rigor.<\/p>\n<p>El web planteja tres maneres d\u2019accedir a la informaci\u00f3. L\u2019usuari pot escollir un article a trav\u00e9s d\u2019una de les imatges de l\u2019anell oscil\u00b7latori.<\/p>\n<p>Tamb\u00e9 pot clicar sobre un segle concret i obtenir tota la informaci\u00f3 cultural vinculada al per\u00edode temporal escollit o pot optar per fer una cerca concreta a trav\u00e9s del cercador.<\/p>\n<p>El cercador d\u2019aquest web contextualitza la informaci\u00f3 en diversos \u00e0mbits de la cultura, de manera que l\u2019usuari rep informaci\u00f3 no nom\u00e9s sobre el concepte buscat, sin\u00f3 tamb\u00e9 sobre conceptes que estan vinculats d\u2019alguna manera a la cerca principal.<\/p>\n<p>|<a href=\"http:\/\/www.culturcat.cat\" target=\"_blank\">ACC\u00c9S<\/a>|<\/p>\n","protected":false},"excerpt":{"rendered":"<p>En aquest portal hi trobareu tot el que cal saber sobre la cultura catalana. No \u00e9s un portal exhaustiu, per\u00f2 cont\u00e9 all\u00f2 que els comit\u00e8s d\u2019experts consultats han considerat com a conceptes b\u00e0sics i necessaris per con\u00e8ixer la cultura catalana en la seva globalitat, i amb tot el rigor. El web planteja tres maneres d\u2019accedir [&hellip;]<\/p>\n","protected":false},"author":1,"featured_media":0,"comment_status":"open","ping_status":"open","sticky":false,"template":"","format":"standard","meta":{"_bbp_topic_count":0,"_bbp_reply_count":0,"_bbp_total_topic_count":0,"_bbp_total_reply_count":0,"_bbp_voice_count":0,"_bbp_anonymous_reply_count":0,"_bbp_topic_count_hidden":0,"_bbp_reply_count_hidden":0,"_bbp_forum_subforum_count":0,"site-sidebar-layout":"default","site-content-layout":"","ast-site-content-layout":"","site-content-style":"default","site-sidebar-style":"default","ast-global-header-display":"","ast-banner-title-visibility":"","ast-main-header-display":"","ast-hfb-above-header-display":"","ast-hfb-below-header-display":"","ast-hfb-mobile-header-display":"","site-post-title":"","ast-breadcrumbs-content":"","ast-featured-img":"","footer-sml-layout":"","theme-transparent-header-meta":"","adv-header-id-meta":"","stick-header-meta":"","header-above-stick-meta":"","header-main-stick-meta":"","header-below-stick-meta":"","astra-migrate-meta-layouts":"default","ast-page-background-enabled":"default","ast-page-background-meta":{"desktop":{"background-color":"var(--ast-global-color-4)","background-image":"","background-repeat":"repeat","background-position":"center center","background-size":"auto","background-attachment":"scroll","background-type":"","background-media":"","overlay-type":"","overlay-color":"","overlay-opacity":"","overlay-gradient":""},"tablet":{"background-color":"","background-image":"","background-repeat":"repeat","background-position":"center center","background-size":"auto","background-attachment":"scroll","background-type":"","background-media":"","overlay-type":"","overlay-color":"","overlay-opacity":"","overlay-gradient":""},"mobile":{"background-color":"","background-image":"","background-repeat":"repeat","background-position":"center center","background-size":"auto","background-attachment":"scroll","background-type":"","background-media":"","overlay-type":"","overlay-color":"","overlay-opacity":"","overlay-gradient":""}},"ast-content-background-meta":{"desktop":{"background-color":"var(--ast-global-color-5)","background-image":"","background-repeat":"repeat","background-position":"center center","background-size":"auto","background-attachment":"scroll","background-type":"","background-media":"","overlay-type":"","overlay-color":"","overlay-opacity":"","overlay-gradient":""},"tablet":{"background-color":"var(--ast-global-color-5)","background-image":"","background-repeat":"repeat","background-position":"center center","background-size":"auto","background-attachment":"scroll","background-type":"","background-media":"","overlay-type":"","overlay-color":"","overlay-opacity":"","overlay-gradient":""},"mobile":{"background-color":"var(--ast-global-color-5)","background-image":"","background-repeat":"repeat","background-position":"center center","background-size":"auto","background-attachment":"scroll","background-type":"","background-media":"","overlay-type":"","overlay-color":"","overlay-opacity":"","overlay-gradient":""}},"footnotes":""},"categories":[1025],"tags":[297,377,597,700],"class_list":["post-1447","post","type-post","status-publish","format-standard","hentry","category-recursos-en-linia","tag-catalunya","tag-cultura","tag-historia","tag-llengua"],"post_mailing_queue_ids":[],"_links":{"self":[{"href":"https:\/\/serveiseducatius.xtec.cat\/baixllobregat6\/wp-json\/wp\/v2\/posts\/1447","targetHints":{"allow":["GET"]}}],"collection":[{"href":"https:\/\/serveiseducatius.xtec.cat\/baixllobregat6\/wp-json\/wp\/v2\/posts"}],"about":[{"href":"https:\/\/serveiseducatius.xtec.cat\/baixllobregat6\/wp-json\/wp\/v2\/types\/post"}],"author":[{"embeddable":true,"href":"https:\/\/serveiseducatius.xtec.cat\/baixllobregat6\/wp-json\/wp\/v2\/users\/1"}],"replies":[{"embeddable":true,"href":"https:\/\/serveiseducatius.xtec.cat\/baixllobregat6\/wp-json\/wp\/v2\/comments?post=1447"}],"version-history":[{"count":1,"href":"https:\/\/serveiseducatius.xtec.cat\/baixllobregat6\/wp-json\/wp\/v2\/posts\/1447\/revisions"}],"predecessor-version":[{"id":6284,"href":"https:\/\/serveiseducatius.xtec.cat\/baixllobregat6\/wp-json\/wp\/v2\/posts\/1447\/revisions\/6284"}],"wp:attachment":[{"href":"https:\/\/serveiseducatius.xtec.cat\/baixllobregat6\/wp-json\/wp\/v2\/media?parent=1447"}],"wp:term":[{"taxonomy":"category","embeddable":true,"href":"https:\/\/serveiseducatius.xtec.cat\/baixllobregat6\/wp-json\/wp\/v2\/categories?post=1447"},{"taxonomy":"post_tag","embeddable":true,"href":"https:\/\/serveiseducatius.xtec.cat\/baixllobregat6\/wp-json\/wp\/v2\/tags?post=1447"}],"curies":[{"name":"wp","href":"https:\/\/api.w.org\/{rel}","templated":true}]}}