{"id":14468,"date":"2018-10-11T15:50:40","date_gmt":"2018-10-11T13:50:40","guid":{"rendered":"http:\/\/serveiseducatius.xtec.cat\/baixllobregat6\/?p=14468"},"modified":"2018-10-11T15:52:20","modified_gmt":"2018-10-11T13:52:20","slug":"un-documental-sobre-lautisme-a-catalunya-dimarts-16-doctubre-a-les-2155h-a-tv3","status":"publish","type":"post","link":"https:\/\/serveiseducatius.xtec.cat\/baixllobregat6\/se-baixllobregat6\/un-documental-sobre-lautisme-a-catalunya-dimarts-16-doctubre-a-les-2155h-a-tv3\/","title":{"rendered":"Un documental sobre l&#8217;autisme a Catalunya (Dimarts, 16 d&#8217;octubre, a les 21:55h a TV3)"},"content":{"rendered":"<p><img loading=\"lazy\" decoding=\"async\" class=\"alignleft wp-image-14469 size-full\" src=\"https:\/\/serveiseducatius.xtec.cat\/baixllobregat6\/wp-content\/uploads\/usu778\/2018\/10\/cartell-documental-peixos-aigua-dolc\u0327a-tea.jpg\" alt=\"\" width=\"454\" height=\"650\" srcset=\"https:\/\/serveiseducatius.xtec.cat\/baixllobregat6\/wp-content\/uploads\/usu778\/2018\/10\/cartell-documental-peixos-aigua-dolc\u0327a-tea.jpg 454w, https:\/\/serveiseducatius.xtec.cat\/baixllobregat6\/wp-content\/uploads\/usu778\/2018\/10\/cartell-documental-peixos-aigua-dolc\u0327a-tea-363x520.jpg 363w\" sizes=\"auto, (max-width: 454px) 100vw, 454px\" \/><!--more--><\/p>\n<p>La prevalen\u00e7a del Trastorn de l&#8217;Espectre de l&#8217;Autisme (TEA) \u00e9s cada vegada m\u00e9s alta. A Europa es diagnostica a una de cada 100 persones i als Estats Units, a 1 de cada 59. Malgrat aix\u00f2, encara se&#8217;n desconeixen les causes i segueix sent motiu d&#8217;estigma i incomprensi\u00f3. El documental &#8220;Peixos d&#8217;aigua dol\u00e7a (en aigua salada)&#8221; retrata la situaci\u00f3 de les persones amb autisme a Catalunya a partir de seguir el dia a dia del Marc, de 10 anys, la Mariona, de 23, i les seves fam\u00edlies.<\/p>\n<p>En el treball participen alguns dels millors especialistes del pa\u00eds com Amaia Herv\u00e1s (M\u00fatua de Terrassa), Rosa Calvo (Hospital Cl\u00ednic), Mario Montero (C\u00e0tedra d&#8217;Autisme de la Universitat de Girona) i Mar\u00eda D\u00edez-Juan (Hospital Sant Joan de D\u00e9u). Es tracta d&#8217;una reflexi\u00f3 sobre quina resposta es dona des de les escoles, centres de salut i des del m\u00f3n laboral, on la taxa de desocupaci\u00f3 \u00e9s del 85%.<\/p>\n<p>Rodat a Barcelona, el Vall\u00e8s i el Pla de l&#8217;Estany, el documental est\u00e0 dirigit per Marc Serena i Biel Mauri. &#8220;L&#8217;objectiu \u0096segons Mauri\u0096 \u00e9s explicar que, darrere d&#8217;aquesta etiqueta, s&#8217;hi amaguen grans persones que nom\u00e9s cal saber veure.&#8221;<\/p>\n<blockquote>\n<h5><strong>El documental el podreu veure a la Televisi\u00f3 de Catalunya (TV3) el dimats 16 d&#8217;octubre a les 21:55h.<\/strong><\/h5>\n<\/blockquote>\n<p>&#8220;S\u00f3n peixos d&#8217;aigua dol\u00e7a en aigua salada&#8221;, diu per referir-s&#8217;hi Isabel Paula, directora del Postgrau &#8220;Autisme: diagn\u00f2stic i Intervenci\u00f3&#8221; de la Universitat de Barcelona.<\/p>\n<p>&nbsp;<\/p>\n<p><center><iframe loading=\"lazy\" src=\"https:\/\/www.youtube.com\/embed\/mZq7FALQ3G0\" width=\"560\" height=\"315\" frameborder=\"0\" allowfullscreen=\"allowfullscreen\" data-mce-fragment=\"1\"><\/iframe><\/center>&nbsp;<\/p>\n<p>&#8220;Peixos d&#8217;aigua dol\u00e7a (en aigua salada)&#8221; ha estat produ\u00eft per la\u00a0<strong><a href=\"http:\/\/www.fecaa.cat\/\">Federaci\u00f3 Catalana d&#8217;Autisme<\/a><\/strong>, que reuneix un miler de fam\u00edlies i 14 associacions.<\/p>\n<p>&nbsp;<\/p>\n<p><strong>L&#8217;autisme<\/strong><\/p>\n<p>Autisme o Asperger s\u00f3n termes gen\u00e8rics que s&#8217;utilitzen per fer refer\u00e8ncia als Trastorns de l&#8217;Espectre Autista (TEA). Diagnosticats per primera per primera vegada el 1938, s\u00f3n un conjunt d&#8217;alteracions que afecten el neurodesenvolupament infantil i que no tenen un origen com\u00fa, tot i que la gen\u00e8tica provoca el 30% dels casos.<\/p>\n<p>El diagn\u00f2stic es pot fer als primers anys de vida, per b\u00e9 que no existeixen an\u00e0lisis de sang o indicadors biol\u00f2gics que el validin. A Catalunya, aquest diagn\u00f2stic se sol fer amb retard de tres o quatre anys, malgrat que amb una intervenci\u00f3 primerenca se&#8217;n podrien minimitzar els efectes.<\/p>\n<p>La prevalen\u00e7a \u00e9s quatre vegades m\u00e9s alta en homes que en dones, tot i que els \u00faltims estudis alerten que podria ser perqu\u00e8 les dones estiguessin infradiagnosticades.<\/p>\n<p>&nbsp;<\/p>\n<p><strong><a href=\"http:\/\/www.fecaa.cat\/noticies_detall.php?id=183\">Projeccions<\/a><\/strong><\/p>\n<p>El dijous 4 d&#8217;octubre, el documental es preestrena a Barcelona en el Vall d&#8217;Hebron Barcelona Hospital Campus (Sala d&#8217;actes Pavell\u00f3 docent),\u00a0 a les 18.30. Comptar\u00e0 amb l&#8217;assist\u00e8ncia de\u00a0<strong>Montse Armengou<\/strong>, directora del programa de TV3 &#8220;Sense ficci\u00f3&#8221;,\u00a0<strong>Biel Mauri i Marc Serena<\/strong>, els directors del documental,\u00a0<strong>Mariona L\u00f3pez<\/strong>, una de les protagonistes i\u00a0<strong>Joan Montserrat<\/strong>, pare del Marc, un altre dels protagonistes. L&#8217;entrada \u00e9s gratu\u00efta.<\/p>\n<p>Posteriorment, el documental es preestrenar\u00e0 a Deltebre (6 d&#8217;octubre), Manresa (9 d&#8217;octubre) i Terrassa (15 d&#8217;octubre).<\/p>\n<p>&nbsp;<\/p>\n<p><strong>Festivals<\/strong><\/p>\n<p>El documental ha estat guardonat amb el premi del p\u00fablic del\u00a0<a href=\"https:\/\/www.aneccullera.org\/documents\/palmares.pdf\">Festival de Cinema sobre Discapacitat &#8220;ANEC&#8221;<\/a>\u00a0de Cullera (Ribera Baixa) i una menci\u00f3 especial per a una de les protagonistes, Mariona L\u00f3pez, en el Festival de Cinema de Girona. Pr\u00f2ximament, formar\u00e0 part de la selecci\u00f3 oficial del 5\u00e8\u00a0<a href=\"http:\/\/www.festivalgollut.com\/index.php\/es\/obras-seleccionadas\">Festival Gollut<\/a>, la mostra de cinema comprom\u00e8s, medi ambient, muntanya i fotoperiodisme de Ribes de Freser.<\/p>\n<p>&nbsp;<\/p>\n<blockquote>\n<p align=\"right\"><em>&#8220;La meva mare volia que fos normal i jo vaig deixar clar que era impossible, que nom\u00e9s podia ser jo mateixa.&#8221;<br \/>\nMariona<\/em><\/p>\n<p>&#8220;L&#8217;autisme no es pot curar. Pensar que \u00e9s possible \u00e9s l&#8217;inici d&#8217;un gran desastre.&#8221;<br \/>\nIsabel Paula, Universitat de Barcelona<\/p>\n<p>&#8220;No s\u00f3n persones malaltes, s\u00f3n aix\u00ed. Per aix\u00f2 es parla de neurodiversitat.&#8221;<br \/>\nAmaia Herv\u00e1s, M\u00fatua de Terrassa<\/p>\n<p>&#8220;A les escoles falten recursos i formaci\u00f3 dels professionals.&#8221;<br \/>\nBibiana, mare del Marc<\/p>\n<p>&#8220;Sense el suport d&#8217;administraci\u00f3, la teva vida es converteix en una pres\u00f3.&#8221;<br \/>\nNeus Payerol, Junts Autisme<\/p>\n<p>&#8220;Una bona part de les empreses que s&#8217;interessen per persones amb autisme o Asperger s\u00f3n les empreses tecnol\u00f2giques.&#8221; Francesc Sistach, Specialisterne<\/p>\n<p>&#8220;La majoria d&#8217;investigadors han de marxar a pa\u00efsos anglosaxons.&#8221;<br \/>\nMario Montero, C\u00e0tedra d&#8217;Autisme de la Universitat de Girona<\/p><\/blockquote>\n<p><em>\u00a0<\/em><\/p>\n<p><strong>Fitxa t\u00e8cnica<\/strong><br \/>\nUn documental de Biel Mauri i Marc Serena<br \/>\nProducci\u00f3: Federaci\u00f3 Catalana d&#8217;Autisme<br \/>\nEdici\u00f3: \u00d2scar Hernando<br \/>\nOperadors de c\u00e0mera: Biel Mauri, Nando Guti\u00e9rrez i Joan Giralt<br \/>\nSo directe: Marc Casademunt<br \/>\nAuxiliar de producci\u00f3: Sara Ros i Joan Giralt<br \/>\nGrafisme: Taller Estampa<br \/>\nDisseny musical: Xavi Salv\u00e0<br \/>\nPostproducci\u00f3 de so: Toni Barraseta<br \/>\nEtalonatge: Artic<\/p>\n<p>Una producci\u00f3 de la Federaci\u00f3 Catalana d&#8217;Autisme amb la col\u00b7laboraci\u00f3 de l&#8217;Obra Social &#8220;La Caixa&#8221; i la Generalitat de Catalunya i la participaci\u00f3 d&#8217;Asperger New Life, Associaci\u00f3 Aprenem Catalunya, Assotea, Ateate, Autisme amb futur, CRAB, COADI, CR TEA CC, Fundaci\u00f3 Autisme Mas Casadevall, TEA Sant Cugat, Junts Autisme, Teacci\u00f3 Terrassa-Viladecavalls, Univers \u00c0gatha, Viu Autisme i Xiprers Fundaci\u00f3.<\/p>\n","protected":false},"excerpt":{"rendered":"","protected":false},"author":1,"featured_media":14469,"comment_status":"open","ping_status":"closed","sticky":false,"template":"","format":"standard","meta":{"_bbp_topic_count":0,"_bbp_reply_count":0,"_bbp_total_topic_count":0,"_bbp_total_reply_count":0,"_bbp_voice_count":0,"_bbp_anonymous_reply_count":0,"_bbp_topic_count_hidden":0,"_bbp_reply_count_hidden":0,"_bbp_forum_subforum_count":0,"site-sidebar-layout":"default","site-content-layout":"","ast-site-content-layout":"","site-content-style":"default","site-sidebar-style":"default","ast-global-header-display":"","ast-banner-title-visibility":"","ast-main-header-display":"","ast-hfb-above-header-display":"","ast-hfb-below-header-display":"","ast-hfb-mobile-header-display":"","site-post-title":"","ast-breadcrumbs-content":"","ast-featured-img":"","footer-sml-layout":"","theme-transparent-header-meta":"","adv-header-id-meta":"","stick-header-meta":"","header-above-stick-meta":"","header-main-stick-meta":"","header-below-stick-meta":"","astra-migrate-meta-layouts":"default","ast-page-background-enabled":"default","ast-page-background-meta":{"desktop":{"background-color":"var(--ast-global-color-4)","background-image":"","background-repeat":"repeat","background-position":"center center","background-size":"auto","background-attachment":"scroll","background-type":"","background-media":"","overlay-type":"","overlay-color":"","overlay-opacity":"","overlay-gradient":""},"tablet":{"background-color":"","background-image":"","background-repeat":"repeat","background-position":"center center","background-size":"auto","background-attachment":"scroll","background-type":"","background-media":"","overlay-type":"","overlay-color":"","overlay-opacity":"","overlay-gradient":""},"mobile":{"background-color":"","background-image":"","background-repeat":"repeat","background-position":"center center","background-size":"auto","background-attachment":"scroll","background-type":"","background-media":"","overlay-type":"","overlay-color":"","overlay-opacity":"","overlay-gradient":""}},"ast-content-background-meta":{"desktop":{"background-color":"var(--ast-global-color-5)","background-image":"","background-repeat":"repeat","background-position":"center center","background-size":"auto","background-attachment":"scroll","background-type":"","background-media":"","overlay-type":"","overlay-color":"","overlay-opacity":"","overlay-gradient":""},"tablet":{"background-color":"var(--ast-global-color-5)","background-image":"","background-repeat":"repeat","background-position":"center center","background-size":"auto","background-attachment":"scroll","background-type":"","background-media":"","overlay-type":"","overlay-color":"","overlay-opacity":"","overlay-gradient":""},"mobile":{"background-color":"var(--ast-global-color-5)","background-image":"","background-repeat":"repeat","background-position":"center center","background-size":"auto","background-attachment":"scroll","background-type":"","background-media":"","overlay-type":"","overlay-color":"","overlay-opacity":"","overlay-gradient":""}},"footnotes":""},"categories":[1491,1040,67,29],"tags":[259,2049,410,2048],"class_list":["post-14468","post","type-post","status-publish","format-standard","has-post-thumbnail","hentry","category-autisme","category-diversitat-en-xarxa","category-eap","category-se-baixllobregat6","tag-autisme","tag-desocupacio","tag-diversitat","tag-tea"],"post_mailing_queue_ids":[],"_links":{"self":[{"href":"https:\/\/serveiseducatius.xtec.cat\/baixllobregat6\/wp-json\/wp\/v2\/posts\/14468","targetHints":{"allow":["GET"]}}],"collection":[{"href":"https:\/\/serveiseducatius.xtec.cat\/baixllobregat6\/wp-json\/wp\/v2\/posts"}],"about":[{"href":"https:\/\/serveiseducatius.xtec.cat\/baixllobregat6\/wp-json\/wp\/v2\/types\/post"}],"author":[{"embeddable":true,"href":"https:\/\/serveiseducatius.xtec.cat\/baixllobregat6\/wp-json\/wp\/v2\/users\/1"}],"replies":[{"embeddable":true,"href":"https:\/\/serveiseducatius.xtec.cat\/baixllobregat6\/wp-json\/wp\/v2\/comments?post=14468"}],"version-history":[{"count":3,"href":"https:\/\/serveiseducatius.xtec.cat\/baixllobregat6\/wp-json\/wp\/v2\/posts\/14468\/revisions"}],"predecessor-version":[{"id":14473,"href":"https:\/\/serveiseducatius.xtec.cat\/baixllobregat6\/wp-json\/wp\/v2\/posts\/14468\/revisions\/14473"}],"wp:featuredmedia":[{"embeddable":true,"href":"https:\/\/serveiseducatius.xtec.cat\/baixllobregat6\/wp-json\/wp\/v2\/media\/14469"}],"wp:attachment":[{"href":"https:\/\/serveiseducatius.xtec.cat\/baixllobregat6\/wp-json\/wp\/v2\/media?parent=14468"}],"wp:term":[{"taxonomy":"category","embeddable":true,"href":"https:\/\/serveiseducatius.xtec.cat\/baixllobregat6\/wp-json\/wp\/v2\/categories?post=14468"},{"taxonomy":"post_tag","embeddable":true,"href":"https:\/\/serveiseducatius.xtec.cat\/baixllobregat6\/wp-json\/wp\/v2\/tags?post=14468"}],"curies":[{"name":"wp","href":"https:\/\/api.w.org\/{rel}","templated":true}]}}