{"id":14351,"date":"2018-09-24T15:44:52","date_gmt":"2018-09-24T13:44:52","guid":{"rendered":"http:\/\/serveiseducatius.xtec.cat\/baixllobregat6\/?p=14351"},"modified":"2018-09-25T12:04:13","modified_gmt":"2018-09-25T10:04:13","slug":"a-lescola-fora-de-perill-recursos-educatius-de-la-unicef-sobre-pau-no-violencia-i-bon-tracte","status":"publish","type":"post","link":"https:\/\/serveiseducatius.xtec.cat\/baixllobregat6\/se-baixllobregat6\/a-lescola-fora-de-perill-recursos-educatius-de-la-unicef-sobre-pau-no-violencia-i-bon-tracte\/","title":{"rendered":"A l\u2019escola, fora de perill: recursos educatius de la @unicef sobre pau, no-viol\u00e8ncia i bon tracte"},"content":{"rendered":"<p><img loading=\"lazy\" decoding=\"async\" class=\"alignleft wp-image-14353 size-thumbnail\" src=\"http:\/\/serveiseducatius.xtec.cat\/baixllobregat6\/wp-content\/uploads\/usu778\/2018\/09\/unicef-educa-a-salvo-en-la-escuela-img-blog-top-UNO150817-Gilbertson-VII-photo-150x150.png\" alt=\"\" width=\"150\" height=\"150\" \/>Els materials educatius\u00a0<strong>\u201cA l\u2019escola, fora de perill. Aprenent en entorns protectors\u201d<\/strong>\u00a0contribueixen a abordar a les escoles la viol\u00e8ncia mitjan\u00e7ant l\u2019educaci\u00f3 en la pau, la no-viol\u00e8ncia i el bon tracte. L\u2019educaci\u00f3, particularment quan t\u00e9 un\u00a0<strong>enfocament de drets d\u2019inf\u00e0ncia, valors i ciutadania global<\/strong>, ens permet entendre els conflictes: la seva naturalesa, la seva evoluci\u00f3 i les estrat\u00e8gies de resoluci\u00f3 associades. Tamb\u00e9 contribueix a comprendre m\u00e9s b\u00e9 les emocions humanes, les expectatives, les relacions de poder i altres elements de les nostres relacions personals i socials.\u00a0<strong>El desenvolupament d\u2019aquestes compet\u00e8ncies \u00e9s clau al segle XXI.\u00a0<\/strong><!--more--><\/p>\n<p>A continuaci\u00f3 se us ofereix en l\u00ednia la consulta de la guia del curs 2018\/2019 per a, posteriorment, enlla\u00e7ar-vos directament a la p\u00e0gina de la Unicef on comptareu amb els diversos recursos did\u00e0ctics que ha preparat per aquest curs que acaba de comen\u00e7ar.<\/p>\n<p><iframe loading=\"lazy\" src=\"https:\/\/drive.google.com\/file\/d\/15YDsQ6bEt4eUpvobjjcHd8M4EVi7q01P\/preview\" width=\"800\" height=\"1000\"><span data-mce-type=\"bookmark\" style=\"display: inline-block; width: 0px; overflow: hidden; line-height: 0;\" class=\"mce_SELRES_start\">\ufeff<\/span><\/iframe><\/p>\n<h3>Els materials did\u00e0ctics<\/h3>\n<p>El conjunt de materials educatius per al curs 2018-2019 inclou la proposta de mobilitzaci\u00f3 escolar\u00a0<strong><a href=\"https:\/\/www.unicef.es\/cat\/educa\/bontracte\" target=\"_blank\" rel=\"noopener\">La vacuna del bon tracte<\/a><\/strong>\u00a0i els materials did\u00e0ctics seg\u00fcents:<\/p>\n<div class=\"row\">\n<div class=\"col-sm-4 no-padding-sides-xs\">\n<div class=\"row\">\n<div class=\"col-sm-12 no-padding-sides-xs\"><\/div>\n<\/div>\n<\/div>\n<div class=\"col-sm-8\">\n<div class=\"module-quotes__pad-container\">\n<ul>\n<li><a href=\"https:\/\/www.unicef.es\/cat\/educa\/biblioteca\/escola-fora-de-perill-guia-del-curs\" target=\"_blank\" rel=\"noopener\"><strong>Guia de curs<\/strong><\/a>: la guia impresa s\u2019envia per correu durant el mes de setembre als\u00a0<a href=\"https:\/\/www.unicef.es\/cat\/educa\/registre\" target=\"_blank\" rel=\"noopener\">centres registrats<\/a>\u00a0en el programa educatiu d\u2019UNICEF i tamb\u00e9 es pot descarregar en format PDF.<\/li>\n<li><strong>Activitats per etapa<\/strong>: la guia inclou enfocaments did\u00e0ctics per als diferents nivells educatius i propostes d\u2019activitat per a\u00a0<a href=\"https:\/\/www.unicef.es\/cat\/educa\/biblioteca\/historia-de-punt-video-activitat-infantil\" target=\"_blank\" rel=\"noopener\">Infantil<\/a>,\u00a0<a href=\"https:\/\/www.unicef.es\/cat\/educa\/biblioteca\/somnis-escola-de-pau-video-activitat-educacio-primaria\" target=\"_blank\" rel=\"noopener\">Prim\u00e0ria<\/a>\u00a0i\u00a0<a href=\"https:\/\/www.unicef.es\/cat\/educa\/biblioteca\/jo-soc-jo-activitat-educacio-secundaria\" target=\"_blank\" rel=\"noopener\">Secund\u00e0ria\/Batxillerat<\/a><\/li>\n<li><a href=\"https:\/\/www.unicef.es\/cat\/educa\/biblioteca\/glosari-pau-no-violencia\" target=\"_blank\" rel=\"noopener\"><strong>Glossari<\/strong><\/a>: els materials es complementen amb un glossari de termes relacionats amb la pau, la no-viol\u00e8ncia i el bon tracte.<\/li>\n<\/ul>\n<p><span style=\"font-size: 1em; font-weight: bold;\">|<\/span><a style=\"font-size: 1em; font-weight: bold;\" href=\"https:\/\/www.unicef.es\/cat\/educa\/blog\/escola-fora-de-perill-activitats-recursos-educatius-no-violencia-pau\" target=\"_blank\" rel=\"noopener\">ACC\u00c9S AL CONJUNT DE LA INFORMACI\u00d3 I ALS DIFERENTS RECURSOS EDUCATIUS<\/a><span style=\"font-size: 1em; font-weight: bold;\">|<\/span><\/p>\n<\/div>\n<\/div>\n<\/div>\n","protected":false},"excerpt":{"rendered":"<p>Els materials educatius\u00a0\u201cA l\u2019escola, fora de perill. Aprenent en entorns protectors\u201d\u00a0contribueixen a abordar a les escoles la viol\u00e8ncia mitjan\u00e7ant l\u2019educaci\u00f3 en la pau, la no-viol\u00e8ncia i el bon tracte. L\u2019educaci\u00f3, particularment quan t\u00e9 un\u00a0enfocament de drets d\u2019inf\u00e0ncia, valors i ciutadania global, ens permet entendre els conflictes: la seva naturalesa, la seva evoluci\u00f3 i les estrat\u00e8gies [&hellip;]<\/p>\n","protected":false},"author":1,"featured_media":14353,"comment_status":"open","ping_status":"closed","sticky":false,"template":"","format":"standard","meta":{"_bbp_topic_count":0,"_bbp_reply_count":0,"_bbp_total_topic_count":0,"_bbp_total_reply_count":0,"_bbp_voice_count":0,"_bbp_anonymous_reply_count":0,"_bbp_topic_count_hidden":0,"_bbp_reply_count_hidden":0,"_bbp_forum_subforum_count":0,"site-sidebar-layout":"default","site-content-layout":"","ast-site-content-layout":"","site-content-style":"default","site-sidebar-style":"default","ast-global-header-display":"","ast-banner-title-visibility":"","ast-main-header-display":"","ast-hfb-above-header-display":"","ast-hfb-below-header-display":"","ast-hfb-mobile-header-display":"","site-post-title":"","ast-breadcrumbs-content":"","ast-featured-img":"","footer-sml-layout":"","theme-transparent-header-meta":"","adv-header-id-meta":"","stick-header-meta":"","header-above-stick-meta":"","header-main-stick-meta":"","header-below-stick-meta":"","astra-migrate-meta-layouts":"default","ast-page-background-enabled":"default","ast-page-background-meta":{"desktop":{"background-color":"var(--ast-global-color-4)","background-image":"","background-repeat":"repeat","background-position":"center center","background-size":"auto","background-attachment":"scroll","background-type":"","background-media":"","overlay-type":"","overlay-color":"","overlay-opacity":"","overlay-gradient":""},"tablet":{"background-color":"","background-image":"","background-repeat":"repeat","background-position":"center center","background-size":"auto","background-attachment":"scroll","background-type":"","background-media":"","overlay-type":"","overlay-color":"","overlay-opacity":"","overlay-gradient":""},"mobile":{"background-color":"","background-image":"","background-repeat":"repeat","background-position":"center center","background-size":"auto","background-attachment":"scroll","background-type":"","background-media":"","overlay-type":"","overlay-color":"","overlay-opacity":"","overlay-gradient":""}},"ast-content-background-meta":{"desktop":{"background-color":"var(--ast-global-color-5)","background-image":"","background-repeat":"repeat","background-position":"center center","background-size":"auto","background-attachment":"scroll","background-type":"","background-media":"","overlay-type":"","overlay-color":"","overlay-opacity":"","overlay-gradient":""},"tablet":{"background-color":"var(--ast-global-color-5)","background-image":"","background-repeat":"repeat","background-position":"center center","background-size":"auto","background-attachment":"scroll","background-type":"","background-media":"","overlay-type":"","overlay-color":"","overlay-opacity":"","overlay-gradient":""},"mobile":{"background-color":"var(--ast-global-color-5)","background-image":"","background-repeat":"repeat","background-position":"center center","background-size":"auto","background-attachment":"scroll","background-type":"","background-media":"","overlay-type":"","overlay-color":"","overlay-opacity":"","overlay-gradient":""}},"footnotes":""},"categories":[63,29,2004],"tags":[2029,2030,2031,444,1778,939,2028],"class_list":["post-14351","post","type-post","status-publish","format-standard","has-post-thumbnail","hentry","category-catalegs-tematics","category-se-baixllobregat6","category-recursos","tag-endviolence","tag-ciutadania-global","tag-drets-de-la-infancia","tag-educacio-per-a-la-pau","tag-pacifisme","tag-solidaritat","tag-unicef"],"post_mailing_queue_ids":[],"_links":{"self":[{"href":"https:\/\/serveiseducatius.xtec.cat\/baixllobregat6\/wp-json\/wp\/v2\/posts\/14351","targetHints":{"allow":["GET"]}}],"collection":[{"href":"https:\/\/serveiseducatius.xtec.cat\/baixllobregat6\/wp-json\/wp\/v2\/posts"}],"about":[{"href":"https:\/\/serveiseducatius.xtec.cat\/baixllobregat6\/wp-json\/wp\/v2\/types\/post"}],"author":[{"embeddable":true,"href":"https:\/\/serveiseducatius.xtec.cat\/baixllobregat6\/wp-json\/wp\/v2\/users\/1"}],"replies":[{"embeddable":true,"href":"https:\/\/serveiseducatius.xtec.cat\/baixllobregat6\/wp-json\/wp\/v2\/comments?post=14351"}],"version-history":[{"count":3,"href":"https:\/\/serveiseducatius.xtec.cat\/baixllobregat6\/wp-json\/wp\/v2\/posts\/14351\/revisions"}],"predecessor-version":[{"id":14356,"href":"https:\/\/serveiseducatius.xtec.cat\/baixllobregat6\/wp-json\/wp\/v2\/posts\/14351\/revisions\/14356"}],"wp:featuredmedia":[{"embeddable":true,"href":"https:\/\/serveiseducatius.xtec.cat\/baixllobregat6\/wp-json\/wp\/v2\/media\/14353"}],"wp:attachment":[{"href":"https:\/\/serveiseducatius.xtec.cat\/baixllobregat6\/wp-json\/wp\/v2\/media?parent=14351"}],"wp:term":[{"taxonomy":"category","embeddable":true,"href":"https:\/\/serveiseducatius.xtec.cat\/baixllobregat6\/wp-json\/wp\/v2\/categories?post=14351"},{"taxonomy":"post_tag","embeddable":true,"href":"https:\/\/serveiseducatius.xtec.cat\/baixllobregat6\/wp-json\/wp\/v2\/tags?post=14351"}],"curies":[{"name":"wp","href":"https:\/\/api.w.org\/{rel}","templated":true}]}}