{"id":14225,"date":"2018-09-12T09:16:24","date_gmt":"2018-09-12T07:16:24","guid":{"rendered":"http:\/\/serveiseducatius.xtec.cat\/baixllobregat6\/?p=14225"},"modified":"2018-09-14T12:53:58","modified_gmt":"2018-09-14T10:53:58","slug":"inscripcions-pla-de-formacio-2018-2019","status":"publish","type":"post","link":"https:\/\/serveiseducatius.xtec.cat\/baixllobregat6\/se-baixllobregat6\/inscripcions-pla-de-formacio-2018-2019\/","title":{"rendered":"Inscripcions al Pla de formaci\u00f3 2018-2019"},"content":{"rendered":"<p><img loading=\"lazy\" decoding=\"async\" class=\"alignleft wp-image-14128 size-thumbnail\" src=\"http:\/\/serveiseducatius.xtec.cat\/baixllobregat6\/wp-content\/uploads\/usu778\/2018\/07\/actualitat-553x553-oferta-formativa-1r-torn-18-19.jpg_1595044798-150x150.jpg\" alt=\"\" width=\"150\" height=\"150\" srcset=\"https:\/\/serveiseducatius.xtec.cat\/baixllobregat6\/wp-content\/uploads\/usu778\/2018\/07\/actualitat-553x553-oferta-formativa-1r-torn-18-19.jpg_1595044798-150x150.jpg 150w, https:\/\/serveiseducatius.xtec.cat\/baixllobregat6\/wp-content\/uploads\/usu778\/2018\/07\/actualitat-553x553-oferta-formativa-1r-torn-18-19.jpg_1595044798-520x520.jpg 520w, https:\/\/serveiseducatius.xtec.cat\/baixllobregat6\/wp-content\/uploads\/usu778\/2018\/07\/actualitat-553x553-oferta-formativa-1r-torn-18-19.jpg_1595044798.jpg 538w\" sizes=\"auto, (max-width: 150px) 100vw, 150px\" \/>A continuaci\u00f3 disposeu d\u2019un\u00a0<a href=\"https:\/\/aplicacions.gestioeducativa.gencat.cat\/pls\/soloas\/pk_for_mod_ins.p_for_cons_activitats?p_header=&amp;p_crp=307&amp;p_any=2018-2019&amp;p_totes=S&amp;p_totes=S&amp;p_excloure_crp_rec=T&amp;p_inici=1\" target=\"_blank\" rel=\"noopener\"><strong>enlla\u00e7 per consultar el cat\u00e0leg d\u2019activitats formatives<\/strong>\u00a0<\/a>de la demarcaci\u00f3 del\u00a0<strong>Servei Educatiu Baix Llobregat-6<\/strong>.<\/p>\n<p>En alguns casos, els horaris i calendaris s\u00f3n provisionals i seran confirmats abans de l\u2019inici del proc\u00e9s formatiu.<\/p>\n<p>Per sol\u00b7licitar una pla\u00e7a s\u2019ha de disposar d\u2019usuari i contrasenya XTEC actualitzats. Si s\u2019ha de sol\u00b7licitar o es tenen problemes amb l\u2019identificador es pot visitar la p\u00e0gina d\u2019<a href=\"http:\/\/xtec.gencat.cat\/ca\/at_usuari\/gestio\/\" target=\"_self\">atenci\u00f3 a l\u2019usuari\/\u00e0ria<\/a>. Cal tenir en compte que el mitj\u00e0 preferent de comunicaci\u00f3 \u00e9s el correu XTEC d\u2019estiu.<!--more--><br \/>\n<span id=\"more-14127\"><\/span><\/p>\n<div class=\"table-responsive pd-15 pd-30 taula_0\">\n<table class=\"table\" style=\"width: 841px; height: 90px;\">\n<tbody>\n<tr>\n<td style=\"width: 280.8px;\">Sol\u00b7licitud de pla\u00e7a<\/td>\n<td style=\"width: 281.6px;\">Consulta d\u2019adjudicacions<\/td>\n<td style=\"width: 270.4px;\">Inici de les activitats<\/td>\n<\/tr>\n<tr>\n<td style=\"width: 280.8px;\">del 12 al 26 de setembre<\/td>\n<td style=\"width: 281.6px;\">9 d\u2019octubre<\/td>\n<td style=\"width: 270.4px;\">a partir del 17 d\u2019octubre<\/td>\n<\/tr>\n<\/tbody>\n<\/table>\n<\/div>\n<p>Les sol\u00b7licituds realitzades es poden consultar, anul\u00b7lar o modificar a la p\u00e0gina\u00a0les <strong><a href=\"http:\/\/serveiseducatius.xtec.cat\/baixllobregat6\/formacio\/lamevaformacio\/\" target=\"_blank\" rel=\"noopener\">meves activitats de formaci\u00f3<\/a><\/strong>.<\/p>\n<p>La sol\u00b7licitud d\u2019una pla\u00e7a significa acceptar les condicions d\u2019inscripci\u00f3 i tot all\u00f2 que consta a la descripci\u00f3 de l\u2019activitat en refer\u00e8ncia a dates, horaris, objectius, continguts, persones destinat\u00e0ries i requisits d\u2019acreditaci\u00f3.<\/p>\n<p>Si hi ha sol\u00b7licituds d\u2019inscripci\u00f3 que arribin fora de termini, es deixaran en reserva.<\/p>\n<p>En la sol\u00b7licitud de places a activitats de formaci\u00f3 individual (cursos, tallers, seminaris i grups de treball), sense comptar la formaci\u00f3 obligat\u00f2ria, realitzades durant el curs escolar (primer torn, segon torn i torn d\u2019estiu) cal tenir en compte:<\/p>\n<ul>\n<li>En el primer i segon torn d\u2019inscripci\u00f3 una persona pot realitzar fins a 5 sol\u00b7licituds i en el torn d\u2019estiu fins a 3. En el cas de sol\u00b7licitud d\u2019activitats telem\u00e0tiques tan sols es pot realitzar 2 sol\u00b7licituds per torn.<\/li>\n<li>A cadascun del torns d\u2019inscripci\u00f3, el m\u00e0xim d\u2019hores que poden sumar les activitats sol\u00b7licitades \u00e9s de 100.<\/li>\n<li>En el total del curs escolar a una persona se li poden assignar fins a un m\u00e0xim de 100 hores.<\/li>\n<\/ul>\n<p>En la sol\u00b7licitud de places a activitats de formaci\u00f3 en centre i per a centres i a activitats de dinamitzaci\u00f3, sensibilitzaci\u00f3 i difusi\u00f3 (jornades, confer\u00e8ncies, taules rodones i presentacions d\u2019experi\u00e8ncies) no s\u2019estableixen l\u00edmits d\u2019hores en les sol\u00b7licituds i en les assignacions.<\/p>\n<p><strong>?Altres activitats formatives:<\/strong><\/p>\n<ul>\n<li><strong><a href=\"https:\/\/aplicacions.gestioeducativa.gencat.cat\/pls\/soloas\/pk_for_mod_ins.p_for_cons_activitats?p_any=2018-2019&amp;p_crp=300&amp;p_totes=S&amp;p_paginar=N\">Activitats Interzona<\/a><\/strong>\u00a0(activitats d&#8217;\u00e0mbit comarcal ofertades des dels Serveis Territorials (la seu pot variar en funci\u00f3 de la inscripci\u00f3). &#8211;\u00a0<strong>Inscripci\u00f3 individual<\/strong><\/li>\n<\/ul>\n<ul>\n<li><a href=\"http:\/\/serveiseducatius.xtec.cat\/baixllobregat6\/formacio\/activitats\/cercador-dactivitats-2\/\" target=\"_blank\" rel=\"noopener\"><strong>Cercador general<\/strong> d&#8217;activitats<\/a><\/li>\n<\/ul>\n<p><strong>Consultes<\/strong><\/p>\n<ul>\n<li><a href=\"http:\/\/serveiseducatius.xtec.cat\/baixllobregat6\/formacio\/lamevaformacio\/\" target=\"_blank\" rel=\"noopener\">La meva formaci\u00f3\u00a0 (Consulta d&#8217;assignacions, modificaci\u00f3 de sol\u00b7licituds i canvi de dades personals)<\/a><em><br \/>\n<\/em><\/li>\n<li><a href=\"http:\/\/serveiseducatius.xtec.cat\/baixllobregat6\/formacio\/certificats\/\" target=\"_blank\" rel=\"noopener\">Consulta i obtenci\u00f3 de certificats de Plans de Formaci\u00f3 d&#8217;edicions precedents<\/a><\/li>\n<li>Si no disposeu d&#8217;usuari XTEC o heu oblidat la contrasenya, podeu gestionar la demanda des de la p\u00e0gina d&#8217;<strong><a href=\"http:\/\/xtec.gencat.cat\/ca\/at_usuari\/gestio\/\">atenci\u00f3 a l&#8217;usuari\/a de la XTEC<\/a><\/strong><\/li>\n<\/ul>\n<p>*\u00a0<a href=\"http:\/\/xtec.gencat.cat\/ca\/formacio\/\"><em>M\u00e9s informaci\u00f3 i l&#8217;oferta d&#8217;activitats de tots els Serveis Educatius de Catalunya<\/em><\/a><\/p>\n","protected":false},"excerpt":{"rendered":"<p>A continuaci\u00f3 disposeu d\u2019un\u00a0enlla\u00e7 per consultar el cat\u00e0leg d\u2019activitats formatives\u00a0de la demarcaci\u00f3 del\u00a0Servei Educatiu Baix Llobregat-6. En alguns casos, els horaris i calendaris s\u00f3n provisionals i seran confirmats abans de l\u2019inici del proc\u00e9s formatiu. Per sol\u00b7licitar una pla\u00e7a s\u2019ha de disposar d\u2019usuari i contrasenya XTEC actualitzats. Si s\u2019ha de sol\u00b7licitar o es tenen problemes amb [&hellip;]<\/p>\n","protected":false},"author":1,"featured_media":14128,"comment_status":"open","ping_status":"closed","sticky":false,"template":"","format":"standard","meta":{"_bbp_topic_count":0,"_bbp_reply_count":0,"_bbp_total_topic_count":0,"_bbp_total_reply_count":0,"_bbp_voice_count":0,"_bbp_anonymous_reply_count":0,"_bbp_topic_count_hidden":0,"_bbp_reply_count_hidden":0,"_bbp_forum_subforum_count":0,"site-sidebar-layout":"default","site-content-layout":"","ast-site-content-layout":"","site-content-style":"default","site-sidebar-style":"default","ast-global-header-display":"","ast-banner-title-visibility":"","ast-main-header-display":"","ast-hfb-above-header-display":"","ast-hfb-below-header-display":"","ast-hfb-mobile-header-display":"","site-post-title":"","ast-breadcrumbs-content":"","ast-featured-img":"","footer-sml-layout":"","theme-transparent-header-meta":"","adv-header-id-meta":"","stick-header-meta":"","header-above-stick-meta":"","header-main-stick-meta":"","header-below-stick-meta":"","astra-migrate-meta-layouts":"default","ast-page-background-enabled":"default","ast-page-background-meta":{"desktop":{"background-color":"var(--ast-global-color-4)","background-image":"","background-repeat":"repeat","background-position":"center center","background-size":"auto","background-attachment":"scroll","background-type":"","background-media":"","overlay-type":"","overlay-color":"","overlay-opacity":"","overlay-gradient":""},"tablet":{"background-color":"","background-image":"","background-repeat":"repeat","background-position":"center center","background-size":"auto","background-attachment":"scroll","background-type":"","background-media":"","overlay-type":"","overlay-color":"","overlay-opacity":"","overlay-gradient":""},"mobile":{"background-color":"","background-image":"","background-repeat":"repeat","background-position":"center center","background-size":"auto","background-attachment":"scroll","background-type":"","background-media":"","overlay-type":"","overlay-color":"","overlay-opacity":"","overlay-gradient":""}},"ast-content-background-meta":{"desktop":{"background-color":"var(--ast-global-color-5)","background-image":"","background-repeat":"repeat","background-position":"center center","background-size":"auto","background-attachment":"scroll","background-type":"","background-media":"","overlay-type":"","overlay-color":"","overlay-opacity":"","overlay-gradient":""},"tablet":{"background-color":"var(--ast-global-color-5)","background-image":"","background-repeat":"repeat","background-position":"center center","background-size":"auto","background-attachment":"scroll","background-type":"","background-media":"","overlay-type":"","overlay-color":"","overlay-opacity":"","overlay-gradient":""},"mobile":{"background-color":"var(--ast-global-color-5)","background-image":"","background-repeat":"repeat","background-position":"center center","background-size":"auto","background-attachment":"scroll","background-type":"","background-media":"","overlay-type":"","overlay-color":"","overlay-opacity":"","overlay-gradient":""}},"footnotes":""},"categories":[163,29],"tags":[446,447,551,816,854],"class_list":["post-14225","post","type-post","status-publish","format-standard","has-post-thumbnail","hentry","category-formacio","category-se-baixllobregat6","tag-educacio-primaria","tag-educacio-secundaria","tag-formacio-continuada","tag-pfz","tag-professorat"],"post_mailing_queue_ids":[],"_links":{"self":[{"href":"https:\/\/serveiseducatius.xtec.cat\/baixllobregat6\/wp-json\/wp\/v2\/posts\/14225","targetHints":{"allow":["GET"]}}],"collection":[{"href":"https:\/\/serveiseducatius.xtec.cat\/baixllobregat6\/wp-json\/wp\/v2\/posts"}],"about":[{"href":"https:\/\/serveiseducatius.xtec.cat\/baixllobregat6\/wp-json\/wp\/v2\/types\/post"}],"author":[{"embeddable":true,"href":"https:\/\/serveiseducatius.xtec.cat\/baixllobregat6\/wp-json\/wp\/v2\/users\/1"}],"replies":[{"embeddable":true,"href":"https:\/\/serveiseducatius.xtec.cat\/baixllobregat6\/wp-json\/wp\/v2\/comments?post=14225"}],"version-history":[{"count":4,"href":"https:\/\/serveiseducatius.xtec.cat\/baixllobregat6\/wp-json\/wp\/v2\/posts\/14225\/revisions"}],"predecessor-version":[{"id":14280,"href":"https:\/\/serveiseducatius.xtec.cat\/baixllobregat6\/wp-json\/wp\/v2\/posts\/14225\/revisions\/14280"}],"wp:featuredmedia":[{"embeddable":true,"href":"https:\/\/serveiseducatius.xtec.cat\/baixllobregat6\/wp-json\/wp\/v2\/media\/14128"}],"wp:attachment":[{"href":"https:\/\/serveiseducatius.xtec.cat\/baixllobregat6\/wp-json\/wp\/v2\/media?parent=14225"}],"wp:term":[{"taxonomy":"category","embeddable":true,"href":"https:\/\/serveiseducatius.xtec.cat\/baixllobregat6\/wp-json\/wp\/v2\/categories?post=14225"},{"taxonomy":"post_tag","embeddable":true,"href":"https:\/\/serveiseducatius.xtec.cat\/baixllobregat6\/wp-json\/wp\/v2\/tags?post=14225"}],"curies":[{"name":"wp","href":"https:\/\/api.w.org\/{rel}","templated":true}]}}