{"id":14115,"date":"2018-07-18T09:46:20","date_gmt":"2018-07-18T07:46:20","guid":{"rendered":"http:\/\/serveiseducatius.xtec.cat\/baixllobregat6\/?p=14115"},"modified":"2018-07-18T09:51:07","modified_gmt":"2018-07-18T07:51:07","slug":"el-parlament-atorgara-la-medalla-dhonor-a-lassociacio-de-mestres-rosa-sensat-en-reconeixement-tambe-a-la-tasca-de-tots-els-docents","status":"publish","type":"post","link":"https:\/\/serveiseducatius.xtec.cat\/baixllobregat6\/se-baixllobregat6\/el-parlament-atorgara-la-medalla-dhonor-a-lassociacio-de-mestres-rosa-sensat-en-reconeixement-tambe-a-la-tasca-de-tots-els-docents\/","title":{"rendered":"El Parlament atorgar\u00e0 la Medalla d&#8217;Honor a l&#8217;Associaci\u00f3 de Mestres Rosa Sensat en reconeixement tamb\u00e9 a la tasca de tots els docents"},"content":{"rendered":"<p><img loading=\"lazy\" decoding=\"async\" class=\"alignleft wp-image-14116 size-medium\" src=\"http:\/\/serveiseducatius.xtec.cat\/baixllobregat6\/wp-content\/uploads\/usu778\/2018\/07\/imatgeweb-520x347.jpeg\" alt=\"\" width=\"520\" height=\"347\" srcset=\"https:\/\/serveiseducatius.xtec.cat\/baixllobregat6\/wp-content\/uploads\/usu778\/2018\/07\/imatgeweb-520x347.jpeg 520w, https:\/\/serveiseducatius.xtec.cat\/baixllobregat6\/wp-content\/uploads\/usu778\/2018\/07\/imatgeweb-768x512.jpeg 768w, https:\/\/serveiseducatius.xtec.cat\/baixllobregat6\/wp-content\/uploads\/usu778\/2018\/07\/imatgeweb-1024x683.jpeg 1024w\" sizes=\"auto, (max-width: 520px) 100vw, 520px\" \/>La Mesa\u00a0va acordar ahir, a proposta del president, Roger Torrent, atorgar la Medalla d&#8217;Honor del Parlament en la categoria d&#8217;or a l&#8217;Associaci\u00f3 de Mestres Rosa Sensat. Amb aquesta distinci\u00f3, la Mesa vol fer extensiu el reconeixement de la cambra a tot el col\u00b7lectiu de docents per la seva dedicaci\u00f3 i perseveran\u00e7a, i tamb\u00e9 a les fam\u00edlies i els ciutadans pel seu paper en la transformaci\u00f3 de l&#8217;escola i la millora de l&#8217;educaci\u00f3. L&#8217;acord s&#8217;ha pres per 5 vots a favor i 2 en contra.<\/p>\n<p><!--more--><\/p>\n<p>La cambra atorga la medalla des de l&#8217;any 2000 a personalitats o institucions que mereixen un reconeixement excepcional, i el lliurament obre habitualment els actes de commemoraci\u00f3 de la Diada Nacional.<\/p>\n<p>Aquest any el Parlament distingir\u00e0 l&#8217;Associaci\u00f3 de Mestres Rosa Sensat pel moviment de renovaci\u00f3 pedag\u00f2gica que representa, per la seva sostinguda reivindicaci\u00f3 de l&#8217;escola p\u00fablica de qualitat i per la defensa de la formaci\u00f3 permanent dels mestres com a professionals clau per al progr\u00e9s de les societats i el futur dels pa\u00efsos.<\/p>\n<p>Amb la concessi\u00f3 de la medalla, per\u00f2, la Mesa vol fer extensiu l&#8217;agra\u00efment i el reconeixement als docents amb una llarga traject\u00f2ria al servei dels infants del pa\u00eds, i tamb\u00e9 a les fam\u00edlies i els ciutadans per la seva dedicaci\u00f3 i perseveran\u00e7a per transformar l&#8217;escola i millorar l&#8217;educaci\u00f3.<\/p>\n<p>La distinci\u00f3 coincideix enguany amb l&#8217;aparici\u00f3 del n\u00famero 400 de la revista mensual &#8220;Perspectiva Escolar&#8221;, una eina de reconegut prestigi per difondre les pr\u00e0ctiques i les teories pedag\u00f2giques, i amb el cinquant\u00e8 aniversari de l&#8217;Associaci\u00f3 de Mestres Rosa Sensat, creada per Maria Ant\u00f2nia Canals, Maria Teresa Codina, Jordi Cots, Pere Darder, Enric Lluch, Marta Mata i Anna Maria Roig.<\/p>\n<p>La proposta de concessi\u00f3 de la medalla destaca que un dels objectius principals de l&#8217;Associaci\u00f3 de Mestres Rosa Sensat \u00e9s assolir una escola democr\u00e0tica amb expressi\u00f3 lliure i diversitat d&#8217;opinions i criteris sobre la pol\u00edtica i la realitat educativa, juntament amb el foment de la llengua. Aix\u00ed mateix, subratlla que &#8220;\u00e9s un model d&#8217;escola que al llarg de tot el per\u00edode democr\u00e0tic del nostre pa\u00eds ha estat el pilar i la garantia de la cohesi\u00f3 i la conviv\u00e8ncia de la plural societat catalana&#8221;.<\/p>\n<p><strong>Edicions anteriors<\/strong><br \/>\nEn les edicions anteriors han estat distingits amb la Medalla d&#8217;Honor: Desmond Tutu, reverend i premi Nobel de la pau (2000); Miquel Batllori, historiador i pare jesu\u00efta, i, a t\u00edtol p\u00f2stum, Ernest Lluch, economista i pol\u00edtic (2001); Francesc Vendrell, representant de l&#8217;ONU a l&#8217;Afganistan (2002); Jordi Savall, m\u00fasic (2003); Montserrat Trueta, presidenta de la Fundaci\u00f3 Catalana de la S\u00edndrome de Down (2004); Adolfo P\u00e9rez Esquivel, premi Nobel de la pau i escultor (2005); el col\u00b7lectiu musical Els Setze Jutges (2007); Roser Capdevila, il\u00b7lustradora (2010); Josep Guardiola, exfutbolista i entrenador (2011); \u00d2mnium Cultural i C\u00e0ritas Catalunya (2012); N\u00faria Gispert, activista social, Carme Ruscalleda, cuinera, i Anna Veiga, bi\u00f2loga (2013); Josep Carreras, tenor (2014); les primeres vuit diputades del parlamentarisme catal\u00e0 i la Fundaci\u00f3 Institut Guttmann (2015); Manel Esteller, investigador (2016), i el Cos de Mossos d&#8217;Esquadra, els serveis d&#8217;emerg\u00e8ncies, la Gu\u00e0rdia Urbana de Barcelona i la Policia Local de Cambrils (2017).<\/p>\n<p>La medalla mant\u00e9 el disseny que Antoni Comella va fer per al logotip del Parlament per enc\u00e0rrec de la instituci\u00f3 la primera legislatura, que reprodueix les quatre barres sobre fons daurat. L&#8217;any 2000 l&#8217;orfebre Joaquim Capdevila el va adaptar per a la medalla.<\/p>\n<pre>Font: <a href=\"https:\/\/www.parlament.cat\/web\/actualitat\/noticies\/index.html?p_id=270309923\" target=\"_blank\" rel=\"noopener noreferrer\">Parlament de Catalunya, 17 de juliol de 2018<\/a><\/pre>\n","protected":false},"excerpt":{"rendered":"<p>La Mesa\u00a0va acordar ahir, a proposta del president, Roger Torrent, atorgar la Medalla d&#8217;Honor del Parlament en la categoria d&#8217;or a l&#8217;Associaci\u00f3 de Mestres Rosa Sensat. Amb aquesta distinci\u00f3, la Mesa vol fer extensiu el reconeixement de la cambra a tot el col\u00b7lectiu de docents per la seva dedicaci\u00f3 i perseveran\u00e7a, i tamb\u00e9 a les [&hellip;]<\/p>\n","protected":false},"author":1,"featured_media":14116,"comment_status":"open","ping_status":"closed","sticky":false,"template":"","format":"standard","meta":{"_bbp_topic_count":0,"_bbp_reply_count":0,"_bbp_total_topic_count":0,"_bbp_total_reply_count":0,"_bbp_voice_count":0,"_bbp_anonymous_reply_count":0,"_bbp_topic_count_hidden":0,"_bbp_reply_count_hidden":0,"_bbp_forum_subforum_count":0,"site-sidebar-layout":"default","site-content-layout":"","ast-site-content-layout":"","site-content-style":"default","site-sidebar-style":"default","ast-global-header-display":"","ast-banner-title-visibility":"","ast-main-header-display":"","ast-hfb-above-header-display":"","ast-hfb-below-header-display":"","ast-hfb-mobile-header-display":"","site-post-title":"","ast-breadcrumbs-content":"","ast-featured-img":"","footer-sml-layout":"","theme-transparent-header-meta":"","adv-header-id-meta":"","stick-header-meta":"","header-above-stick-meta":"","header-main-stick-meta":"","header-below-stick-meta":"","astra-migrate-meta-layouts":"default","ast-page-background-enabled":"default","ast-page-background-meta":{"desktop":{"background-color":"var(--ast-global-color-4)","background-image":"","background-repeat":"repeat","background-position":"center center","background-size":"auto","background-attachment":"scroll","background-type":"","background-media":"","overlay-type":"","overlay-color":"","overlay-opacity":"","overlay-gradient":""},"tablet":{"background-color":"","background-image":"","background-repeat":"repeat","background-position":"center center","background-size":"auto","background-attachment":"scroll","background-type":"","background-media":"","overlay-type":"","overlay-color":"","overlay-opacity":"","overlay-gradient":""},"mobile":{"background-color":"","background-image":"","background-repeat":"repeat","background-position":"center center","background-size":"auto","background-attachment":"scroll","background-type":"","background-media":"","overlay-type":"","overlay-color":"","overlay-opacity":"","overlay-gradient":""}},"ast-content-background-meta":{"desktop":{"background-color":"var(--ast-global-color-5)","background-image":"","background-repeat":"repeat","background-position":"center center","background-size":"auto","background-attachment":"scroll","background-type":"","background-media":"","overlay-type":"","overlay-color":"","overlay-opacity":"","overlay-gradient":""},"tablet":{"background-color":"var(--ast-global-color-5)","background-image":"","background-repeat":"repeat","background-position":"center center","background-size":"auto","background-attachment":"scroll","background-type":"","background-media":"","overlay-type":"","overlay-color":"","overlay-opacity":"","overlay-gradient":""},"mobile":{"background-color":"var(--ast-global-color-5)","background-image":"","background-repeat":"repeat","background-position":"center center","background-size":"auto","background-attachment":"scroll","background-type":"","background-media":"","overlay-type":"","overlay-color":"","overlay-opacity":"","overlay-gradient":""}},"footnotes":""},"categories":[162,64,29],"tags":[2012,388,1769,2011,809],"class_list":["post-14115","post","type-post","status-publish","format-standard","has-post-thumbnail","hentry","category-actualitat","category-comunitat","category-se-baixllobregat6","tag-associacio-de-mestres-rosa-sensat","tag-democracia","tag-escola-publica","tag-parlament-de-catalunya","tag-pedagogia"],"post_mailing_queue_ids":[],"_links":{"self":[{"href":"https:\/\/serveiseducatius.xtec.cat\/baixllobregat6\/wp-json\/wp\/v2\/posts\/14115","targetHints":{"allow":["GET"]}}],"collection":[{"href":"https:\/\/serveiseducatius.xtec.cat\/baixllobregat6\/wp-json\/wp\/v2\/posts"}],"about":[{"href":"https:\/\/serveiseducatius.xtec.cat\/baixllobregat6\/wp-json\/wp\/v2\/types\/post"}],"author":[{"embeddable":true,"href":"https:\/\/serveiseducatius.xtec.cat\/baixllobregat6\/wp-json\/wp\/v2\/users\/1"}],"replies":[{"embeddable":true,"href":"https:\/\/serveiseducatius.xtec.cat\/baixllobregat6\/wp-json\/wp\/v2\/comments?post=14115"}],"version-history":[{"count":3,"href":"https:\/\/serveiseducatius.xtec.cat\/baixllobregat6\/wp-json\/wp\/v2\/posts\/14115\/revisions"}],"predecessor-version":[{"id":14119,"href":"https:\/\/serveiseducatius.xtec.cat\/baixllobregat6\/wp-json\/wp\/v2\/posts\/14115\/revisions\/14119"}],"wp:featuredmedia":[{"embeddable":true,"href":"https:\/\/serveiseducatius.xtec.cat\/baixllobregat6\/wp-json\/wp\/v2\/media\/14116"}],"wp:attachment":[{"href":"https:\/\/serveiseducatius.xtec.cat\/baixllobregat6\/wp-json\/wp\/v2\/media?parent=14115"}],"wp:term":[{"taxonomy":"category","embeddable":true,"href":"https:\/\/serveiseducatius.xtec.cat\/baixllobregat6\/wp-json\/wp\/v2\/categories?post=14115"},{"taxonomy":"post_tag","embeddable":true,"href":"https:\/\/serveiseducatius.xtec.cat\/baixllobregat6\/wp-json\/wp\/v2\/tags?post=14115"}],"curies":[{"name":"wp","href":"https:\/\/api.w.org\/{rel}","templated":true}]}}