{"id":14063,"date":"2015-12-15T11:15:12","date_gmt":"2015-12-15T10:15:12","guid":{"rendered":"http:\/\/serveiseducatius.xtec.cat\/baixllobregat6\/?p=14063"},"modified":"2018-07-12T11:16:41","modified_gmt":"2018-07-12T09:16:41","slug":"montserrat","status":"publish","type":"post","link":"https:\/\/serveiseducatius.xtec.cat\/baixllobregat6\/politicaeducativa\/montserrat\/","title":{"rendered":"Montserrat"},"content":{"rendered":"<p><a href=\"http:\/\/serveiseducatius.xtec.cat\/se-baixllobregat6\/wp-content\/uploads\/usu778\/2010\/11\/logomontserrat.jpg\"><img loading=\"lazy\" decoding=\"async\" class=\"alignleft size-full wp-image-1672\" title=\"Montserrat\" src=\"http:\/\/serveiseducatius.xtec.cat\/se-baixllobregat6\/wp-content\/uploads\/usu778\/2010\/11\/logomontserrat.jpg\" alt=\"\" width=\"116\" height=\"114\" \/><\/a>A continuaci\u00f3 trobareu els antecedents del santuari nacional dels catalans i les seves vicissituds en el transcurs dels segles; l&#8217;esdeveniment m\u00e9s significatiu de l&#8217;actitud d&#8217;irreductible catalanitat de l&#8217;abat Escarr\u00e9; les caracter\u00edstiques principals del medi natural del mass\u00eds i de les manifestacions culturals i art\u00edstiques fetes a red\u00f3s del monestir.<br \/>\n<!--more--><\/p>\n<p>&nbsp;<\/p>\n<p><strong>Descarregueu el dossier:<\/strong><\/p>\n<blockquote><p><strong><a href=\"https:\/\/drive.google.com\/open?id=0B58Brw5wa9U1WmpfZFNiM25rSFU\" target=\"_blank\" rel=\"noopener noreferrer\">| Montserrat &#8211; 1 |<\/a><\/strong><\/p>\n<p><strong><a href=\"https:\/\/drive.google.com\/open?id=0B58Brw5wa9U1akh4NFdOdmFpUTQ\" target=\"_blank\" rel=\"noopener noreferrer\">| Montserrat &#8211; 2 |<\/a><\/strong><\/p>\n<p><strong><a href=\"https:\/\/drive.google.com\/open?id=0B58Brw5wa9U1WnRXLXBWX3c1NTQ\" target=\"_blank\" rel=\"noopener noreferrer\">| Montserrat &#8211; 3 |<\/a><\/strong><\/p>\n<p><strong><a href=\"https:\/\/drive.google.com\/open?id=0B58Brw5wa9U1M0hzZEd2MDAtaU0\" target=\"_blank\" rel=\"noopener noreferrer\">| Montserrat &#8211; 4 |<\/a><\/strong><\/p>\n<p><strong><a href=\"https:\/\/drive.google.com\/open?id=0B58Brw5wa9U1N0RwbDE5U1pscE0\" target=\"_blank\" rel=\"noopener noreferrer\">| Montserrat &#8211; 5 |<\/a><\/strong><\/p><\/blockquote>\n","protected":false},"excerpt":{"rendered":"<p>A continuaci\u00f3 trobareu els antecedents del santuari nacional dels catalans i les seves vicissituds en el transcurs dels segles; l&#8217;esdeveniment m\u00e9s significatiu de l&#8217;actitud d&#8217;irreductible catalanitat de l&#8217;abat Escarr\u00e9; les caracter\u00edstiques principals del medi natural del mass\u00eds i de les manifestacions culturals i art\u00edstiques fetes a red\u00f3s del monestir.<\/p>\n","protected":false},"author":1,"featured_media":6801,"comment_status":"open","ping_status":"closed","sticky":false,"template":"","format":"standard","meta":{"_bbp_topic_count":0,"_bbp_reply_count":0,"_bbp_total_topic_count":0,"_bbp_total_reply_count":0,"_bbp_voice_count":0,"_bbp_anonymous_reply_count":0,"_bbp_topic_count_hidden":0,"_bbp_reply_count_hidden":0,"_bbp_forum_subforum_count":0,"site-sidebar-layout":"default","site-content-layout":"","ast-site-content-layout":"","site-content-style":"default","site-sidebar-style":"default","ast-global-header-display":"","ast-banner-title-visibility":"","ast-main-header-display":"","ast-hfb-above-header-display":"","ast-hfb-below-header-display":"","ast-hfb-mobile-header-display":"","site-post-title":"","ast-breadcrumbs-content":"","ast-featured-img":"","footer-sml-layout":"","theme-transparent-header-meta":"","adv-header-id-meta":"","stick-header-meta":"","header-above-stick-meta":"","header-main-stick-meta":"","header-below-stick-meta":"","astra-migrate-meta-layouts":"default","ast-page-background-enabled":"default","ast-page-background-meta":{"desktop":{"background-color":"var(--ast-global-color-4)","background-image":"","background-repeat":"repeat","background-position":"center center","background-size":"auto","background-attachment":"scroll","background-type":"","background-media":"","overlay-type":"","overlay-color":"","overlay-opacity":"","overlay-gradient":""},"tablet":{"background-color":"","background-image":"","background-repeat":"repeat","background-position":"center center","background-size":"auto","background-attachment":"scroll","background-type":"","background-media":"","overlay-type":"","overlay-color":"","overlay-opacity":"","overlay-gradient":""},"mobile":{"background-color":"","background-image":"","background-repeat":"repeat","background-position":"center center","background-size":"auto","background-attachment":"scroll","background-type":"","background-media":"","overlay-type":"","overlay-color":"","overlay-opacity":"","overlay-gradient":""}},"ast-content-background-meta":{"desktop":{"background-color":"var(--ast-global-color-5)","background-image":"","background-repeat":"repeat","background-position":"center center","background-size":"auto","background-attachment":"scroll","background-type":"","background-media":"","overlay-type":"","overlay-color":"","overlay-opacity":"","overlay-gradient":""},"tablet":{"background-color":"var(--ast-global-color-5)","background-image":"","background-repeat":"repeat","background-position":"center center","background-size":"auto","background-attachment":"scroll","background-type":"","background-media":"","overlay-type":"","overlay-color":"","overlay-opacity":"","overlay-gradient":""},"mobile":{"background-color":"var(--ast-global-color-5)","background-image":"","background-repeat":"repeat","background-position":"center center","background-size":"auto","background-attachment":"scroll","background-type":"","background-media":"","overlay-type":"","overlay-color":"","overlay-opacity":"","overlay-gradient":""}},"footnotes":""},"categories":[1],"tags":[400,2003,1532,727,748],"class_list":["post-14063","post","type-post","status-publish","format-standard","has-post-thumbnail","hentry","category-politicaeducativa","tag-didactica-de-la-historia","tag-didactica-de-les-ciencies-socials","tag-guia-didactica","tag-material-didactic","tag-montserrat"],"post_mailing_queue_ids":[],"_links":{"self":[{"href":"https:\/\/serveiseducatius.xtec.cat\/baixllobregat6\/wp-json\/wp\/v2\/posts\/14063","targetHints":{"allow":["GET"]}}],"collection":[{"href":"https:\/\/serveiseducatius.xtec.cat\/baixllobregat6\/wp-json\/wp\/v2\/posts"}],"about":[{"href":"https:\/\/serveiseducatius.xtec.cat\/baixllobregat6\/wp-json\/wp\/v2\/types\/post"}],"author":[{"embeddable":true,"href":"https:\/\/serveiseducatius.xtec.cat\/baixllobregat6\/wp-json\/wp\/v2\/users\/1"}],"replies":[{"embeddable":true,"href":"https:\/\/serveiseducatius.xtec.cat\/baixllobregat6\/wp-json\/wp\/v2\/comments?post=14063"}],"version-history":[{"count":1,"href":"https:\/\/serveiseducatius.xtec.cat\/baixllobregat6\/wp-json\/wp\/v2\/posts\/14063\/revisions"}],"predecessor-version":[{"id":14064,"href":"https:\/\/serveiseducatius.xtec.cat\/baixllobregat6\/wp-json\/wp\/v2\/posts\/14063\/revisions\/14064"}],"wp:featuredmedia":[{"embeddable":true,"href":"https:\/\/serveiseducatius.xtec.cat\/baixllobregat6\/wp-json\/wp\/v2\/media\/6801"}],"wp:attachment":[{"href":"https:\/\/serveiseducatius.xtec.cat\/baixllobregat6\/wp-json\/wp\/v2\/media?parent=14063"}],"wp:term":[{"taxonomy":"category","embeddable":true,"href":"https:\/\/serveiseducatius.xtec.cat\/baixllobregat6\/wp-json\/wp\/v2\/categories?post=14063"},{"taxonomy":"post_tag","embeddable":true,"href":"https:\/\/serveiseducatius.xtec.cat\/baixllobregat6\/wp-json\/wp\/v2\/tags?post=14063"}],"curies":[{"name":"wp","href":"https:\/\/api.w.org\/{rel}","templated":true}]}}