{"id":14015,"date":"2018-07-03T21:58:11","date_gmt":"2018-07-03T19:58:11","guid":{"rendered":"http:\/\/serveiseducatius.xtec.cat\/baixllobregat6\/?p=14015"},"modified":"2018-07-03T22:02:31","modified_gmt":"2018-07-03T20:02:31","slug":"el-sindic-de-greuges-manifesta-que-a-les-escoles-de-catalunya-es-garanteix-el-pluralisme-i-el-no-adoctrinament","status":"publish","type":"post","link":"https:\/\/serveiseducatius.xtec.cat\/baixllobregat6\/se-baixllobregat6\/el-sindic-de-greuges-manifesta-que-a-les-escoles-de-catalunya-es-garanteix-el-pluralisme-i-el-no-adoctrinament\/","title":{"rendered":"El S\u00edndic de Greuges manifesta que a les escoles de Catalunya es garanteix el pluralisme i el no-adoctrinament"},"content":{"rendered":"<p><img loading=\"lazy\" decoding=\"async\" class=\"alignleft wp-image-14016 \" src=\"http:\/\/serveiseducatius.xtec.cat\/baixllobregat6\/wp-content\/uploads\/usu778\/2018\/07\/Captura-de-pantalla-2018-07-03-a-les-21.45.54-365x520.png\" alt=\"\" width=\"215\" height=\"306\" \/>El S\u00edndic de Greuges ha fet p\u00fablic un informe monogr\u00e0fic en qu\u00e8 desgrana la q\u00fcesti\u00f3 recentment plantejada sobre un hipot\u00e8tic adoctrinament al si de l\u2019escola catalana. El document aborda dos aspectes fonamentals: el tractament de la controv\u00e8rsia pol\u00edtica per part dels centres educatius a partir de les queixes i incid\u00e8ncies registrades pel S\u00edndic i pel Ministeri d&#8217;Educaci\u00f3 arran dels fets de l&#8217;1 d&#8217;octubre, i tamb\u00e9 una an\u00e0lisi exhaustiva del contingut dels llibres de text, arran d\u2019un informe previ de l&#8217;entitat AMES (Acci\u00f3 per a la Millora de l&#8217;Ensenyament Secundari), que denunciava l\u2019exist\u00e8ncia de material suposadament adoctrinador.<\/p>\n<p>L\u2019informe \u00e9s concloent: m\u00e9s enll\u00e0 de situacions puntuals que s\u2019han de corregir en el tractament de la situaci\u00f3 pol\u00edtica per part dels centres escolars, i d&#8217;algun detall puntual dels llibres de text que pot induir a l&#8217;error, de l&#8217;an\u00e0lisi duta a terme en cap cas se&#8217;n despr\u00e8n un adoctrinament sistem\u00e0tic de l\u2019alumnat a Catalunya.<!--more--><\/p>\n<p>A continuaci\u00f3 us oferim l&#8217;acc\u00e9s a l&#8217;informe complet, per\u00f2 no sense que abans us deixem ja anticipadament les principals recomanacions de la Sindicatura de Greuges:<\/p>\n<blockquote><p><strong>&#8211; Incorporar en les instruccions del Departament d\u2019Ensenyament sobre el funcionament dels centres criteris i pautes adre\u00e7ades a les direccions dels centres sobre el tractament de la situaci\u00f3 pol\u00edtica.<\/strong><\/p>\n<p><strong>&#8211; Elaborar materials did\u00e0ctics per poder tractar temes controvertits a les aules. De la mateixa manera, promoure el tractament i el debat de l\u2019actualitat pol\u00edtica.<\/strong><\/p>\n<p><strong>&#8211; Garantir els drets dels infants, especialment el dret a la llibertat de pensament i el dret a la llibertat d\u2019expressar-lo i, si conv\u00e9, de no expressar-lo, situant l\u2019inter\u00e8s superior de l\u2019infant en el centre d\u2019aquesta tasca.<\/strong><\/p>\n<p><strong>&#8211; Promoure la formaci\u00f3 del professorat per a l\u2019abordatge dels temes controvertits a les aules.<\/strong><\/p>\n<p><strong>&#8211; Divulgar entre la comunitat escolar els procediments de resoluci\u00f3 positiva dels conflictes, amb \u00fas de les vies administratives<\/strong><\/p>\n<p><strong>&#8211; Garantir el no-adoctrinament i la pluralitat del contingut dels llibres de text, amb mecanismes de supervisi\u00f3<\/strong><\/p><\/blockquote>\n<p><iframe loading=\"lazy\" src=\"https:\/\/drive.google.com\/file\/d\/1gsqW76yYiAnbXGK3phGCfu9JvU9bN7ai\/preview\" width=\"800\" height=\"1100\"><\/iframe><\/p>\n<pre>Font: Informe <a href=\"http:\/\/www.sindic.cat\/ca\/page.asp?id=53&amp;ui=5450#.WzvOrinApWA.whatsapp\" target=\"_blank\" rel=\"noopener noreferrer\">El pluralisme a les escoles de Catalunya com a garantia del no-adoctrinament<\/a><\/pre>\n","protected":false},"excerpt":{"rendered":"<p>El S\u00edndic de Greuges ha fet p\u00fablic un informe monogr\u00e0fic en qu\u00e8 desgrana la q\u00fcesti\u00f3 recentment plantejada sobre un hipot\u00e8tic adoctrinament al si de l\u2019escola catalana. El document aborda dos aspectes fonamentals: el tractament de la controv\u00e8rsia pol\u00edtica per part dels centres educatius a partir de les queixes i incid\u00e8ncies registrades pel S\u00edndic i pel [&hellip;]<\/p>\n","protected":false},"author":1,"featured_media":14016,"comment_status":"open","ping_status":"closed","sticky":false,"template":"","format":"standard","meta":{"_bbp_topic_count":0,"_bbp_reply_count":0,"_bbp_total_topic_count":0,"_bbp_total_reply_count":0,"_bbp_voice_count":0,"_bbp_anonymous_reply_count":0,"_bbp_topic_count_hidden":0,"_bbp_reply_count_hidden":0,"_bbp_forum_subforum_count":0,"site-sidebar-layout":"default","site-content-layout":"","ast-site-content-layout":"","site-content-style":"default","site-sidebar-style":"default","ast-global-header-display":"","ast-banner-title-visibility":"","ast-main-header-display":"","ast-hfb-above-header-display":"","ast-hfb-below-header-display":"","ast-hfb-mobile-header-display":"","site-post-title":"","ast-breadcrumbs-content":"","ast-featured-img":"","footer-sml-layout":"","theme-transparent-header-meta":"","adv-header-id-meta":"","stick-header-meta":"","header-above-stick-meta":"","header-main-stick-meta":"","header-below-stick-meta":"","astra-migrate-meta-layouts":"default","ast-page-background-enabled":"default","ast-page-background-meta":{"desktop":{"background-color":"var(--ast-global-color-4)","background-image":"","background-repeat":"repeat","background-position":"center center","background-size":"auto","background-attachment":"scroll","background-type":"","background-media":"","overlay-type":"","overlay-color":"","overlay-opacity":"","overlay-gradient":""},"tablet":{"background-color":"","background-image":"","background-repeat":"repeat","background-position":"center center","background-size":"auto","background-attachment":"scroll","background-type":"","background-media":"","overlay-type":"","overlay-color":"","overlay-opacity":"","overlay-gradient":""},"mobile":{"background-color":"","background-image":"","background-repeat":"repeat","background-position":"center center","background-size":"auto","background-attachment":"scroll","background-type":"","background-media":"","overlay-type":"","overlay-color":"","overlay-opacity":"","overlay-gradient":""}},"ast-content-background-meta":{"desktop":{"background-color":"var(--ast-global-color-5)","background-image":"","background-repeat":"repeat","background-position":"center center","background-size":"auto","background-attachment":"scroll","background-type":"","background-media":"","overlay-type":"","overlay-color":"","overlay-opacity":"","overlay-gradient":""},"tablet":{"background-color":"var(--ast-global-color-5)","background-image":"","background-repeat":"repeat","background-position":"center center","background-size":"auto","background-attachment":"scroll","background-type":"","background-media":"","overlay-type":"","overlay-color":"","overlay-opacity":"","overlay-gradient":""},"mobile":{"background-color":"var(--ast-global-color-5)","background-image":"","background-repeat":"repeat","background-position":"center center","background-size":"auto","background-attachment":"scroll","background-type":"","background-media":"","overlay-type":"","overlay-color":"","overlay-opacity":"","overlay-gradient":""}},"footnotes":""},"categories":[64,29],"tags":[220,388,2003,1068,854,2002],"class_list":["post-14015","post","type-post","status-publish","format-standard","has-post-thumbnail","hentry","category-comunitat","category-se-baixllobregat6","tag-alumnat","tag-democracia","tag-didactica-de-les-ciencies-socials","tag-humanitats","tag-professorat","tag-sindic-de-greuges"],"post_mailing_queue_ids":[],"_links":{"self":[{"href":"https:\/\/serveiseducatius.xtec.cat\/baixllobregat6\/wp-json\/wp\/v2\/posts\/14015","targetHints":{"allow":["GET"]}}],"collection":[{"href":"https:\/\/serveiseducatius.xtec.cat\/baixllobregat6\/wp-json\/wp\/v2\/posts"}],"about":[{"href":"https:\/\/serveiseducatius.xtec.cat\/baixllobregat6\/wp-json\/wp\/v2\/types\/post"}],"author":[{"embeddable":true,"href":"https:\/\/serveiseducatius.xtec.cat\/baixllobregat6\/wp-json\/wp\/v2\/users\/1"}],"replies":[{"embeddable":true,"href":"https:\/\/serveiseducatius.xtec.cat\/baixllobregat6\/wp-json\/wp\/v2\/comments?post=14015"}],"version-history":[{"count":3,"href":"https:\/\/serveiseducatius.xtec.cat\/baixllobregat6\/wp-json\/wp\/v2\/posts\/14015\/revisions"}],"predecessor-version":[{"id":14019,"href":"https:\/\/serveiseducatius.xtec.cat\/baixllobregat6\/wp-json\/wp\/v2\/posts\/14015\/revisions\/14019"}],"wp:featuredmedia":[{"embeddable":true,"href":"https:\/\/serveiseducatius.xtec.cat\/baixllobregat6\/wp-json\/wp\/v2\/media\/14016"}],"wp:attachment":[{"href":"https:\/\/serveiseducatius.xtec.cat\/baixllobregat6\/wp-json\/wp\/v2\/media?parent=14015"}],"wp:term":[{"taxonomy":"category","embeddable":true,"href":"https:\/\/serveiseducatius.xtec.cat\/baixllobregat6\/wp-json\/wp\/v2\/categories?post=14015"},{"taxonomy":"post_tag","embeddable":true,"href":"https:\/\/serveiseducatius.xtec.cat\/baixllobregat6\/wp-json\/wp\/v2\/tags?post=14015"}],"curies":[{"name":"wp","href":"https:\/\/api.w.org\/{rel}","templated":true}]}}