{"id":13957,"date":"2018-06-06T10:48:52","date_gmt":"2018-06-06T08:48:52","guid":{"rendered":"http:\/\/serveiseducatius.xtec.cat\/baixllobregat6\/?p=13957"},"modified":"2018-06-29T11:03:49","modified_gmt":"2018-06-29T09:03:49","slug":"aula-dial-premi-cac-a-lescola-en-la-categoria-de-treballs-de-radio","status":"publish","type":"post","link":"https:\/\/serveiseducatius.xtec.cat\/baixllobregat6\/se-baixllobregat6\/aula-dial-premi-cac-a-lescola-en-la-categoria-de-treballs-de-radio\/","title":{"rendered":"Aula Dial, premi CAC a l&#8217;escola en la categoria de \u00abTreballs de r\u00e0dio\u00bb"},"content":{"rendered":"<p><img loading=\"lazy\" decoding=\"async\" class=\"aligncenter wp-image-13958\" src=\"http:\/\/serveiseducatius.xtec.cat\/baixllobregat6\/wp-content\/uploads\/usu778\/2018\/06\/auladialCAC-520x347.jpg\" alt=\"\" width=\"900\" height=\"600\" srcset=\"https:\/\/serveiseducatius.xtec.cat\/baixllobregat6\/wp-content\/uploads\/usu778\/2018\/06\/auladialCAC-520x347.jpg 520w, https:\/\/serveiseducatius.xtec.cat\/baixllobregat6\/wp-content\/uploads\/usu778\/2018\/06\/auladialCAC-768x512.jpg 768w, https:\/\/serveiseducatius.xtec.cat\/baixllobregat6\/wp-content\/uploads\/usu778\/2018\/06\/auladialCAC-1024x683.jpg 1024w, https:\/\/serveiseducatius.xtec.cat\/baixllobregat6\/wp-content\/uploads\/usu778\/2018\/06\/auladialCAC.jpg 1920w\" sizes=\"auto, (max-width: 900px) 100vw, 900px\" \/>Aula dial , el programa de R\u00e0dio Sant Vicen\u00e7 que converteix els alumnes vicentins en periodistes, ha guanyat el Premi el CAC a l\u2019escola a la categoria de r\u00e0dio. Ha estat en la XV edici\u00f3 dels premis que atorga el Consell de l\u2019Audiovisual de Catalunya, que per primer cop han incorporat treballs de r\u00e0dio.<br \/>\n<!--more--><\/p>\n<p>La convocat\u00f2ria ha comptat amb m\u00e9s d\u2019un centenar de participants d\u2019arreu de Catalunya. El jurat ha valorat el fet que sigui un \u201cprojecte col\u2022laboratiu entre els centres escolars de la poblaci\u00f3 i R\u00e0dio Sant Vicen\u00e7\u201d i en destaca la \u201cmodernitat i idone\u00eftat de la f\u00f3rmula, que s\u2019utilitza per donar a con\u00e8ixer la informaci\u00f3 escolar a tota la comunitat educativa i al conjunt del municipi\u201d. Segons el veredicte, \u201ces valora l\u2019impacte del producte i el valor afegit de la col\u2022laboraci\u00f3 professional que aporta la r\u00e0dio municipal amb l\u2019aprenentatge per, no nom\u00e9s expressar sin\u00f3, tamb\u00e9, per comunicar\u201d. A m\u00e9s del reconeixement, aquest guard\u00f3 suposa un premi de 1.000 euros per Aula dial.<\/p>\n<p>El premi el va recollir al CosmoCaixa, el passat 28 de maig, una representaci\u00f3 de mestres i alumnes de les escoles participants, acompanyats per personal de R\u00e0dio Sant Vicen\u00e7, la regidoria d\u2019Educaci\u00f3 i el Servei Educatiu Baix Llobregat 6. Tamb\u00e9 van ser presents a l\u2019acte l\u2019alcaldessa, Maite Aymerich, i els regidors d\u2019Educaci\u00f3 i Comunicaci\u00f3, Miquel \u00c0ngel Camacho i Arnau Mata respectivament.<\/p>\n<p>Aquest \u00e9s el segon premi que suma Aula dial al llarg de la seva traject\u00f2ria. Al 2012 ja va ser escollit Millor Programa de R\u00e0dio als Premis de Comunicaci\u00f3 Local de la Diputaci\u00f3 de Barcelona.<\/p>\n<p>El Consell de l&#8217;Audiovisual de Catalunya convoca anualment els Premis el CAC a l&#8217;escola amb l&#8217;objectiu de fomentar l&#8217;educaci\u00f3 en comunicaci\u00f3 a les escoles. Hi poden participar tots els centres p\u00fablics i privats de Catalunya. En aquesta convocat\u00f2ria s\u2019han premiat 16 treballs. L\u2019acte va estar presidit pel President del Parlament de Catalunya, Roger Torrent.<\/p>\n<div class=\"ast-oembed-container \" style=\"height: 100%;\"><iframe loading=\"lazy\" title=\"Aula dial, 9a edici\u00f3, curs 2017 - 2018\" width=\"500\" height=\"281\" src=\"https:\/\/www.youtube.com\/embed\/_9CENR7gRng?feature=oembed\" frameborder=\"0\" allow=\"accelerometer; autoplay; clipboard-write; encrypted-media; gyroscope; picture-in-picture; web-share\" referrerpolicy=\"strict-origin-when-cross-origin\" allowfullscreen><\/iframe><\/div>\n<div class=\"ast-oembed-container \" style=\"height: 100%;\"><iframe loading=\"lazy\" title=\"Premis CAC 2018 Aula Dial\" width=\"500\" height=\"281\" src=\"https:\/\/www.youtube.com\/embed\/Q-533w6iiY8?feature=oembed\" frameborder=\"0\" allow=\"accelerometer; autoplay; clipboard-write; encrypted-media; gyroscope; picture-in-picture; web-share\" referrerpolicy=\"strict-origin-when-cross-origin\" allowfullscreen><\/iframe><\/div>\n<p><a href=\"https:\/\/www.educac.cat\/sites\/default\/files\/2018-06\/45R%C3%80DIO_EscolaLaVinyalaetal.pdf\" target=\"_blank\" rel=\"noopener noreferrer\">| Projecte educatiu |<\/a><\/p>\n<p><a href=\"https:\/\/www.flickr.com\/photos\/161586586@N06\/27860738497\/in\/album-72157694707691692\" target=\"_blank\" rel=\"noopener noreferrer\">| \u00c0lbum de fotografies de l&#8217;acte |<\/a><\/p>\n","protected":false},"excerpt":{"rendered":"<p>Aula dial , el programa de R\u00e0dio Sant Vicen\u00e7 que converteix els alumnes vicentins en periodistes, ha guanyat el Premi el CAC a l\u2019escola a la categoria de r\u00e0dio. Ha estat en la XV edici\u00f3 dels premis que atorga el Consell de l\u2019Audiovisual de Catalunya, que per primer cop han incorporat treballs de r\u00e0dio.<\/p>\n","protected":false},"author":1,"featured_media":13958,"comment_status":"open","ping_status":"closed","sticky":false,"template":"","format":"standard","meta":{"_bbp_topic_count":0,"_bbp_reply_count":0,"_bbp_total_topic_count":0,"_bbp_total_reply_count":0,"_bbp_voice_count":0,"_bbp_anonymous_reply_count":0,"_bbp_topic_count_hidden":0,"_bbp_reply_count_hidden":0,"_bbp_forum_subforum_count":0,"site-sidebar-layout":"default","site-content-layout":"","ast-site-content-layout":"","site-content-style":"default","site-sidebar-style":"default","ast-global-header-display":"","ast-banner-title-visibility":"","ast-main-header-display":"","ast-hfb-above-header-display":"","ast-hfb-below-header-display":"","ast-hfb-mobile-header-display":"","site-post-title":"","ast-breadcrumbs-content":"","ast-featured-img":"","footer-sml-layout":"","theme-transparent-header-meta":"","adv-header-id-meta":"","stick-header-meta":"","header-above-stick-meta":"","header-main-stick-meta":"","header-below-stick-meta":"","astra-migrate-meta-layouts":"default","ast-page-background-enabled":"default","ast-page-background-meta":{"desktop":{"background-color":"var(--ast-global-color-4)","background-image":"","background-repeat":"repeat","background-position":"center center","background-size":"auto","background-attachment":"scroll","background-type":"","background-media":"","overlay-type":"","overlay-color":"","overlay-opacity":"","overlay-gradient":""},"tablet":{"background-color":"","background-image":"","background-repeat":"repeat","background-position":"center center","background-size":"auto","background-attachment":"scroll","background-type":"","background-media":"","overlay-type":"","overlay-color":"","overlay-opacity":"","overlay-gradient":""},"mobile":{"background-color":"","background-image":"","background-repeat":"repeat","background-position":"center center","background-size":"auto","background-attachment":"scroll","background-type":"","background-media":"","overlay-type":"","overlay-color":"","overlay-opacity":"","overlay-gradient":""}},"ast-content-background-meta":{"desktop":{"background-color":"var(--ast-global-color-5)","background-image":"","background-repeat":"repeat","background-position":"center center","background-size":"auto","background-attachment":"scroll","background-type":"","background-media":"","overlay-type":"","overlay-color":"","overlay-opacity":"","overlay-gradient":""},"tablet":{"background-color":"var(--ast-global-color-5)","background-image":"","background-repeat":"repeat","background-position":"center center","background-size":"auto","background-attachment":"scroll","background-type":"","background-media":"","overlay-type":"","overlay-color":"","overlay-opacity":"","overlay-gradient":""},"mobile":{"background-color":"var(--ast-global-color-5)","background-image":"","background-repeat":"repeat","background-position":"center center","background-size":"auto","background-attachment":"scroll","background-type":"","background-media":"","overlay-type":"","overlay-color":"","overlay-opacity":"","overlay-gradient":""}},"footnotes":""},"categories":[1037,29],"tags":[312,446,842,873,876],"class_list":["post-13957","post","type-post","status-publish","format-standard","has-post-thumbnail","hentry","category-aula-dial","category-se-baixllobregat6","tag-cicle-superior","tag-educacio-primaria","tag-premis","tag-radio-a-lescola","tag-radio-sant-vicenc-dels-horts"],"post_mailing_queue_ids":[],"_links":{"self":[{"href":"https:\/\/serveiseducatius.xtec.cat\/baixllobregat6\/wp-json\/wp\/v2\/posts\/13957","targetHints":{"allow":["GET"]}}],"collection":[{"href":"https:\/\/serveiseducatius.xtec.cat\/baixllobregat6\/wp-json\/wp\/v2\/posts"}],"about":[{"href":"https:\/\/serveiseducatius.xtec.cat\/baixllobregat6\/wp-json\/wp\/v2\/types\/post"}],"author":[{"embeddable":true,"href":"https:\/\/serveiseducatius.xtec.cat\/baixllobregat6\/wp-json\/wp\/v2\/users\/1"}],"replies":[{"embeddable":true,"href":"https:\/\/serveiseducatius.xtec.cat\/baixllobregat6\/wp-json\/wp\/v2\/comments?post=13957"}],"version-history":[{"count":2,"href":"https:\/\/serveiseducatius.xtec.cat\/baixllobregat6\/wp-json\/wp\/v2\/posts\/13957\/revisions"}],"predecessor-version":[{"id":13960,"href":"https:\/\/serveiseducatius.xtec.cat\/baixllobregat6\/wp-json\/wp\/v2\/posts\/13957\/revisions\/13960"}],"wp:featuredmedia":[{"embeddable":true,"href":"https:\/\/serveiseducatius.xtec.cat\/baixllobregat6\/wp-json\/wp\/v2\/media\/13958"}],"wp:attachment":[{"href":"https:\/\/serveiseducatius.xtec.cat\/baixllobregat6\/wp-json\/wp\/v2\/media?parent=13957"}],"wp:term":[{"taxonomy":"category","embeddable":true,"href":"https:\/\/serveiseducatius.xtec.cat\/baixllobregat6\/wp-json\/wp\/v2\/categories?post=13957"},{"taxonomy":"post_tag","embeddable":true,"href":"https:\/\/serveiseducatius.xtec.cat\/baixllobregat6\/wp-json\/wp\/v2\/tags?post=13957"}],"curies":[{"name":"wp","href":"https:\/\/api.w.org\/{rel}","templated":true}]}}