{"id":13904,"date":"2016-07-01T13:29:43","date_gmt":"2016-07-01T11:29:43","guid":{"rendered":"http:\/\/serveiseducatius.xtec.cat\/baixllobregat6\/?p=13904"},"modified":"2024-11-15T11:23:37","modified_gmt":"2024-11-15T10:23:37","slug":"el-nino-bisiesto","status":"publish","type":"post","link":"https:\/\/serveiseducatius.xtec.cat\/baixllobregat6\/dinamitzacio\/ronda-de-llibres\/el-nino-bisiesto\/","title":{"rendered":"El ni\u00f1o bisiesto"},"content":{"rendered":"<p><img loading=\"lazy\" decoding=\"async\" class=\"alignleft wp-image-13791\" src=\"http:\/\/serveiseducatius.xtec.cat\/baixllobregat6\/wp-content\/uploads\/usu778\/2018\/06\/ni\u00f1obisiesto.jpg\" alt=\"\" width=\"160\" height=\"252\" \/>\u00a0de\u00a0<strong>Jos\u00e9 Lu\u00eds Alonso de Santos<\/strong><\/p>\n<p>il\u00b7lustracions de Federico Delicado<br \/>\nEditorial Kalandraka<br \/>\nPontevedra, 2015<br \/>\n94 p\u00e0gines<br \/>\nISBN 9788484649755<\/p>\n<h5>Resum:<\/h5>\n<p>Daniel es el narrador y protagonista de \u201cEl ni\u00f1o bisiesto\u201d. Lo apodan as\u00ed en el colegio porque naci\u00f3 un 29 de febrero. A Dani el detalle de haber nacido en a\u00f1o bisiesto no le hace ninguna gracia y se compara, por ejemplo, con Julio C\u00e9sar y Augusto que crearon sus propios meses porque le gustar\u00eda ser como ellos.<!--more--><\/p>\n<p>Adem\u00e1s, naci\u00f3 en un montacargas y, por si fuera poco, es un ni\u00f1o dado a sufrir percances y fracturas que se pasa media vida en el hospital. Ahora bien, Dani es tambi\u00e9n un ni\u00f1o listo, divertido y cr\u00edtico.<\/p>\n<p>Dani repasa su vida de ni\u00f1o de 10 a\u00f1os. Habla de sus hermanas, de sus padres y de la relaci\u00f3n que tiene con ellos. Comenta los aspectos propios de la escuela, con los t\u00edpicos matones de clase; sus primeros amores, las dudas y vacilaciones propias de su edad. Nos habla de sus miedos, de sus torpezas, del temor al rid\u00edculo y, sobre todo, nos transmite una mirada fresca, directa, no contaminada, de la infancia y sus problemas porque, no nos enga\u00f1emos, ser ni\u00f1o no es tampoco una tarea f\u00e1cil. Son muchos los frentes abiertos que tiene Dani y muchas sus preguntas, aunque a\u00fan sean pocas las respuestas.<\/p>\n<h2 style=\"text-align: center;\"><a href=\"http:\/\/serveiseducatius.xtec.cat\/baixllobregat6\/portada\/missatge-de-lautor-de-el-nino-bisiesto\/\">Missatge de Jos\u00e9 Lu\u00eds Alonso de Santos als seus lectors<\/a><\/h2>\n","protected":false},"excerpt":{"rendered":"<p>\u00a0de\u00a0Jos\u00e9 Lu\u00eds Alonso de Santos il\u00b7lustracions de Federico Delicado Editorial Kalandraka Pontevedra, 2015 94 p\u00e0gines ISBN 9788484649755 Resum: Daniel es el narrador y protagonista de \u201cEl ni\u00f1o bisiesto\u201d. Lo apodan as\u00ed en el colegio porque naci\u00f3 un 29 de febrero. A Dani el detalle de haber nacido en a\u00f1o bisiesto no le hace ninguna gracia [&hellip;]<\/p>\n","protected":false},"author":1,"featured_media":13791,"comment_status":"closed","ping_status":"closed","sticky":false,"template":"","format":"standard","meta":{"_bbp_topic_count":0,"_bbp_reply_count":0,"_bbp_total_topic_count":0,"_bbp_total_reply_count":0,"_bbp_voice_count":0,"_bbp_anonymous_reply_count":0,"_bbp_topic_count_hidden":0,"_bbp_reply_count_hidden":0,"_bbp_forum_subforum_count":0,"site-sidebar-layout":"default","site-content-layout":"","ast-site-content-layout":"","site-content-style":"default","site-sidebar-style":"default","ast-global-header-display":"","ast-banner-title-visibility":"","ast-main-header-display":"","ast-hfb-above-header-display":"","ast-hfb-below-header-display":"","ast-hfb-mobile-header-display":"","site-post-title":"","ast-breadcrumbs-content":"","ast-featured-img":"","footer-sml-layout":"","theme-transparent-header-meta":"","adv-header-id-meta":"","stick-header-meta":"","header-above-stick-meta":"","header-main-stick-meta":"","header-below-stick-meta":"","astra-migrate-meta-layouts":"default","ast-page-background-enabled":"default","ast-page-background-meta":{"desktop":{"background-color":"var(--ast-global-color-4)","background-image":"","background-repeat":"repeat","background-position":"center center","background-size":"auto","background-attachment":"scroll","background-type":"","background-media":"","overlay-type":"","overlay-color":"","overlay-opacity":"","overlay-gradient":""},"tablet":{"background-color":"","background-image":"","background-repeat":"repeat","background-position":"center center","background-size":"auto","background-attachment":"scroll","background-type":"","background-media":"","overlay-type":"","overlay-color":"","overlay-opacity":"","overlay-gradient":""},"mobile":{"background-color":"","background-image":"","background-repeat":"repeat","background-position":"center center","background-size":"auto","background-attachment":"scroll","background-type":"","background-media":"","overlay-type":"","overlay-color":"","overlay-opacity":"","overlay-gradient":""}},"ast-content-background-meta":{"desktop":{"background-color":"var(--ast-global-color-5)","background-image":"","background-repeat":"repeat","background-position":"center center","background-size":"auto","background-attachment":"scroll","background-type":"","background-media":"","overlay-type":"","overlay-color":"","overlay-opacity":"","overlay-gradient":""},"tablet":{"background-color":"var(--ast-global-color-5)","background-image":"","background-repeat":"repeat","background-position":"center center","background-size":"auto","background-attachment":"scroll","background-type":"","background-media":"","overlay-type":"","overlay-color":"","overlay-opacity":"","overlay-gradient":""},"mobile":{"background-color":"var(--ast-global-color-5)","background-image":"","background-repeat":"repeat","background-position":"center center","background-size":"auto","background-attachment":"scroll","background-type":"","background-media":"","overlay-type":"","overlay-color":"","overlay-opacity":"","overlay-gradient":""}},"footnotes":""},"categories":[1041],"tags":[311,693,1317,772,897],"class_list":["post-13904","post","type-post","status-publish","format-standard","has-post-thumbnail","hentry","category-ronda-de-llibres","tag-cicle-mitja","tag-literatura-infantil","tag-llibres-dimaginacio-i2","tag-novella-infantil-i-juvenil","tag-ronda-de-llibres"],"post_mailing_queue_ids":[],"_links":{"self":[{"href":"https:\/\/serveiseducatius.xtec.cat\/baixllobregat6\/wp-json\/wp\/v2\/posts\/13904","targetHints":{"allow":["GET"]}}],"collection":[{"href":"https:\/\/serveiseducatius.xtec.cat\/baixllobregat6\/wp-json\/wp\/v2\/posts"}],"about":[{"href":"https:\/\/serveiseducatius.xtec.cat\/baixllobregat6\/wp-json\/wp\/v2\/types\/post"}],"author":[{"embeddable":true,"href":"https:\/\/serveiseducatius.xtec.cat\/baixllobregat6\/wp-json\/wp\/v2\/users\/1"}],"replies":[{"embeddable":true,"href":"https:\/\/serveiseducatius.xtec.cat\/baixllobregat6\/wp-json\/wp\/v2\/comments?post=13904"}],"version-history":[{"count":3,"href":"https:\/\/serveiseducatius.xtec.cat\/baixllobregat6\/wp-json\/wp\/v2\/posts\/13904\/revisions"}],"predecessor-version":[{"id":28004,"href":"https:\/\/serveiseducatius.xtec.cat\/baixllobregat6\/wp-json\/wp\/v2\/posts\/13904\/revisions\/28004"}],"wp:featuredmedia":[{"embeddable":true,"href":"https:\/\/serveiseducatius.xtec.cat\/baixllobregat6\/wp-json\/wp\/v2\/media\/13791"}],"wp:attachment":[{"href":"https:\/\/serveiseducatius.xtec.cat\/baixllobregat6\/wp-json\/wp\/v2\/media?parent=13904"}],"wp:term":[{"taxonomy":"category","embeddable":true,"href":"https:\/\/serveiseducatius.xtec.cat\/baixllobregat6\/wp-json\/wp\/v2\/categories?post=13904"},{"taxonomy":"post_tag","embeddable":true,"href":"https:\/\/serveiseducatius.xtec.cat\/baixllobregat6\/wp-json\/wp\/v2\/tags?post=13904"}],"curies":[{"name":"wp","href":"https:\/\/api.w.org\/{rel}","templated":true}]}}