{"id":13780,"date":"2015-04-20T10:41:55","date_gmt":"2015-04-20T08:41:55","guid":{"rendered":"http:\/\/serveiseducatius.xtec.cat\/baixllobregat6\/?p=13780"},"modified":"2018-06-21T11:12:17","modified_gmt":"2018-06-21T09:12:17","slug":"enric-larreula-ens-anima-a-llegir-animalari","status":"publish","type":"post","link":"https:\/\/serveiseducatius.xtec.cat\/baixllobregat6\/dinamitzacio\/ronda-de-llibres\/enric-larreula-ens-anima-a-llegir-animalari\/","title":{"rendered":"Enric Larreula ens anima a llegir \u00abAnimalari\u00bb."},"content":{"rendered":"<p><img loading=\"lazy\" decoding=\"async\" class=\"aligncenter wp-image-13781 size-full\" src=\"http:\/\/serveiseducatius.xtec.cat\/baixllobregat6\/wp-content\/uploads\/usu778\/2018\/06\/larreula.jpg\" alt=\"\" width=\"480\" height=\"360\" srcset=\"https:\/\/serveiseducatius.xtec.cat\/baixllobregat6\/wp-content\/uploads\/usu778\/2018\/06\/larreula.jpg 480w, https:\/\/serveiseducatius.xtec.cat\/baixllobregat6\/wp-content\/uploads\/usu778\/2018\/06\/larreula-200x150.jpg 200w\" sizes=\"auto, (max-width: 480px) 100vw, 480px\" \/><\/p>\n<p><strong>Enric Larreula<\/strong> \u00e9s l&#8217;autor del llibre de poesia\u00a0<em>Animalari<\/em>, una de les lectures de la Ronda de Llibres.\u00a0Ha escrit una carta per als seus lectors.<\/p>\n<hr \/>\n<h6>Als alumnes.<\/h6>\n<p><em>Estimada gent.<\/em><\/p>\n<p><em>M\u2019han dit que entre els llibres que us heu llegit durant aquest curs hi ha el meu \u201cAnimalari\u201d. Ho celebro, perqu\u00e8 \u00e9s un llibre que a mi em va agradar molt escriure, m\u2019hi vaig divertir molt, i desitjaria que a vosaltres tamb\u00e9 us hagu\u00e9s agradat. Ja que per a mi \u00e9s una gran satisfacci\u00f3 comprovar que alguns dels meus textos han estat \u00fatils, i han servit perqu\u00e8 uns nens i nenes llegissin amb il\u2022lusi\u00f3, aprenguessin paraules, desenvolupessin idees, afinessin una mica m\u00e9s la seva sensibilitat. Somriguessin, somiessin, imaginessin, i per uns moments fossin una mica m\u00e9s feli\u00e7os.<\/em><\/p>\n<p><em>Per\u00f2 tamb\u00e9 s\u00e9 que tot aix\u00f2 no hauria estat possible sense la feina dels vostres mestres, que amb paci\u00e8ncia us han estimulat a llegir, que us han ajudat a comprendre, que us han engrescat a aprendre coses i a fer-vos grans. Gr\u00e0cies al seu treball ara molts de vosaltres us podeu adonar que la llengua no \u00e9s nom\u00e9s una assignatura que s\u2019ha d\u2019aprovar a final de curs i prou, sin\u00f3 que saber escriure \u00e9s una possibilitat extraordin\u00e0ria que ens permet relacionar-nos, comunicar-nos amb m\u00e9s efic\u00e0cia, que ens permet inventar i escriure hist\u00f2ries i aventures que ens agradaria que ens passessin, o no. En definitiva, que escriure ens permet adaptar-nos millor a la societat, ordenar els nostres pensaments i viure les coses amb molta m\u00e9s intensitat. I aix\u00f2 pot produir una gran felicitat, de deb\u00f2.<\/em><\/p>\n<p><em>Per tant, ara us toca a vosaltres, i en aquesta feina que us espera jo us desitjo tota la sort d\u2019aquest m\u00f3n.<\/em><\/p>\n<p><em>Cordialment.<\/em><\/p>\n<p><em>Enric Larreula Vidal, abril del 2015<\/em><\/p>\n<hr \/>\n<h5>Voleu con\u00e8ixer l&#8217;Enric Larreula?<\/h5>\n<p>Enric Larreula va n\u00e9ixer l&#8217;any 1941 al barri vell de Barcelona, fill d&#8217;una fam\u00edlia obrera que havia perdut totes les guerres. Als catorze anys va comen\u00e7ar a treballar en una f\u00e0brica, i a estudiar de nit fins a obtenir un mestratge industrial. M\u00e9s endavant va dedicar-se a dibuixar historietes d&#8217;aventures per a l&#8217;Editorial Bruguera. Un problema a la vista el va obligar a deixar el dibuix. L&#8217;any 1969 es va incorporar a les classes de llengua catalana que \u00d2mnium Cultural organitzava d&#8217;amagat en algunes escoles. Aix\u00ed va entrar en contacte amb el m\u00f3n de la immigraci\u00f3. Va quedar tan atrapat per la feina que ja no va deixar el m\u00f3n de l&#8217;ensenyament. Per aix\u00f2 als trenta-cinc anys es va posar a estudiar Filologia Catalana a la Universitat. Durant m\u00e9s de vint anys ha estat professor de did\u00e0ctica de la llengua a la Facultat de Ci\u00e8ncies de l&#8217;Educaci\u00f3 de la UAB. Al final dels setanta va comen\u00e7ar a publicar material did\u00e0ctic per aprendre catal\u00e0. Ha participat en la realitzaci\u00f3 d&#8217;una seixantena de llibres d&#8217;ensenyament. A l&#8217;any 1981 va comen\u00e7ar a publicar literatura per a infants, joves i adults. Actualment, ja han arribat al mercat m\u00e9s d&#8217;un centenar d&#8217;obres seves. Ha obtingut diversos premis: el <strong>V\u00edctor Catal\u00e0<\/strong> de conte i narraci\u00f3 1967, per <em>Recull de contes<\/em>; el <strong>Puig i Llensa<\/strong> (Premis Recull de contes de 1969) per <em>El pet\u00f3<\/em>; el premi <strong>Narrativa de Muntanya<\/strong> 1970 per <em>El pas de la nit<\/em>; el <strong>Xarxa d&#8217;assaig<\/strong> 1983 per <em>Les revistes infantils catalanes de 1939 en\u00e7\u00e0<\/em>; el <strong>Serra d&#8217;Or de literatura infantil<\/strong> 1984, per <em>Marduix<\/em>; el <strong>Pere Quart d&#8217;Humor i S\u00e0tira<\/strong> 1990, per <em>La propina<\/em> (premi que repeteix el 2000, amb <em>La dutxa<\/em>); el premi <strong>Lola Anglada<\/strong> 1991 per <em>Contes per a un m\u00f3n millor<\/em>, i el <strong>Gran Angular<\/strong> 1994 per <em>Els arbres passaven ran de finestra<\/em>. En el camp de la pedagogia ha obtingut un dels premis <strong>Baldiri Reixach<\/strong> de 1979. L&#8217;any 2002 li va ser concedit el <strong>Premi Jaume Primer d&#8217;Actuaci\u00f3 C\u00edvica Catalana<\/strong>. Algunes de les seves obres han estat tradu\u00efdes a altres lleng\u00fces: alemany, angl\u00e8s, basc, dan\u00e8s, espanyol, fin\u00e8s, franc\u00e8s, galaicoportugu\u00e8s, itali\u00e0, japon\u00e8s i suec.<\/p>\n","protected":false},"excerpt":{"rendered":"<p>Enric Larreula \u00e9s l&#8217;autor del llibre de poesia\u00a0Animalari, una de les lectures de la Ronda de Llibres.\u00a0Ha escrit una carta per als seus lectors. Als alumnes. Estimada gent. M\u2019han dit que entre els llibres que us heu llegit durant aquest curs hi ha el meu \u201cAnimalari\u201d. Ho celebro, perqu\u00e8 \u00e9s un llibre que a mi [&hellip;]<\/p>\n","protected":false},"author":1,"featured_media":13781,"comment_status":"open","ping_status":"closed","sticky":false,"template":"","format":"standard","meta":{"_bbp_topic_count":0,"_bbp_reply_count":0,"_bbp_total_topic_count":0,"_bbp_total_reply_count":0,"_bbp_voice_count":0,"_bbp_anonymous_reply_count":0,"_bbp_topic_count_hidden":0,"_bbp_reply_count_hidden":0,"_bbp_forum_subforum_count":0,"site-sidebar-layout":"default","site-content-layout":"","ast-site-content-layout":"","site-content-style":"default","site-sidebar-style":"default","ast-global-header-display":"","ast-banner-title-visibility":"","ast-main-header-display":"","ast-hfb-above-header-display":"","ast-hfb-below-header-display":"","ast-hfb-mobile-header-display":"","site-post-title":"","ast-breadcrumbs-content":"","ast-featured-img":"","footer-sml-layout":"","theme-transparent-header-meta":"","adv-header-id-meta":"","stick-header-meta":"","header-above-stick-meta":"","header-main-stick-meta":"","header-below-stick-meta":"","astra-migrate-meta-layouts":"default","ast-page-background-enabled":"default","ast-page-background-meta":{"desktop":{"background-color":"var(--ast-global-color-4)","background-image":"","background-repeat":"repeat","background-position":"center center","background-size":"auto","background-attachment":"scroll","background-type":"","background-media":"","overlay-type":"","overlay-color":"","overlay-opacity":"","overlay-gradient":""},"tablet":{"background-color":"","background-image":"","background-repeat":"repeat","background-position":"center center","background-size":"auto","background-attachment":"scroll","background-type":"","background-media":"","overlay-type":"","overlay-color":"","overlay-opacity":"","overlay-gradient":""},"mobile":{"background-color":"","background-image":"","background-repeat":"repeat","background-position":"center center","background-size":"auto","background-attachment":"scroll","background-type":"","background-media":"","overlay-type":"","overlay-color":"","overlay-opacity":"","overlay-gradient":""}},"ast-content-background-meta":{"desktop":{"background-color":"var(--ast-global-color-5)","background-image":"","background-repeat":"repeat","background-position":"center center","background-size":"auto","background-attachment":"scroll","background-type":"","background-media":"","overlay-type":"","overlay-color":"","overlay-opacity":"","overlay-gradient":""},"tablet":{"background-color":"var(--ast-global-color-5)","background-image":"","background-repeat":"repeat","background-position":"center center","background-size":"auto","background-attachment":"scroll","background-type":"","background-media":"","overlay-type":"","overlay-color":"","overlay-opacity":"","overlay-gradient":""},"mobile":{"background-color":"var(--ast-global-color-5)","background-image":"","background-repeat":"repeat","background-position":"center center","background-size":"auto","background-attachment":"scroll","background-type":"","background-media":"","overlay-type":"","overlay-color":"","overlay-opacity":"","overlay-gradient":""}},"footnotes":""},"categories":[1041],"tags":[311,592,100,693,897],"class_list":["post-13780","post","type-post","status-publish","format-standard","has-post-thumbnail","hentry","category-ronda-de-llibres","tag-cicle-mitja","tag-gust-per-la-lectura","tag-lectura","tag-literatura-infantil","tag-ronda-de-llibres"],"post_mailing_queue_ids":[],"_links":{"self":[{"href":"https:\/\/serveiseducatius.xtec.cat\/baixllobregat6\/wp-json\/wp\/v2\/posts\/13780","targetHints":{"allow":["GET"]}}],"collection":[{"href":"https:\/\/serveiseducatius.xtec.cat\/baixllobregat6\/wp-json\/wp\/v2\/posts"}],"about":[{"href":"https:\/\/serveiseducatius.xtec.cat\/baixllobregat6\/wp-json\/wp\/v2\/types\/post"}],"author":[{"embeddable":true,"href":"https:\/\/serveiseducatius.xtec.cat\/baixllobregat6\/wp-json\/wp\/v2\/users\/1"}],"replies":[{"embeddable":true,"href":"https:\/\/serveiseducatius.xtec.cat\/baixllobregat6\/wp-json\/wp\/v2\/comments?post=13780"}],"version-history":[{"count":2,"href":"https:\/\/serveiseducatius.xtec.cat\/baixllobregat6\/wp-json\/wp\/v2\/posts\/13780\/revisions"}],"predecessor-version":[{"id":13783,"href":"https:\/\/serveiseducatius.xtec.cat\/baixllobregat6\/wp-json\/wp\/v2\/posts\/13780\/revisions\/13783"}],"wp:featuredmedia":[{"embeddable":true,"href":"https:\/\/serveiseducatius.xtec.cat\/baixllobregat6\/wp-json\/wp\/v2\/media\/13781"}],"wp:attachment":[{"href":"https:\/\/serveiseducatius.xtec.cat\/baixllobregat6\/wp-json\/wp\/v2\/media?parent=13780"}],"wp:term":[{"taxonomy":"category","embeddable":true,"href":"https:\/\/serveiseducatius.xtec.cat\/baixllobregat6\/wp-json\/wp\/v2\/categories?post=13780"},{"taxonomy":"post_tag","embeddable":true,"href":"https:\/\/serveiseducatius.xtec.cat\/baixllobregat6\/wp-json\/wp\/v2\/tags?post=13780"}],"curies":[{"name":"wp","href":"https:\/\/api.w.org\/{rel}","templated":true}]}}