{"id":13771,"date":"2012-03-10T10:08:23","date_gmt":"2012-03-10T09:08:23","guid":{"rendered":"http:\/\/serveiseducatius.xtec.cat\/baixllobregat6\/?p=13771"},"modified":"2018-06-21T10:16:17","modified_gmt":"2018-06-21T08:16:17","slug":"merce-anguera-explica-alguns-secrets-de-les-antibarbis","status":"publish","type":"post","link":"https:\/\/serveiseducatius.xtec.cat\/baixllobregat6\/dinamitzacio\/ronda-de-llibres\/merce-anguera-explica-alguns-secrets-de-les-antibarbis\/","title":{"rendered":"Merc\u00e8 Anguera explica alguns secrets de les Antibarbis"},"content":{"rendered":"<p><img loading=\"lazy\" decoding=\"async\" class=\"aligncenter wp-image-13772 size-full\" src=\"http:\/\/serveiseducatius.xtec.cat\/baixllobregat6\/wp-content\/uploads\/usu778\/2018\/06\/MerceAnguera.jpg\" alt=\"\" width=\"520\" height=\"280\" \/><\/p>\n<p>La <strong>Merc\u00e8 Anguera<\/strong> \u00e9s l\u2019autora de <em>\u201cNo fotis, Marta!\u201d<\/em>, una de les novel\u00b7les que els alumnes que participen a la Ronda de llibres han de llegir. La Merc\u00e8 ha tingut l\u2019amabilitat d\u2019escriure aquesta carta on ens explica alguns secrets de les Antibarbis:<\/p>\n<hr \/>\n<p><em>Bon dia, nois i noies de quart. Com anem?<\/em><\/p>\n<p><em>Em fa il\u2022lusi\u00f3 que llegiu \u201cNo fotis, Marta!\u201d per la vostra \u201cRonda de llibres\u201d.<\/em><\/p>\n<p><em>Em sembla que ja sabeu que a m\u00e9s a m\u00e9s d\u2019escriptora s\u00f3c mestra, i que treballo a una escola de Corbera. Per aix\u00f2 us tinc una confian\u00e7a especial, i penso que us puc explicar alguns secrets sobre les Antibarbis que no coneix gaireb\u00e9 ning\u00fa.<\/em><br \/>\n<em>La primera Antibarbi va ser la Nao. I, al comen\u00e7ament, nom\u00e9s em vaig inventar una cosa d\u2019ella: el seu nom! Se\u2019m va acudir al tramvia, a Barcelona, i, no s\u00e9 per quina ra\u00f3, vaig veure clar\u00edssim que era xinesa, i que li agradaven les motxilles amb gatets.<\/em><\/p>\n<p><em>La segona Antibarbi va ser l\u2019Eli. Fa molts, molts anys, quan jo encara no era ni mestra ni escriptora i feia quart de prim\u00e0ria, a la meva classe va arribar una nena nova. Es deia Lydia i estava una mica trista perqu\u00e8 els seus pares s\u2019havien separat. Tenia el nas ple de pigues i era una noia seriosa, semblava que fos una persona gran. Estudiava molt i molt i sempre treia bones notes, per\u00f2 gaireb\u00e9 mai reia. A mi m\u2019agradava aprendre coses, per\u00f2 era una nena bastant despistada i una mica desastre, i sempre em feia embolics, sobretot amb les mates. Com que la Lydia i jo viv\u00edem al mateix barri, que estava molt lluny de la nostra escola, f\u00e8iem cada dia un viatge llargu\u00edssim amb un autob\u00fas, el 64, que travessava Barcelona de punta a punta. Al 64, la Lydia intentava que jo entengu\u00e9s els deures, en canvi jo xerrava i xerrava sense parar, comentant el que v\u00e8iem pel carrer i el que havia passat a classe i al pati, i altres hist\u00f2ries que se m\u2019acudien i, en general, parlant de tot menys de mates. La Lydia feia veure que s\u2019enfadava per\u00f2 acabava escapant-se-li una rialleta petita, i despr\u00e9s una altra de m\u00e9s grossa, i al final sempre acabava plorant de riure i s\u2019havia de treure les ulleres, que se li entelaven. Jo, moltes vegades aprofitava per asseure-m\u2019hi a sobre i aixafar-les, sense voler, la qual cosa tornava a fer-la enfadar\u2026 Ja us deveu imaginar que ens vam fer molt amigues. Ara ella \u00e9s una gran cient\u00edfica i viu a Anglaterra. Quan vaig publicar \u201cNo fotis, Marta\u201d li vaig enviar, i al cap de pocs dies vaig rebre una trucada: \u201cL\u2019Eli s\u00f3c jo, oi ?- em va dir- I tu ets la Marta, eh, lloro! \u201c \u201cAra em renyar\u00e0, com sempre\u201d \u2013 vaig pensar. Per\u00f2 no! Va dir: \u201cMentre llegia el teu llibre, em moria de ganes de tornar a tenir onze anys . Va ser un temps feli\u00e7, oi? No semblava un temps feli\u00e7, per\u00f2 ho era.\u201d<\/em><\/p>\n<p><em>La Lydia l\u2019havia encertada, com sempre, igual que l\u2019Eli. Perqu\u00e8 el tercer secret \u00e9s aquest: la Marta \u00e9s, de les tres Antibarbis, la que s\u2019assembla m\u00e9s a mi. No t\u00e9 res de particular per\u00f2 xerra, xerra, xerra, s\u2019inventa coses i despr\u00e9s es pensa que s\u00f3n veritat, fica la pota a base de b\u00e9 i llavors no sap massa com arreglar-ho\u2026<\/em><\/p>\n<p><em>Escriure \u201cNo fotis, Marta!\u201d i la resta de llibres de les Antibarbis em va agradar, perqu\u00e8 jo tamb\u00e9 tenia la sensaci\u00f3 que el temps havia fet un salt enrere, que tornava a tenir deu o onze anys i anava a l\u2019escola amb les meves amigues. Enyoro aquell temps! Sort que, amb la feina de mestre, el recupero una mica cada dia, a l\u2019escola. Ben mirat potser per aix\u00f2 em vaig fer mestra: per no perdre de vista el m\u00f3n dels nens i nenes, el vostre m\u00f3n. I, evidentment, em vaig fer escriptora per poder seguir explicant coses sense parar i sense que ning\u00fa em reny\u00e9s!<\/em><\/p>\n<p><em>Espero que us ho passeu tan b\u00e9 llegint \u201cNo fotis, Marta!\u201d com jo m\u2019ho vaig passar escrivint-lo, igual que llegint els altres llibres de La Ronda de Llibres. I que guanyin els millors ! B\u00e9, en realitat, quan llegim coses que ens agraden, sempre hi sortim guanyant\u2026 Per\u00f2 aix\u00f2 ja seria un altre tema.<\/em><\/p>\n<p><em>Fins molt aviat<\/em><\/p>\n<p><em>Merc\u00e8 Anguera.<\/em><\/p>\n<p><em>PS. Si us plau, no li expliqueu a ning\u00fa aquests secrets de les Antibarbis. Ja heu vist qu\u00e8 pot passar quan s\u2019esbomben els secrets !<\/em><\/p>\n<hr \/>\n<h5>Voleu con\u00e8ixer m\u00e9s coses de la Merc\u00e8 Anguera?<\/h5>\n<p>L&#8217;any 1961 va n\u00e9ixer a Barcelona i actualment resideix a Corbera de Llobregat on fa de mestra. T\u00e9 el record d\u2019una infantesa lenta, a la seva ciutat, que llavors li semblava immensa, gris i plujosa. No va ser un nena juganera: de seguida va ficar el nas a dins d\u2019un llibre, i encara no l\u2019ha tret. Va tenir sort i va poder anar a bones escoles, vives i engrescadores. Potser per aix\u00f2 es va fer mestra, i encara ho \u00e9s. Despr\u00e9s, el temps va comen\u00e7ar a passar-li de pressa. Amics, idees, parella, poble, fill, feina, tot amanit amb paraules dites, llegides i escrites (i algunes rialles, i algunes penes). Fins que un dia, no fa gaire temps, una mica per sorpresa li van publicar un conte, i un altre, i van venir premis, i, el millor de tot: lectors. Ara el seu repte \u00e9s prendre un altre ofici, l\u2019ofici d\u2019escriure\u2026<\/p>\n<p>Ha publicat contes com <em>Caga Ti\u00f3<\/em> (<strong>Premi Conte Kurt<\/strong>, 2002), <em>S\u00f3c molt Maria<\/em> (<strong>Premi Hospital Sant Joan de D\u00e9u<\/strong>, 2002) i <em>I ara qu\u00e8?<\/em> Ha guanyat el <strong>premi de narrativa Folch i Torres<\/strong> 2004 amb <em>La hist\u00f2ria d\u2019en Robert<\/em>, la seva primera novel\u00b7la i el <strong>Joaquim Ruyra<\/strong> 2011 amb <em>La princesa invisible<\/em>. L\u2019any 2006 va comen\u00e7ar a publicar les novel\u00b7les de la s\u00e8rie Antibarbis; <em>No fotis, Marta!, Supermegaextraescolars, Tres del\u00edcies, Pixapins i companyia, Punts suspensius<\/em> i <em>Quatre gats<\/em> (<strong>Premi Atrapallibres<\/strong>, 2009).<\/p>\n","protected":false},"excerpt":{"rendered":"<p>La Merc\u00e8 Anguera \u00e9s l\u2019autora de \u201cNo fotis, Marta!\u201d, una de les novel\u00b7les que els alumnes que participen a la Ronda de llibres han de llegir. La Merc\u00e8 ha tingut l\u2019amabilitat d\u2019escriure aquesta carta on ens explica alguns secrets de les Antibarbis: Bon dia, nois i noies de quart. Com anem? Em fa il\u2022lusi\u00f3 que [&hellip;]<\/p>\n","protected":false},"author":1,"featured_media":13772,"comment_status":"open","ping_status":"closed","sticky":false,"template":"","format":"standard","meta":{"_bbp_topic_count":0,"_bbp_reply_count":0,"_bbp_total_topic_count":0,"_bbp_total_reply_count":0,"_bbp_voice_count":0,"_bbp_anonymous_reply_count":0,"_bbp_topic_count_hidden":0,"_bbp_reply_count_hidden":0,"_bbp_forum_subforum_count":0,"site-sidebar-layout":"default","site-content-layout":"","ast-site-content-layout":"","site-content-style":"default","site-sidebar-style":"default","ast-global-header-display":"","ast-banner-title-visibility":"","ast-main-header-display":"","ast-hfb-above-header-display":"","ast-hfb-below-header-display":"","ast-hfb-mobile-header-display":"","site-post-title":"","ast-breadcrumbs-content":"","ast-featured-img":"","footer-sml-layout":"","theme-transparent-header-meta":"","adv-header-id-meta":"","stick-header-meta":"","header-above-stick-meta":"","header-main-stick-meta":"","header-below-stick-meta":"","astra-migrate-meta-layouts":"default","ast-page-background-enabled":"default","ast-page-background-meta":{"desktop":{"background-color":"var(--ast-global-color-4)","background-image":"","background-repeat":"repeat","background-position":"center center","background-size":"auto","background-attachment":"scroll","background-type":"","background-media":"","overlay-type":"","overlay-color":"","overlay-opacity":"","overlay-gradient":""},"tablet":{"background-color":"","background-image":"","background-repeat":"repeat","background-position":"center center","background-size":"auto","background-attachment":"scroll","background-type":"","background-media":"","overlay-type":"","overlay-color":"","overlay-opacity":"","overlay-gradient":""},"mobile":{"background-color":"","background-image":"","background-repeat":"repeat","background-position":"center center","background-size":"auto","background-attachment":"scroll","background-type":"","background-media":"","overlay-type":"","overlay-color":"","overlay-opacity":"","overlay-gradient":""}},"ast-content-background-meta":{"desktop":{"background-color":"var(--ast-global-color-5)","background-image":"","background-repeat":"repeat","background-position":"center center","background-size":"auto","background-attachment":"scroll","background-type":"","background-media":"","overlay-type":"","overlay-color":"","overlay-opacity":"","overlay-gradient":""},"tablet":{"background-color":"var(--ast-global-color-5)","background-image":"","background-repeat":"repeat","background-position":"center center","background-size":"auto","background-attachment":"scroll","background-type":"","background-media":"","overlay-type":"","overlay-color":"","overlay-opacity":"","overlay-gradient":""},"mobile":{"background-color":"var(--ast-global-color-5)","background-image":"","background-repeat":"repeat","background-position":"center center","background-size":"auto","background-attachment":"scroll","background-type":"","background-media":"","overlay-type":"","overlay-color":"","overlay-opacity":"","overlay-gradient":""}},"footnotes":""},"categories":[1041],"tags":[311,592,100,693,897],"class_list":["post-13771","post","type-post","status-publish","format-standard","has-post-thumbnail","hentry","category-ronda-de-llibres","tag-cicle-mitja","tag-gust-per-la-lectura","tag-lectura","tag-literatura-infantil","tag-ronda-de-llibres"],"post_mailing_queue_ids":[],"_links":{"self":[{"href":"https:\/\/serveiseducatius.xtec.cat\/baixllobregat6\/wp-json\/wp\/v2\/posts\/13771","targetHints":{"allow":["GET"]}}],"collection":[{"href":"https:\/\/serveiseducatius.xtec.cat\/baixllobregat6\/wp-json\/wp\/v2\/posts"}],"about":[{"href":"https:\/\/serveiseducatius.xtec.cat\/baixllobregat6\/wp-json\/wp\/v2\/types\/post"}],"author":[{"embeddable":true,"href":"https:\/\/serveiseducatius.xtec.cat\/baixllobregat6\/wp-json\/wp\/v2\/users\/1"}],"replies":[{"embeddable":true,"href":"https:\/\/serveiseducatius.xtec.cat\/baixllobregat6\/wp-json\/wp\/v2\/comments?post=13771"}],"version-history":[{"count":1,"href":"https:\/\/serveiseducatius.xtec.cat\/baixllobregat6\/wp-json\/wp\/v2\/posts\/13771\/revisions"}],"predecessor-version":[{"id":13773,"href":"https:\/\/serveiseducatius.xtec.cat\/baixllobregat6\/wp-json\/wp\/v2\/posts\/13771\/revisions\/13773"}],"wp:featuredmedia":[{"embeddable":true,"href":"https:\/\/serveiseducatius.xtec.cat\/baixllobregat6\/wp-json\/wp\/v2\/media\/13772"}],"wp:attachment":[{"href":"https:\/\/serveiseducatius.xtec.cat\/baixllobregat6\/wp-json\/wp\/v2\/media?parent=13771"}],"wp:term":[{"taxonomy":"category","embeddable":true,"href":"https:\/\/serveiseducatius.xtec.cat\/baixllobregat6\/wp-json\/wp\/v2\/categories?post=13771"},{"taxonomy":"post_tag","embeddable":true,"href":"https:\/\/serveiseducatius.xtec.cat\/baixllobregat6\/wp-json\/wp\/v2\/tags?post=13771"}],"curies":[{"name":"wp","href":"https:\/\/api.w.org\/{rel}","templated":true}]}}