{"id":13034,"date":"2018-05-30T09:39:12","date_gmt":"2018-05-30T07:39:12","guid":{"rendered":"http:\/\/serveiseducatius.xtec.cat\/baixllobregat6\/?p=13034"},"modified":"2018-06-18T09:39:06","modified_gmt":"2018-06-18T07:39:06","slug":"lescola-sant-jordi-ha-guanyat-la-rondadellibres-2018","status":"publish","type":"post","link":"https:\/\/serveiseducatius.xtec.cat\/baixllobregat6\/se-baixllobregat6\/lescola-sant-jordi-ha-guanyat-la-rondadellibres-2018\/","title":{"rendered":"L&#8217;Escola Sant Jordi ha guanyat la #rondadellibres 2018 (Edici\u00f3 educaci\u00f3 prim\u00e0ria)"},"content":{"rendered":"<p><img loading=\"lazy\" decoding=\"async\" class=\"aligncenter wp-image-13529\" src=\"http:\/\/serveiseducatius.xtec.cat\/baixllobregat6\/wp-content\/uploads\/usu778\/2018\/05\/IMG-20180531-WA0008-520x390.jpg\" alt=\"\" width=\"800\" height=\"600\" srcset=\"https:\/\/serveiseducatius.xtec.cat\/baixllobregat6\/wp-content\/uploads\/usu778\/2018\/05\/IMG-20180531-WA0008-520x390.jpg 520w, https:\/\/serveiseducatius.xtec.cat\/baixllobregat6\/wp-content\/uploads\/usu778\/2018\/05\/IMG-20180531-WA0008-768x576.jpg 768w, https:\/\/serveiseducatius.xtec.cat\/baixllobregat6\/wp-content\/uploads\/usu778\/2018\/05\/IMG-20180531-WA0008-1024x768.jpg 1024w, https:\/\/serveiseducatius.xtec.cat\/baixllobregat6\/wp-content\/uploads\/usu778\/2018\/05\/IMG-20180531-WA0008-200x150.jpg 200w, https:\/\/serveiseducatius.xtec.cat\/baixllobregat6\/wp-content\/uploads\/usu778\/2018\/05\/IMG-20180531-WA0008.jpg 1600w\" sizes=\"auto, (max-width: 800px) 100vw, 800px\" \/><\/p>\n<p>La Ronda de Llibres 2018\u00a0va\u00a0celebrar la seva gran final. Va comptar amb la participaci\u00f3 de les classes:<\/p>\n<blockquote>\n<ul>\n<li>4t Escola El Corb (Corbera de Llobregat)<\/li>\n<li>4t B Escola La Garalda (Pallej\u00e0)<\/li>\n<li>4t A Escola Sant Jordi (Sant Vicen\u00e7 dels Horts)<\/li>\n<\/ul>\n<\/blockquote>\n<p><!--more--><\/p>\n<p>La final, que es va fer en videoconfer\u00e8ncia,\u00a0va ser molt disputada. El nivell d&#8217;encerts fou molt elevat, fins al punt que un cop jugada tota la ronda, es va haver d&#8217;arribar\u00a0al desempat, entre les escoles El Corb i Sant Jordi, per <em>mort sobtada:<\/em> ambd\u00f3s grups-classe havien passat la primera ronda de preguntes amb un cent per cent d&#8217;encerts.<\/p>\n<figure id=\"attachment_13042\" aria-describedby=\"caption-attachment-13042\" style=\"width: 800px\" class=\"wp-caption aligncenter\"><img loading=\"lazy\" decoding=\"async\" class=\"wp-image-13042 size-full\" src=\"http:\/\/serveiseducatius.xtec.cat\/baixllobregat6\/wp-content\/uploads\/usu778\/2018\/05\/20180529_103831.jpg\" alt=\"\" width=\"800\" height=\"463\" srcset=\"https:\/\/serveiseducatius.xtec.cat\/baixllobregat6\/wp-content\/uploads\/usu778\/2018\/05\/20180529_103831.jpg 800w, https:\/\/serveiseducatius.xtec.cat\/baixllobregat6\/wp-content\/uploads\/usu778\/2018\/05\/20180529_103831-520x301.jpg 520w, https:\/\/serveiseducatius.xtec.cat\/baixllobregat6\/wp-content\/uploads\/usu778\/2018\/05\/20180529_103831-768x444.jpg 768w\" sizes=\"auto, (max-width: 800px) 100vw, 800px\" \/><figcaption id=\"caption-attachment-13042\" class=\"wp-caption-text\">Escola El Corb<\/figcaption><\/figure>\n<p>El desempat\u00a0va decantar la balan\u00e7a a favor de\u00a0l&#8217;alumnat de l&#8217;<strong>Escola Sant Jordi<\/strong>\u00a0proclamant-se aix\u00ed com a guanyadora de la 7a edici\u00f3 de la <em><strong>Ronda de Llibres<\/strong><\/em>\u00a0(&#8216;Educaci\u00f3 Prim\u00e0ria).<\/p>\n<p>La Ronda de llibres \u00e9s una activitat que s&#8217;ofereix a l&#8217;alumnat de 4t de les escoles i de 1r d&#8217;ESO dels instituts de la demarcaci\u00f3 territorial del Servei Educatiu Baix Llobregat-6. Enguany hi han participat al voltant de 1100 alumnes de 18 escoles i 4 instituts.<\/p>\n<p>S&#8217;ha de fer constar que aquesta activitat no es podria dur a terme sense la implicaci\u00f3 de les biblioteques municipals de Cervell\u00f3, Can Bar\u00f3 (Corbera de Llobregat), El Castell (Pallej\u00e0) i Les Voltes (Sant Vicen\u00e7 dels Horts). Elles han estat les encarregades d&#8217;organitzar la primera fase dels Grups 1, 2, 3 i 4.<\/p>\n<p>Enhorabona a tothom. Heu demostrat que sou uns grans lectors. Cada any que passa el nivell d&#8217;encerts \u00e9s m\u00e9s elevat, aquest any hem fet un c\u00e0lcul sobre la mitjana d&#8217;encerts i es pot afirmar que ha estat de 6 respostes encertades sobre les 8 formulades. Cal felicitar als centres per la feina que estan fent en el camp de la lectura.<\/p>\n<p>&nbsp;<\/p>\n<p>&nbsp;<\/p>\n","protected":false},"excerpt":{"rendered":"<p>La Ronda de Llibres 2018\u00a0va\u00a0celebrar la seva gran final. Va comptar amb la participaci\u00f3 de les classes: 4t Escola El Corb (Corbera de Llobregat) 4t B Escola La Garalda (Pallej\u00e0) 4t A Escola Sant Jordi (Sant Vicen\u00e7 dels Horts)<\/p>\n","protected":false},"author":1,"featured_media":13529,"comment_status":"open","ping_status":"closed","sticky":false,"template":"","format":"standard","meta":{"_bbp_topic_count":0,"_bbp_reply_count":0,"_bbp_total_topic_count":0,"_bbp_total_reply_count":0,"_bbp_voice_count":0,"_bbp_anonymous_reply_count":0,"_bbp_topic_count_hidden":0,"_bbp_reply_count_hidden":0,"_bbp_forum_subforum_count":0,"site-sidebar-layout":"default","site-content-layout":"","ast-site-content-layout":"","site-content-style":"default","site-sidebar-style":"default","ast-global-header-display":"","ast-banner-title-visibility":"","ast-main-header-display":"","ast-hfb-above-header-display":"","ast-hfb-below-header-display":"","ast-hfb-mobile-header-display":"","site-post-title":"","ast-breadcrumbs-content":"","ast-featured-img":"","footer-sml-layout":"","theme-transparent-header-meta":"","adv-header-id-meta":"","stick-header-meta":"","header-above-stick-meta":"","header-main-stick-meta":"","header-below-stick-meta":"","astra-migrate-meta-layouts":"default","ast-page-background-enabled":"default","ast-page-background-meta":{"desktop":{"background-color":"var(--ast-global-color-4)","background-image":"","background-repeat":"repeat","background-position":"center center","background-size":"auto","background-attachment":"scroll","background-type":"","background-media":"","overlay-type":"","overlay-color":"","overlay-opacity":"","overlay-gradient":""},"tablet":{"background-color":"","background-image":"","background-repeat":"repeat","background-position":"center center","background-size":"auto","background-attachment":"scroll","background-type":"","background-media":"","overlay-type":"","overlay-color":"","overlay-opacity":"","overlay-gradient":""},"mobile":{"background-color":"","background-image":"","background-repeat":"repeat","background-position":"center center","background-size":"auto","background-attachment":"scroll","background-type":"","background-media":"","overlay-type":"","overlay-color":"","overlay-opacity":"","overlay-gradient":""}},"ast-content-background-meta":{"desktop":{"background-color":"var(--ast-global-color-5)","background-image":"","background-repeat":"repeat","background-position":"center center","background-size":"auto","background-attachment":"scroll","background-type":"","background-media":"","overlay-type":"","overlay-color":"","overlay-opacity":"","overlay-gradient":""},"tablet":{"background-color":"var(--ast-global-color-5)","background-image":"","background-repeat":"repeat","background-position":"center center","background-size":"auto","background-attachment":"scroll","background-type":"","background-media":"","overlay-type":"","overlay-color":"","overlay-opacity":"","overlay-gradient":""},"mobile":{"background-color":"var(--ast-global-color-5)","background-image":"","background-repeat":"repeat","background-position":"center center","background-size":"auto","background-attachment":"scroll","background-type":"","background-media":"","overlay-type":"","overlay-color":"","overlay-opacity":"","overlay-gradient":""}},"footnotes":""},"categories":[29,1041],"tags":[372,446,1617,1562,507,100,795,897,907,911],"class_list":["post-13034","post","type-post","status-publish","format-standard","has-post-thumbnail","hentry","category-se-baixllobregat6","category-ronda-de-llibres","tag-corbera-de-llobregat","tag-educacio-primaria","tag-esc-el-corb","tag-escola-la-garalda","tag-escola-sant-jordi","tag-lectura","tag-palleja","tag-ronda-de-llibres","tag-sant-vicenc-dels-horts","tag-secundaria-obligatoria"],"post_mailing_queue_ids":[],"_links":{"self":[{"href":"https:\/\/serveiseducatius.xtec.cat\/baixllobregat6\/wp-json\/wp\/v2\/posts\/13034","targetHints":{"allow":["GET"]}}],"collection":[{"href":"https:\/\/serveiseducatius.xtec.cat\/baixllobregat6\/wp-json\/wp\/v2\/posts"}],"about":[{"href":"https:\/\/serveiseducatius.xtec.cat\/baixllobregat6\/wp-json\/wp\/v2\/types\/post"}],"author":[{"embeddable":true,"href":"https:\/\/serveiseducatius.xtec.cat\/baixllobregat6\/wp-json\/wp\/v2\/users\/1"}],"replies":[{"embeddable":true,"href":"https:\/\/serveiseducatius.xtec.cat\/baixllobregat6\/wp-json\/wp\/v2\/comments?post=13034"}],"version-history":[{"count":4,"href":"https:\/\/serveiseducatius.xtec.cat\/baixllobregat6\/wp-json\/wp\/v2\/posts\/13034\/revisions"}],"predecessor-version":[{"id":13692,"href":"https:\/\/serveiseducatius.xtec.cat\/baixllobregat6\/wp-json\/wp\/v2\/posts\/13034\/revisions\/13692"}],"wp:featuredmedia":[{"embeddable":true,"href":"https:\/\/serveiseducatius.xtec.cat\/baixllobregat6\/wp-json\/wp\/v2\/media\/13529"}],"wp:attachment":[{"href":"https:\/\/serveiseducatius.xtec.cat\/baixllobregat6\/wp-json\/wp\/v2\/media?parent=13034"}],"wp:term":[{"taxonomy":"category","embeddable":true,"href":"https:\/\/serveiseducatius.xtec.cat\/baixllobregat6\/wp-json\/wp\/v2\/categories?post=13034"},{"taxonomy":"post_tag","embeddable":true,"href":"https:\/\/serveiseducatius.xtec.cat\/baixllobregat6\/wp-json\/wp\/v2\/tags?post=13034"}],"curies":[{"name":"wp","href":"https:\/\/api.w.org\/{rel}","templated":true}]}}