{"id":12826,"date":"2018-05-07T16:57:05","date_gmt":"2018-05-07T14:57:05","guid":{"rendered":"http:\/\/serveiseducatius.xtec.cat\/baixllobregat6\/?p=12826"},"modified":"2018-05-09T09:15:57","modified_gmt":"2018-05-09T07:15:57","slug":"neix-la-taula-demergencia-docent-contra-la-repressio-al-professorat-catala","status":"publish","type":"post","link":"https:\/\/serveiseducatius.xtec.cat\/baixllobregat6\/se-baixllobregat6\/neix-la-taula-demergencia-docent-contra-la-repressio-al-professorat-catala\/","title":{"rendered":"Neix la Taula d&#8217;Emerg\u00e8ncia Docent @TEDocent contra la repressi\u00f3 al professorat catal\u00e0"},"content":{"rendered":"<p><img loading=\"lazy\" decoding=\"async\" class=\"aligncenter wp-image-12833 size-large\" src=\"http:\/\/serveiseducatius.xtec.cat\/baixllobregat6\/wp-content\/uploads\/usu778\/2018\/05\/Sin-t\u00edtulo-3-1024x496.png\" alt=\"\" width=\"1024\" height=\"496\" srcset=\"https:\/\/serveiseducatius.xtec.cat\/baixllobregat6\/wp-content\/uploads\/usu778\/2018\/05\/Sin-t\u00edtulo-3-1024x496.png 1024w, https:\/\/serveiseducatius.xtec.cat\/baixllobregat6\/wp-content\/uploads\/usu778\/2018\/05\/Sin-t\u00edtulo-3-520x252.png 520w, https:\/\/serveiseducatius.xtec.cat\/baixllobregat6\/wp-content\/uploads\/usu778\/2018\/05\/Sin-t\u00edtulo-3-768x372.png 768w, https:\/\/serveiseducatius.xtec.cat\/baixllobregat6\/wp-content\/uploads\/usu778\/2018\/05\/Sin-t\u00edtulo-3.png 1200w\" sizes=\"auto, (max-width: 1024px) 100vw, 1024px\" \/><\/p>\n<p>Diverses organitzacions socials i sindicals del sector de l\u2019ensenyament han posat en marxa la Taula d&#8217;Emerg\u00e8ncia Docent, un espai que pret\u00e9n unir els professionals de l&#8217;educaci\u00f3 enfront dels greus esdeveniments que estan envoltant el col\u00b7lectiu docent.<\/p>\n<p class=\"p1\">La Taula d&#8217;Emerg\u00e8ncia Docent (TED), inicialment impulsada pels sindicats CGT Ensenyament,\u00a0 Intersindical-CSC,\u00a0 UGT i\u00a0 USTEC\u00b7STEs (IAC) i les organitzacions ADIC Ensenyament,\u00a0 ANC (Sectorial d\u2019Educaci\u00f3) i\u00a0 Docents per la Rep\u00fablica, vol donar resposta a la repressi\u00f3 medi\u00e0tica, judicial i policial que estan patint els docents i els centres educatius.<!--more--><\/p>\n<p class=\"p1\">Consideren que recentment s&#8217;han creuat alguns l\u00edmits que han posat en estat d&#8217;alerta tot el sector, que veu amena\u00e7ats els pilars b\u00e0sics de l&#8217;educaci\u00f3 en una societat democr\u00e0tica. Per aquest motiu anuncien que s&#8217;ha consensuat una\u00a0 Declaraci\u00f3 Unit\u00e0ria que avui mateix s&#8217;ha fet arribar a tots els centres educatius del pa\u00eds perqu\u00e8 els claustres puguin subscriure-la i iniciar un proc\u00e9s de debat entorn de la greu situaci\u00f3 creada.<\/p>\n<p class=\"p1\">A continuaci\u00f3 es transcriu la\u00a0 Declaraci\u00f3 Unit\u00e0ria que avui mateix s&#8217;ha fet arribar a tots els centres educatius del pa\u00eds perqu\u00e8 els claustres puguin subscriure-la i iniciar un proc\u00e9s de debat entorn de la greu situaci\u00f3 creada.<\/p>\n<div class=\"top_news_ext\"><\/div>\n<blockquote>\n<h5><span style=\"color: #ff0000;\"><em>Arran dels greus esdeveniments que estan envoltant el col\u00b7lectiu docent catal\u00e0, volem expressar el nostre suport als companys i companyes que s\u00f3n objecte de la repressi\u00f3 medi\u00e0tica, judicial i policial; tant en els casos de Sant Andreu de la Barca i la Seu d\u2019Urgell, com en la resta.<\/em><\/span><\/h5>\n<p>&nbsp;<\/p>\n<h5><span style=\"color: #ff0000;\"><em>Els l\u00edmits que s\u2019han creuat evidencien la situaci\u00f3 d\u2019emerg\u00e8ncia en qu\u00e8 ens trobem, que posa en risc l\u2019espai de confian\u00e7a que s\u00f3n, i han de seguir sent, els centres educatius. Veiem amena\u00e7ada no nom\u00e9s la llibertat de c\u00e0tedra, sin\u00f3 tamb\u00e9 la llibertat d\u2019expressi\u00f3.<\/em><\/span><\/h5>\n<h5><span style=\"color: #ff0000;\"><em>Per tot aix\u00f2 ens comprometem a defensar l\u2019educaci\u00f3 en els valors democr\u00e0tics, en la cultura de la pau i en l\u2019esperit cr\u00edtic: pilars b\u00e0sics perqu\u00e8 els futurs ciutadans i ciutadanes, que posem al centre de la nostra dedicaci\u00f3 professional construeixin una societat justa, democr\u00e0tica i participativa.<\/em><\/span><\/h5>\n<\/blockquote>\n<p><!--more--><\/p>\n<p><!--more--><\/p>\n","protected":false},"excerpt":{"rendered":"<p>Diverses organitzacions socials i sindicals del sector de l\u2019ensenyament han posat en marxa la Taula d&#8217;Emerg\u00e8ncia Docent, un espai que pret\u00e9n unir els professionals de l&#8217;educaci\u00f3 enfront dels greus esdeveniments que estan envoltant el col\u00b7lectiu docent. La Taula d&#8217;Emerg\u00e8ncia Docent (TED), inicialment impulsada pels sindicats CGT Ensenyament,\u00a0 Intersindical-CSC,\u00a0 UGT i\u00a0 USTEC\u00b7STEs (IAC) i les organitzacions [&hellip;]<\/p>\n","protected":false},"author":1,"featured_media":12827,"comment_status":"open","ping_status":"closed","sticky":false,"template":"","format":"standard","meta":{"_bbp_topic_count":0,"_bbp_reply_count":0,"_bbp_total_topic_count":0,"_bbp_total_reply_count":0,"_bbp_voice_count":0,"_bbp_anonymous_reply_count":0,"_bbp_topic_count_hidden":0,"_bbp_reply_count_hidden":0,"_bbp_forum_subforum_count":0,"site-sidebar-layout":"default","site-content-layout":"","ast-site-content-layout":"","site-content-style":"default","site-sidebar-style":"default","ast-global-header-display":"","ast-banner-title-visibility":"","ast-main-header-display":"","ast-hfb-above-header-display":"","ast-hfb-below-header-display":"","ast-hfb-mobile-header-display":"","site-post-title":"","ast-breadcrumbs-content":"","ast-featured-img":"","footer-sml-layout":"","theme-transparent-header-meta":"","adv-header-id-meta":"","stick-header-meta":"","header-above-stick-meta":"","header-main-stick-meta":"","header-below-stick-meta":"","astra-migrate-meta-layouts":"default","ast-page-background-enabled":"default","ast-page-background-meta":{"desktop":{"background-color":"var(--ast-global-color-4)","background-image":"","background-repeat":"repeat","background-position":"center center","background-size":"auto","background-attachment":"scroll","background-type":"","background-media":"","overlay-type":"","overlay-color":"","overlay-opacity":"","overlay-gradient":""},"tablet":{"background-color":"","background-image":"","background-repeat":"repeat","background-position":"center center","background-size":"auto","background-attachment":"scroll","background-type":"","background-media":"","overlay-type":"","overlay-color":"","overlay-opacity":"","overlay-gradient":""},"mobile":{"background-color":"","background-image":"","background-repeat":"repeat","background-position":"center center","background-size":"auto","background-attachment":"scroll","background-type":"","background-media":"","overlay-type":"","overlay-color":"","overlay-opacity":"","overlay-gradient":""}},"ast-content-background-meta":{"desktop":{"background-color":"var(--ast-global-color-5)","background-image":"","background-repeat":"repeat","background-position":"center center","background-size":"auto","background-attachment":"scroll","background-type":"","background-media":"","overlay-type":"","overlay-color":"","overlay-opacity":"","overlay-gradient":""},"tablet":{"background-color":"var(--ast-global-color-5)","background-image":"","background-repeat":"repeat","background-position":"center center","background-size":"auto","background-attachment":"scroll","background-type":"","background-media":"","overlay-type":"","overlay-color":"","overlay-opacity":"","overlay-gradient":""},"mobile":{"background-color":"var(--ast-global-color-5)","background-image":"","background-repeat":"repeat","background-position":"center center","background-size":"auto","background-attachment":"scroll","background-type":"","background-media":"","overlay-type":"","overlay-color":"","overlay-opacity":"","overlay-gradient":""}},"footnotes":""},"categories":[64,29],"tags":[297,420,709,1980,854],"class_list":["post-12826","post","type-post","status-publish","format-standard","has-post-thumbnail","hentry","category-comunitat","category-se-baixllobregat6","tag-catalunya","tag-drets-humans","tag-llibertat-dexpressio","tag-llibertat-de-catedra","tag-professorat"],"post_mailing_queue_ids":[],"_links":{"self":[{"href":"https:\/\/serveiseducatius.xtec.cat\/baixllobregat6\/wp-json\/wp\/v2\/posts\/12826","targetHints":{"allow":["GET"]}}],"collection":[{"href":"https:\/\/serveiseducatius.xtec.cat\/baixllobregat6\/wp-json\/wp\/v2\/posts"}],"about":[{"href":"https:\/\/serveiseducatius.xtec.cat\/baixllobregat6\/wp-json\/wp\/v2\/types\/post"}],"author":[{"embeddable":true,"href":"https:\/\/serveiseducatius.xtec.cat\/baixllobregat6\/wp-json\/wp\/v2\/users\/1"}],"replies":[{"embeddable":true,"href":"https:\/\/serveiseducatius.xtec.cat\/baixllobregat6\/wp-json\/wp\/v2\/comments?post=12826"}],"version-history":[{"count":3,"href":"https:\/\/serveiseducatius.xtec.cat\/baixllobregat6\/wp-json\/wp\/v2\/posts\/12826\/revisions"}],"predecessor-version":[{"id":12871,"href":"https:\/\/serveiseducatius.xtec.cat\/baixllobregat6\/wp-json\/wp\/v2\/posts\/12826\/revisions\/12871"}],"wp:featuredmedia":[{"embeddable":true,"href":"https:\/\/serveiseducatius.xtec.cat\/baixllobregat6\/wp-json\/wp\/v2\/media\/12827"}],"wp:attachment":[{"href":"https:\/\/serveiseducatius.xtec.cat\/baixllobregat6\/wp-json\/wp\/v2\/media?parent=12826"}],"wp:term":[{"taxonomy":"category","embeddable":true,"href":"https:\/\/serveiseducatius.xtec.cat\/baixllobregat6\/wp-json\/wp\/v2\/categories?post=12826"},{"taxonomy":"post_tag","embeddable":true,"href":"https:\/\/serveiseducatius.xtec.cat\/baixllobregat6\/wp-json\/wp\/v2\/tags?post=12826"}],"curies":[{"name":"wp","href":"https:\/\/api.w.org\/{rel}","templated":true}]}}