{"id":12730,"date":"2018-05-02T13:51:08","date_gmt":"2018-05-02T11:51:08","guid":{"rendered":"http:\/\/serveiseducatius.xtec.cat\/baixllobregat6\/?p=12730"},"modified":"2018-05-03T08:53:44","modified_gmt":"2018-05-03T06:53:44","slug":"inici-de-la-rondadellibres-cervello-corbera-de-llobregat-i-sant-vicenc-dels-horts","status":"publish","type":"post","link":"https:\/\/serveiseducatius.xtec.cat\/baixllobregat6\/se-baixllobregat6\/inici-de-la-rondadellibres-cervello-corbera-de-llobregat-i-sant-vicenc-dels-horts\/","title":{"rendered":"Inici de la #rondadellibres 2018: Cervell\u00f3, Corbera de Llobregat i Sant Vicen\u00e7 dels Horts"},"content":{"rendered":"<p>Els alumnes de 4t d&#8217;educaci\u00f3 prim\u00e0ria de les escoles de Cervell\u00f3 (Grup 2), Corbera de Llobregat (Grup 3) i de Sant Vicen\u00e7 dels Horts (Grup 4) han iniciat a la seva participaci\u00f3 a la 7a edici\u00f3 de la Ronda de llibres. Les sessions s&#8217;han dut a terme a la les biblioteques p\u00fabliques de les esmentades poblacions.<\/p>\n<p>Els grups-classe que han participat avui han estat:<\/p>\n<h5>Grup 2: Cervell\u00f3<\/h5>\n<p style=\"padding-left: 30px;\">Santa Maria de Cervell\u00f3 A &#8211;\u00a0Escola Nova A<br \/>\nSanta Maria de Cervell\u00f3 B\u00a0&#8211; Escola Nova B<\/p>\n<table>\n<tbody>\n<tr>\n<td><img loading=\"lazy\" decoding=\"async\" class=\"aligncenter size-full wp-image-12735\" src=\"http:\/\/serveiseducatius.xtec.cat\/baixllobregat6\/wp-content\/uploads\/usu778\/2018\/05\/cervello1718_d.jpg\" alt=\"\" width=\"400\" height=\"300\" srcset=\"https:\/\/serveiseducatius.xtec.cat\/baixllobregat6\/wp-content\/uploads\/usu778\/2018\/05\/cervello1718_d.jpg 400w, https:\/\/serveiseducatius.xtec.cat\/baixllobregat6\/wp-content\/uploads\/usu778\/2018\/05\/cervello1718_d-200x150.jpg 200w\" sizes=\"auto, (max-width: 400px) 100vw, 400px\" \/><\/td>\n<td><img loading=\"lazy\" decoding=\"async\" class=\"aligncenter size-full wp-image-12734\" src=\"http:\/\/serveiseducatius.xtec.cat\/baixllobregat6\/wp-content\/uploads\/usu778\/2018\/05\/cervello1718_c.jpg\" alt=\"\" width=\"400\" height=\"300\" srcset=\"https:\/\/serveiseducatius.xtec.cat\/baixllobregat6\/wp-content\/uploads\/usu778\/2018\/05\/cervello1718_c.jpg 400w, https:\/\/serveiseducatius.xtec.cat\/baixllobregat6\/wp-content\/uploads\/usu778\/2018\/05\/cervello1718_c-200x150.jpg 200w\" sizes=\"auto, (max-width: 400px) 100vw, 400px\" \/><\/td>\n<\/tr>\n<tr>\n<td><img loading=\"lazy\" decoding=\"async\" class=\"aligncenter size-full wp-image-12733\" src=\"http:\/\/serveiseducatius.xtec.cat\/baixllobregat6\/wp-content\/uploads\/usu778\/2018\/05\/cervello1718_b.jpg\" alt=\"\" width=\"400\" height=\"300\" srcset=\"https:\/\/serveiseducatius.xtec.cat\/baixllobregat6\/wp-content\/uploads\/usu778\/2018\/05\/cervello1718_b.jpg 400w, https:\/\/serveiseducatius.xtec.cat\/baixllobregat6\/wp-content\/uploads\/usu778\/2018\/05\/cervello1718_b-200x150.jpg 200w\" sizes=\"auto, (max-width: 400px) 100vw, 400px\" \/><\/td>\n<td><img loading=\"lazy\" decoding=\"async\" class=\"aligncenter size-full wp-image-12732\" src=\"http:\/\/serveiseducatius.xtec.cat\/baixllobregat6\/wp-content\/uploads\/usu778\/2018\/05\/cervello1718_a.jpg\" alt=\"\" width=\"400\" height=\"300\" srcset=\"https:\/\/serveiseducatius.xtec.cat\/baixllobregat6\/wp-content\/uploads\/usu778\/2018\/05\/cervello1718_a.jpg 400w, https:\/\/serveiseducatius.xtec.cat\/baixllobregat6\/wp-content\/uploads\/usu778\/2018\/05\/cervello1718_a-200x150.jpg 200w\" sizes=\"auto, (max-width: 400px) 100vw, 400px\" \/><\/td>\n<\/tr>\n<\/tbody>\n<\/table>\n<p>Han passat a la seg\u00fcent ronda: Escola Nova A i Santa Maria de Cervell\u00f3 B<\/p>\n<p><!--more--><\/p>\n<h5>Grup 3: Corbera de Llobregat<\/h5>\n<p style=\"padding-left: 30px;\">Jaume Balmes A &#8211; Puig d&#8217;Agulles A<br \/>\nPuig d&#8217;Agulles B &#8211; El Corb<br \/>\nJaume Balmes B &#8211; Cau de la Guineu<\/p>\n<table style=\"width: 841px;\">\n<tbody>\n<tr>\n<td style=\"width: 829px;\" colspan=\"2\"><img loading=\"lazy\" decoding=\"async\" class=\"aligncenter wp-image-12771 \" src=\"http:\/\/serveiseducatius.xtec.cat\/baixllobregat6\/wp-content\/uploads\/usu778\/2018\/05\/Corbera1718_a.jpg\" alt=\"\" width=\"807\" height=\"180\" srcset=\"https:\/\/serveiseducatius.xtec.cat\/baixllobregat6\/wp-content\/uploads\/usu778\/2018\/05\/Corbera1718_a.jpg 800w, https:\/\/serveiseducatius.xtec.cat\/baixllobregat6\/wp-content\/uploads\/usu778\/2018\/05\/Corbera1718_a-520x116.jpg 520w, https:\/\/serveiseducatius.xtec.cat\/baixllobregat6\/wp-content\/uploads\/usu778\/2018\/05\/Corbera1718_a-768x171.jpg 768w\" sizes=\"auto, (max-width: 807px) 100vw, 807px\" \/><\/td>\n<\/tr>\n<tr>\n<td style=\"width: 413px;\"><img loading=\"lazy\" decoding=\"async\" class=\"aligncenter wp-image-12773 size-full\" src=\"http:\/\/serveiseducatius.xtec.cat\/baixllobregat6\/wp-content\/uploads\/usu778\/2018\/05\/Corbera1718_b.jpg\" alt=\"\" width=\"400\" height=\"225\" \/><\/td>\n<td style=\"width: 416px;\"><img loading=\"lazy\" decoding=\"async\" class=\"aligncenter size-full wp-image-12774\" src=\"http:\/\/serveiseducatius.xtec.cat\/baixllobregat6\/wp-content\/uploads\/usu778\/2018\/05\/Corbera1718_c.jpg\" alt=\"\" width=\"400\" height=\"225\" \/><\/td>\n<\/tr>\n<tr>\n<td style=\"width: 829px;\" colspan=\"2\"><img loading=\"lazy\" decoding=\"async\" class=\"aligncenter wp-image-12775 \" src=\"http:\/\/serveiseducatius.xtec.cat\/baixllobregat6\/wp-content\/uploads\/usu778\/2018\/05\/Corbera1718_d.jpg\" alt=\"\" width=\"811\" height=\"177\" srcset=\"https:\/\/serveiseducatius.xtec.cat\/baixllobregat6\/wp-content\/uploads\/usu778\/2018\/05\/Corbera1718_d.jpg 800w, https:\/\/serveiseducatius.xtec.cat\/baixllobregat6\/wp-content\/uploads\/usu778\/2018\/05\/Corbera1718_d-520x114.jpg 520w, https:\/\/serveiseducatius.xtec.cat\/baixllobregat6\/wp-content\/uploads\/usu778\/2018\/05\/Corbera1718_d-768x168.jpg 768w\" sizes=\"auto, (max-width: 811px) 100vw, 811px\" \/><\/td>\n<\/tr>\n<\/tbody>\n<\/table>\n<p>Han passat a la seg\u00fcent ronda: Jaume Balmes A, El Corb i Cau de la Guineu<\/p>\n<h5>Grup 4. Sant Vicen\u00e7 dels Horts<\/h5>\n<p style=\"padding-left: 30px;\">La Vinyala A &#8211; Sant Josep B<br \/>\nSant Jordi A &#8211; Sant Josep C<br \/>\nJuncadella B &#8211; Sant Jordi B<\/p>\n<table>\n<tbody>\n<tr>\n<td><img loading=\"lazy\" decoding=\"async\" class=\"aligncenter size-full wp-image-12741\" src=\"http:\/\/serveiseducatius.xtec.cat\/baixllobregat6\/wp-content\/uploads\/usu778\/2018\/05\/SVH1718_b.jpg\" alt=\"\" width=\"400\" height=\"300\" srcset=\"https:\/\/serveiseducatius.xtec.cat\/baixllobregat6\/wp-content\/uploads\/usu778\/2018\/05\/SVH1718_b.jpg 400w, https:\/\/serveiseducatius.xtec.cat\/baixllobregat6\/wp-content\/uploads\/usu778\/2018\/05\/SVH1718_b-200x150.jpg 200w\" sizes=\"auto, (max-width: 400px) 100vw, 400px\" \/><\/td>\n<td><img loading=\"lazy\" decoding=\"async\" class=\"aligncenter size-full wp-image-12740\" src=\"http:\/\/serveiseducatius.xtec.cat\/baixllobregat6\/wp-content\/uploads\/usu778\/2018\/05\/SVH1718_a.jpg\" alt=\"\" width=\"400\" height=\"300\" srcset=\"https:\/\/serveiseducatius.xtec.cat\/baixllobregat6\/wp-content\/uploads\/usu778\/2018\/05\/SVH1718_a.jpg 400w, https:\/\/serveiseducatius.xtec.cat\/baixllobregat6\/wp-content\/uploads\/usu778\/2018\/05\/SVH1718_a-200x150.jpg 200w\" sizes=\"auto, (max-width: 400px) 100vw, 400px\" \/><\/td>\n<\/tr>\n<tr>\n<td><img loading=\"lazy\" decoding=\"async\" class=\"aligncenter size-full wp-image-12744\" src=\"http:\/\/serveiseducatius.xtec.cat\/baixllobregat6\/wp-content\/uploads\/usu778\/2018\/05\/SVH1718_d.jpg\" alt=\"\" width=\"400\" height=\"300\" srcset=\"https:\/\/serveiseducatius.xtec.cat\/baixllobregat6\/wp-content\/uploads\/usu778\/2018\/05\/SVH1718_d.jpg 400w, https:\/\/serveiseducatius.xtec.cat\/baixllobregat6\/wp-content\/uploads\/usu778\/2018\/05\/SVH1718_d-200x150.jpg 200w\" sizes=\"auto, (max-width: 400px) 100vw, 400px\" \/><\/td>\n<td><img loading=\"lazy\" decoding=\"async\" class=\"aligncenter size-full wp-image-12743\" src=\"http:\/\/serveiseducatius.xtec.cat\/baixllobregat6\/wp-content\/uploads\/usu778\/2018\/05\/SVH1718_c.jpg\" alt=\"\" width=\"400\" height=\"300\" srcset=\"https:\/\/serveiseducatius.xtec.cat\/baixllobregat6\/wp-content\/uploads\/usu778\/2018\/05\/SVH1718_c.jpg 400w, https:\/\/serveiseducatius.xtec.cat\/baixllobregat6\/wp-content\/uploads\/usu778\/2018\/05\/SVH1718_c-200x150.jpg 200w\" sizes=\"auto, (max-width: 400px) 100vw, 400px\" \/><\/td>\n<\/tr>\n<tr>\n<td><img loading=\"lazy\" decoding=\"async\" class=\"aligncenter size-full wp-image-12780\" src=\"http:\/\/serveiseducatius.xtec.cat\/baixllobregat6\/wp-content\/uploads\/usu778\/2018\/05\/SVH1718_e.jpg\" alt=\"\" width=\"400\" height=\"300\" srcset=\"https:\/\/serveiseducatius.xtec.cat\/baixllobregat6\/wp-content\/uploads\/usu778\/2018\/05\/SVH1718_e.jpg 400w, https:\/\/serveiseducatius.xtec.cat\/baixllobregat6\/wp-content\/uploads\/usu778\/2018\/05\/SVH1718_e-200x150.jpg 200w\" sizes=\"auto, (max-width: 400px) 100vw, 400px\" \/><\/td>\n<td><img loading=\"lazy\" decoding=\"async\" class=\"aligncenter size-full wp-image-12779\" src=\"http:\/\/serveiseducatius.xtec.cat\/baixllobregat6\/wp-content\/uploads\/usu778\/2018\/05\/SVH1718_f.jpg\" alt=\"\" width=\"400\" height=\"300\" srcset=\"https:\/\/serveiseducatius.xtec.cat\/baixllobregat6\/wp-content\/uploads\/usu778\/2018\/05\/SVH1718_f.jpg 400w, https:\/\/serveiseducatius.xtec.cat\/baixllobregat6\/wp-content\/uploads\/usu778\/2018\/05\/SVH1718_f-200x150.jpg 200w\" sizes=\"auto, (max-width: 400px) 100vw, 400px\" \/><\/td>\n<\/tr>\n<\/tbody>\n<\/table>\n<p>Han passat a la seg\u00fcent ronda: Sant Jordi A i B i La Vinyala A<\/p>\n<p>&nbsp;<\/p>\n","protected":false},"excerpt":{"rendered":"<p>Els alumnes de 4t d&#8217;educaci\u00f3 prim\u00e0ria de les escoles de Cervell\u00f3 (Grup 2), Corbera de Llobregat (Grup 3) i de Sant Vicen\u00e7 dels Horts (Grup 4) han iniciat a la seva participaci\u00f3 a la 7a edici\u00f3 de la Ronda de llibres. Les sessions s&#8217;han dut a terme a la les biblioteques p\u00fabliques de les esmentades [&hellip;]<\/p>\n","protected":false},"author":1,"featured_media":12743,"comment_status":"open","ping_status":"closed","sticky":false,"template":"","format":"standard","meta":{"_bbp_topic_count":0,"_bbp_reply_count":0,"_bbp_total_topic_count":0,"_bbp_total_reply_count":0,"_bbp_voice_count":0,"_bbp_anonymous_reply_count":0,"_bbp_topic_count_hidden":0,"_bbp_reply_count_hidden":0,"_bbp_forum_subforum_count":0,"site-sidebar-layout":"default","site-content-layout":"","ast-site-content-layout":"","site-content-style":"default","site-sidebar-style":"default","ast-global-header-display":"","ast-banner-title-visibility":"","ast-main-header-display":"","ast-hfb-above-header-display":"","ast-hfb-below-header-display":"","ast-hfb-mobile-header-display":"","site-post-title":"","ast-breadcrumbs-content":"","ast-featured-img":"","footer-sml-layout":"","theme-transparent-header-meta":"","adv-header-id-meta":"","stick-header-meta":"","header-above-stick-meta":"","header-main-stick-meta":"","header-below-stick-meta":"","astra-migrate-meta-layouts":"default","ast-page-background-enabled":"default","ast-page-background-meta":{"desktop":{"background-color":"var(--ast-global-color-4)","background-image":"","background-repeat":"repeat","background-position":"center center","background-size":"auto","background-attachment":"scroll","background-type":"","background-media":"","overlay-type":"","overlay-color":"","overlay-opacity":"","overlay-gradient":""},"tablet":{"background-color":"","background-image":"","background-repeat":"repeat","background-position":"center center","background-size":"auto","background-attachment":"scroll","background-type":"","background-media":"","overlay-type":"","overlay-color":"","overlay-opacity":"","overlay-gradient":""},"mobile":{"background-color":"","background-image":"","background-repeat":"repeat","background-position":"center center","background-size":"auto","background-attachment":"scroll","background-type":"","background-media":"","overlay-type":"","overlay-color":"","overlay-opacity":"","overlay-gradient":""}},"ast-content-background-meta":{"desktop":{"background-color":"var(--ast-global-color-5)","background-image":"","background-repeat":"repeat","background-position":"center center","background-size":"auto","background-attachment":"scroll","background-type":"","background-media":"","overlay-type":"","overlay-color":"","overlay-opacity":"","overlay-gradient":""},"tablet":{"background-color":"var(--ast-global-color-5)","background-image":"","background-repeat":"repeat","background-position":"center center","background-size":"auto","background-attachment":"scroll","background-type":"","background-media":"","overlay-type":"","overlay-color":"","overlay-opacity":"","overlay-gradient":""},"mobile":{"background-color":"var(--ast-global-color-5)","background-image":"","background-repeat":"repeat","background-position":"center center","background-size":"auto","background-attachment":"scroll","background-type":"","background-media":"","overlay-type":"","overlay-color":"","overlay-opacity":"","overlay-gradient":""}},"footnotes":""},"categories":[29,1041],"tags":[308,372,100,897,907],"class_list":["post-12730","post","type-post","status-publish","format-standard","has-post-thumbnail","hentry","category-se-baixllobregat6","category-ronda-de-llibres","tag-cervello","tag-corbera-de-llobregat","tag-lectura","tag-ronda-de-llibres","tag-sant-vicenc-dels-horts"],"post_mailing_queue_ids":[],"_links":{"self":[{"href":"https:\/\/serveiseducatius.xtec.cat\/baixllobregat6\/wp-json\/wp\/v2\/posts\/12730","targetHints":{"allow":["GET"]}}],"collection":[{"href":"https:\/\/serveiseducatius.xtec.cat\/baixllobregat6\/wp-json\/wp\/v2\/posts"}],"about":[{"href":"https:\/\/serveiseducatius.xtec.cat\/baixllobregat6\/wp-json\/wp\/v2\/types\/post"}],"author":[{"embeddable":true,"href":"https:\/\/serveiseducatius.xtec.cat\/baixllobregat6\/wp-json\/wp\/v2\/users\/1"}],"replies":[{"embeddable":true,"href":"https:\/\/serveiseducatius.xtec.cat\/baixllobregat6\/wp-json\/wp\/v2\/comments?post=12730"}],"version-history":[{"count":3,"href":"https:\/\/serveiseducatius.xtec.cat\/baixllobregat6\/wp-json\/wp\/v2\/posts\/12730\/revisions"}],"predecessor-version":[{"id":12781,"href":"https:\/\/serveiseducatius.xtec.cat\/baixllobregat6\/wp-json\/wp\/v2\/posts\/12730\/revisions\/12781"}],"wp:featuredmedia":[{"embeddable":true,"href":"https:\/\/serveiseducatius.xtec.cat\/baixllobregat6\/wp-json\/wp\/v2\/media\/12743"}],"wp:attachment":[{"href":"https:\/\/serveiseducatius.xtec.cat\/baixllobregat6\/wp-json\/wp\/v2\/media?parent=12730"}],"wp:term":[{"taxonomy":"category","embeddable":true,"href":"https:\/\/serveiseducatius.xtec.cat\/baixllobregat6\/wp-json\/wp\/v2\/categories?post=12730"},{"taxonomy":"post_tag","embeddable":true,"href":"https:\/\/serveiseducatius.xtec.cat\/baixllobregat6\/wp-json\/wp\/v2\/tags?post=12730"}],"curies":[{"name":"wp","href":"https:\/\/api.w.org\/{rel}","templated":true}]}}