{"id":12719,"date":"2018-04-26T19:01:24","date_gmt":"2018-04-26T17:01:24","guid":{"rendered":"http:\/\/serveiseducatius.xtec.cat\/baixllobregat6\/?p=12719"},"modified":"2018-05-07T16:25:51","modified_gmt":"2018-05-07T14:25:51","slug":"carta-dels-familiars-dels-professors-de-linstitut-el-palau-de-sant-andreu-de-la-barca-perseguits-per-l-1oct","status":"publish","type":"post","link":"https:\/\/serveiseducatius.xtec.cat\/baixllobregat6\/se-baixllobregat6\/carta-dels-familiars-dels-professors-de-linstitut-el-palau-de-sant-andreu-de-la-barca-perseguits-per-l-1oct\/","title":{"rendered":"Carta dels familiars dels professors de l\u2019Institut el Palau de Sant Andreu de la Barca perseguits per l\u2019 #1Oct"},"content":{"rendered":"<h6><img loading=\"lazy\" decoding=\"async\" class=\"alignleft wp-image-12720 size-thumbnail\" src=\"http:\/\/serveiseducatius.xtec.cat\/baixllobregat6\/wp-content\/uploads\/usu778\/2018\/04\/1507200138073-150x150.jpg\" alt=\"\" width=\"150\" height=\"150\" \/>A continuaci\u00f3 reprodu\u00efm literalment la carta que els familiars del professorat que ha estat perseguit per tractar els fets de l&#8217;U d&#8217;Octubre del 2018 en els seus processos d&#8217;ensenyament i aprenentatge.<\/h6>\n<p>\u00abA l\u2019Institut El Palau de Sant Andreu de la Barca, el dia 2 d\u2019octubre del 2017, l\u2019endem\u00e0 del refer\u00e8ndum, es va donar l\u2019opci\u00f3 als alumnes de fer un petit acte al pati (els alumnes d\u2019ESO) o al davant de la porta (els de batxillerat) que consistia en uns minuts de silenci. Els professors van donar llibertat als alumnes per decidir si volien assistir-hi. No \u00e9s cert que se\u2019ls hi obligu\u00e9s. A les aules, es va permetre de fer un petit debat on els mateixos alumnes podien parlar sobre els fets ocorreguts el dia abans. En cap cas els professors no van imposar la seva opini\u00f3. \u00c9s del tot fals que assenyalessin els alumnes fills de gu\u00e0rdies civils, que els humiliessin ni que expressessin cap sentiment d\u2019animadversi\u00f3 envers el cos de la Gu\u00e0rdia Civil.<\/p>\n<p>La reacci\u00f3 dels pares d\u2019alguns alumnes davant el que entenem que \u00e9s un acte de llibertat d\u2019expressi\u00f3 va ser culpabilitzar i denunciar alguns professors pel delicte d\u2019incitaci\u00f3 a l\u2019odi. Els primers professors acusats van repetir reiteradament davant la resta de companys que en cap cas no s\u2019havia fet res que es pogu\u00e9s qualificar en aquests termes. La llista de professors acusats es va anar ampliant, sense causa ni fonament, de dos fins a onze. Per part dels alumnes, del miler d\u2019estudiants que t\u00e9 l\u2019institut, s\u2019han personat com a part acusadora un total de divuit fam\u00edlies. La resta no participa en l\u2019acusaci\u00f3.<\/p>\n<p><!--more--><\/p>\n<p>El gener del 2018, van ser tots citats a declarar a la Ciutat de la Just\u00edcia. Van contestar totes les preguntes i van negar totes les acusacions que se\u2019ls imputen. Tant els declarants com la defensa confiaven que el cas s\u2019arxivaria, at\u00e8s que simplement no s\u2019havia fet res mal fet.<\/p>\n<p>Mesos despr\u00e9s, la fiscalia ha donat credibilitat a l\u2019atestat de la Gu\u00e0rdia Civil, desatenent les declaracions dels acusats. Nosaltres, els familiars, denunciem davant l\u2019opini\u00f3 p\u00fablica la seva indefensi\u00f3. Recordem que el Departament d\u2019Ensenyament est\u00e0 intervingut pel 155 i ha silenciat tota manifestaci\u00f3 p\u00fablica que contraresti el relat imperant.<\/p>\n<p>Denunciem la manca de rigor d\u2019alguns mitjans de comunicaci\u00f3, aix\u00ed com la campanya medi\u00e0tica que ha donat per bons els arguments de la fiscalia, sense esperar l\u2019acci\u00f3 de la just\u00edcia. Denunciem tamb\u00e9 que membres del govern espanyol s\u2019hagin posicionat al costat de la fiscalia qualificant de lamentables uns fets que no han estat provats. Denunciem la deshumanitzaci\u00f3 que es practica una vegada m\u00e9s ignorant la presumpci\u00f3 d\u2019innoc\u00e8ncia dels acusats.<\/p>\n<p>Els nostres familiars s\u00f3n professionals de l\u2019educaci\u00f3 que tenen una llarga traject\u00f2ria i han estat sempre ben valorats pels seus companys i alumnes. S\u00f3n persones \u00edntegres, que entenen l\u2019educaci\u00f3 com alguna cosa m\u00e9s que la transmissi\u00f3 de coneixements, \u00e9s a dir, tenen uns valors \u00e8tics i els posen en pr\u00e0ctica. Resulta del tot inversemblant acusar-los de fer el contrari del que han fet sempre: educar en la conviv\u00e8ncia i el respecte.<\/p>\n<p>Resulta molt dolor\u00f3s per a les fam\u00edlies veure com persones que estimem s\u00f3n objecte de difamaci\u00f3, cal\u00famnies i inj\u00faries. La dimensi\u00f3 que ha pres tot l\u2019assumpte \u00e9s desmesurada i no ajuda al normal funcionament del proc\u00e9s judicial ni de la tasca educativa del centre.<\/p>\n<p>Volem deixar clar que confiem en l\u2019acci\u00f3 de la just\u00edcia\u00bb.<\/p>\n<p><strong>Familiars dels docents encausats de l\u2019institut<\/strong><\/p>\n","protected":false},"excerpt":{"rendered":"<p>A continuaci\u00f3 reprodu\u00efm literalment la carta que els familiars del professorat que ha estat perseguit per tractar els fets de l&#8217;U d&#8217;Octubre del 2018 en els seus processos d&#8217;ensenyament i aprenentatge. \u00abA l\u2019Institut El Palau de Sant Andreu de la Barca, el dia 2 d\u2019octubre del 2017, l\u2019endem\u00e0 del refer\u00e8ndum, es va donar l\u2019opci\u00f3 als [&hellip;]<\/p>\n","protected":false},"author":1,"featured_media":12720,"comment_status":"open","ping_status":"closed","sticky":false,"template":"","format":"standard","meta":{"_bbp_topic_count":0,"_bbp_reply_count":0,"_bbp_total_topic_count":0,"_bbp_total_reply_count":0,"_bbp_voice_count":0,"_bbp_anonymous_reply_count":0,"_bbp_topic_count_hidden":0,"_bbp_reply_count_hidden":0,"_bbp_forum_subforum_count":0,"site-sidebar-layout":"default","site-content-layout":"","ast-site-content-layout":"","site-content-style":"default","site-sidebar-style":"default","ast-global-header-display":"","ast-banner-title-visibility":"","ast-main-header-display":"","ast-hfb-above-header-display":"","ast-hfb-below-header-display":"","ast-hfb-mobile-header-display":"","site-post-title":"","ast-breadcrumbs-content":"","ast-featured-img":"","footer-sml-layout":"","theme-transparent-header-meta":"","adv-header-id-meta":"","stick-header-meta":"","header-above-stick-meta":"","header-main-stick-meta":"","header-below-stick-meta":"","astra-migrate-meta-layouts":"default","ast-page-background-enabled":"default","ast-page-background-meta":{"desktop":{"background-color":"var(--ast-global-color-4)","background-image":"","background-repeat":"repeat","background-position":"center center","background-size":"auto","background-attachment":"scroll","background-type":"","background-media":"","overlay-type":"","overlay-color":"","overlay-opacity":"","overlay-gradient":""},"tablet":{"background-color":"","background-image":"","background-repeat":"repeat","background-position":"center center","background-size":"auto","background-attachment":"scroll","background-type":"","background-media":"","overlay-type":"","overlay-color":"","overlay-opacity":"","overlay-gradient":""},"mobile":{"background-color":"","background-image":"","background-repeat":"repeat","background-position":"center center","background-size":"auto","background-attachment":"scroll","background-type":"","background-media":"","overlay-type":"","overlay-color":"","overlay-opacity":"","overlay-gradient":""}},"ast-content-background-meta":{"desktop":{"background-color":"var(--ast-global-color-5)","background-image":"","background-repeat":"repeat","background-position":"center center","background-size":"auto","background-attachment":"scroll","background-type":"","background-media":"","overlay-type":"","overlay-color":"","overlay-opacity":"","overlay-gradient":""},"tablet":{"background-color":"var(--ast-global-color-5)","background-image":"","background-repeat":"repeat","background-position":"center center","background-size":"auto","background-attachment":"scroll","background-type":"","background-media":"","overlay-type":"","overlay-color":"","overlay-opacity":"","overlay-gradient":""},"mobile":{"background-color":"var(--ast-global-color-5)","background-image":"","background-repeat":"repeat","background-position":"center center","background-size":"auto","background-attachment":"scroll","background-type":"","background-media":"","overlay-type":"","overlay-color":"","overlay-opacity":"","overlay-gradient":""}},"footnotes":""},"categories":[1585,29],"tags":[297,420,709,1979,1980,854,1978,939],"class_list":["post-12719","post","type-post","status-publish","format-standard","has-post-thumbnail","hentry","category-gestio","category-se-baixllobregat6","tag-catalunya","tag-drets-humans","tag-llibertat-dexpressio","tag-llibertat-dopinio","tag-llibertat-de-catedra","tag-professorat","tag-sant-andreu-de-la-barca","tag-solidaritat"],"post_mailing_queue_ids":[],"_links":{"self":[{"href":"https:\/\/serveiseducatius.xtec.cat\/baixllobregat6\/wp-json\/wp\/v2\/posts\/12719","targetHints":{"allow":["GET"]}}],"collection":[{"href":"https:\/\/serveiseducatius.xtec.cat\/baixllobregat6\/wp-json\/wp\/v2\/posts"}],"about":[{"href":"https:\/\/serveiseducatius.xtec.cat\/baixllobregat6\/wp-json\/wp\/v2\/types\/post"}],"author":[{"embeddable":true,"href":"https:\/\/serveiseducatius.xtec.cat\/baixllobregat6\/wp-json\/wp\/v2\/users\/1"}],"replies":[{"embeddable":true,"href":"https:\/\/serveiseducatius.xtec.cat\/baixllobregat6\/wp-json\/wp\/v2\/comments?post=12719"}],"version-history":[{"count":3,"href":"https:\/\/serveiseducatius.xtec.cat\/baixllobregat6\/wp-json\/wp\/v2\/posts\/12719\/revisions"}],"predecessor-version":[{"id":12825,"href":"https:\/\/serveiseducatius.xtec.cat\/baixllobregat6\/wp-json\/wp\/v2\/posts\/12719\/revisions\/12825"}],"wp:featuredmedia":[{"embeddable":true,"href":"https:\/\/serveiseducatius.xtec.cat\/baixllobregat6\/wp-json\/wp\/v2\/media\/12720"}],"wp:attachment":[{"href":"https:\/\/serveiseducatius.xtec.cat\/baixllobregat6\/wp-json\/wp\/v2\/media?parent=12719"}],"wp:term":[{"taxonomy":"category","embeddable":true,"href":"https:\/\/serveiseducatius.xtec.cat\/baixllobregat6\/wp-json\/wp\/v2\/categories?post=12719"},{"taxonomy":"post_tag","embeddable":true,"href":"https:\/\/serveiseducatius.xtec.cat\/baixllobregat6\/wp-json\/wp\/v2\/tags?post=12719"}],"curies":[{"name":"wp","href":"https:\/\/api.w.org\/{rel}","templated":true}]}}