{"id":12527,"date":"2018-03-20T13:35:21","date_gmt":"2018-03-20T12:35:21","guid":{"rendered":"http:\/\/serveiseducatius.xtec.cat\/baixllobregat6\/?p=12527"},"modified":"2018-04-11T12:56:48","modified_gmt":"2018-04-11T10:56:48","slug":"jousveig-campanya-per-sensibilitzar-la-societat-sobre-la-invisibilitat-de-lautisme","status":"publish","type":"post","link":"https:\/\/serveiseducatius.xtec.cat\/baixllobregat6\/se-baixllobregat6\/jousveig-campanya-per-sensibilitzar-la-societat-sobre-la-invisibilitat-de-lautisme\/","title":{"rendered":"#JoUsVeig  Campanya per sensibilitzar la societat sobre la invisibilitat de l\u2019autisme"},"content":{"rendered":"<p><img loading=\"lazy\" decoding=\"async\" class=\"alignleft wp-image-12529 size-medium\" src=\"http:\/\/serveiseducatius.xtec.cat\/baixllobregat6\/wp-content\/uploads\/usu778\/2018\/03\/juntsautismejousveig-300x149.jpg\" alt=\"\" width=\"300\" height=\"149\" \/>\u201c<strong>Jo Us Veig<\/strong>\u201d \u00e9s la campanya impulsada des de la <a href=\"https:\/\/www.juntsautisme.org\/\" target=\"_blank\" rel=\"noopener noreferrer\"><em><strong>Fundaci\u00f3 Junts Autisme<\/strong><\/em> <\/a>(Arenys de Mar, Barcelona) per tal de sensibilitzar la societat sobre la invisibilitat de l\u2019autisme -un trastorn que actualment afecta 1 de cada 100 persones a Europa i que va en augment-. Amb aquesta campanya volem apropar aquesta realitat per aconseguir la comprensi\u00f3 de la societat i aix\u00ed garantir la plena inclusi\u00f3 de les persones que tenen aquest trastorn i de les seves fam\u00edlies.<\/p>\n<p>La campanya es vertebra al voltant d\u2019un espot que vol subratllar que l\u2019<strong>autisme<\/strong> no es percep a simple vista i que \u00e9s necessari que la societat s\u00e0piga detectar-lo per saber actuar en conseq\u00fc\u00e8ncia, facilitant el dia a dia de tots aquells que hi conviuen<!--more--><\/p>\n<h4><strong>Afegeix-t&#8217;hi!<\/strong><\/h4>\n<p>&nbsp;<\/p>\n<p><img loading=\"lazy\" decoding=\"async\" class=\"aligncenter wp-image-12528 size-full\" src=\"http:\/\/serveiseducatius.xtec.cat\/baixllobregat6\/wp-content\/uploads\/usu778\/2018\/03\/BANNERAUTISME.jpg\" alt=\"\" width=\"1021\" height=\"222\" srcset=\"https:\/\/serveiseducatius.xtec.cat\/baixllobregat6\/wp-content\/uploads\/usu778\/2018\/03\/BANNERAUTISME.jpg 1021w, https:\/\/serveiseducatius.xtec.cat\/baixllobregat6\/wp-content\/uploads\/usu778\/2018\/03\/BANNERAUTISME-300x65.jpg 300w, https:\/\/serveiseducatius.xtec.cat\/baixllobregat6\/wp-content\/uploads\/usu778\/2018\/03\/BANNERAUTISME-768x167.jpg 768w\" sizes=\"auto, (max-width: 1021px) 100vw, 1021px\" \/><\/p>\n<p>Aquesta campanya est\u00e0 oberta a tothom que s\u2019hi vulgui adherir i\u00a0 vulgui ajudar a fer gran aquest projecte. Una campanya que neix d\u2019una Fundaci\u00f3 jove i amb for\u00e7a sense altra pretensi\u00f3 que construir una societat m\u00e9s acollidora per les persones amb autisme.<\/p>\n<p>Es pot donar suport al projecte imitant el gest del centenar de persones populars que s\u2019hi ha sumat i penjar-lo a les xarxes socials amb el hashtag <strong>#JoUsVeig.<\/strong><\/p>\n<p><img loading=\"lazy\" decoding=\"async\" class=\"alignleft wp-image-12530 size-full\" src=\"http:\/\/serveiseducatius.xtec.cat\/baixllobregat6\/wp-content\/uploads\/usu778\/2018\/03\/conegutsjuntsautisme.jpg\" alt=\"\" width=\"1100\" height=\"300\" srcset=\"https:\/\/serveiseducatius.xtec.cat\/baixllobregat6\/wp-content\/uploads\/usu778\/2018\/03\/conegutsjuntsautisme.jpg 1100w, https:\/\/serveiseducatius.xtec.cat\/baixllobregat6\/wp-content\/uploads\/usu778\/2018\/03\/conegutsjuntsautisme-300x82.jpg 300w, https:\/\/serveiseducatius.xtec.cat\/baixllobregat6\/wp-content\/uploads\/usu778\/2018\/03\/conegutsjuntsautisme-768x209.jpg 768w, https:\/\/serveiseducatius.xtec.cat\/baixllobregat6\/wp-content\/uploads\/usu778\/2018\/03\/conegutsjuntsautisme-1024x279.jpg 1024w\" sizes=\"auto, (max-width: 1100px) 100vw, 1100px\" \/><\/p>\n<p>La campanya es comen\u00e7ar\u00e0 a viralitzar avui per tal d\u2019aconseguir l\u2019\u00edndex m\u00e0xim de divulgaci\u00f3 el dia 2 d\u2019abril, <strong><a href=\"http:\/\/www.un.org\/es\/events\/autismday\/index.shtml\" target=\"_blank\" rel=\"noopener noreferrer\">Dia mundial de Conscienciaci\u00f3 per l\u2019Autisme.<\/a><\/strong><\/p>\n<h4><strong>I tu, ens veus?<\/strong><\/h4>\n<p>&nbsp;<\/p>\n<div class=\"ast-oembed-container \" style=\"height: 100%;\"><iframe loading=\"lazy\" title=\"Jo Us Veig - Junts Autisme\" width=\"500\" height=\"281\" src=\"https:\/\/www.youtube.com\/embed\/Keowy8ZySvY?feature=oembed\" frameborder=\"0\" allow=\"accelerometer; autoplay; clipboard-write; encrypted-media; gyroscope; picture-in-picture; web-share\" referrerpolicy=\"strict-origin-when-cross-origin\" allowfullscreen><\/iframe><\/div>\n<p>&nbsp;<\/p>\n<p>&nbsp;<\/p>\n","protected":false},"excerpt":{"rendered":"<p>\u201cJo Us Veig\u201d \u00e9s la campanya impulsada des de la Fundaci\u00f3 Junts Autisme (Arenys de Mar, Barcelona) per tal de sensibilitzar la societat sobre la invisibilitat de l\u2019autisme -un trastorn que actualment afecta 1 de cada 100 persones a Europa i que va en augment-. Amb aquesta campanya volem apropar aquesta realitat per aconseguir la [&hellip;]<\/p>\n","protected":false},"author":1,"featured_media":12529,"comment_status":"open","ping_status":"closed","sticky":false,"template":"","format":"standard","meta":{"_bbp_topic_count":0,"_bbp_reply_count":0,"_bbp_total_topic_count":0,"_bbp_total_reply_count":0,"_bbp_voice_count":0,"_bbp_anonymous_reply_count":0,"_bbp_topic_count_hidden":0,"_bbp_reply_count_hidden":0,"_bbp_forum_subforum_count":0,"site-sidebar-layout":"default","site-content-layout":"","ast-site-content-layout":"","site-content-style":"default","site-sidebar-style":"default","ast-global-header-display":"","ast-banner-title-visibility":"","ast-main-header-display":"","ast-hfb-above-header-display":"","ast-hfb-below-header-display":"","ast-hfb-mobile-header-display":"","site-post-title":"","ast-breadcrumbs-content":"","ast-featured-img":"","footer-sml-layout":"","theme-transparent-header-meta":"","adv-header-id-meta":"","stick-header-meta":"","header-above-stick-meta":"","header-main-stick-meta":"","header-below-stick-meta":"","astra-migrate-meta-layouts":"default","ast-page-background-enabled":"default","ast-page-background-meta":{"desktop":{"background-color":"var(--ast-global-color-4)","background-image":"","background-repeat":"repeat","background-position":"center center","background-size":"auto","background-attachment":"scroll","background-type":"","background-media":"","overlay-type":"","overlay-color":"","overlay-opacity":"","overlay-gradient":""},"tablet":{"background-color":"","background-image":"","background-repeat":"repeat","background-position":"center center","background-size":"auto","background-attachment":"scroll","background-type":"","background-media":"","overlay-type":"","overlay-color":"","overlay-opacity":"","overlay-gradient":""},"mobile":{"background-color":"","background-image":"","background-repeat":"repeat","background-position":"center center","background-size":"auto","background-attachment":"scroll","background-type":"","background-media":"","overlay-type":"","overlay-color":"","overlay-opacity":"","overlay-gradient":""}},"ast-content-background-meta":{"desktop":{"background-color":"var(--ast-global-color-5)","background-image":"","background-repeat":"repeat","background-position":"center center","background-size":"auto","background-attachment":"scroll","background-type":"","background-media":"","overlay-type":"","overlay-color":"","overlay-opacity":"","overlay-gradient":""},"tablet":{"background-color":"var(--ast-global-color-5)","background-image":"","background-repeat":"repeat","background-position":"center center","background-size":"auto","background-attachment":"scroll","background-type":"","background-media":"","overlay-type":"","overlay-color":"","overlay-opacity":"","overlay-gradient":""},"mobile":{"background-color":"var(--ast-global-color-5)","background-image":"","background-repeat":"repeat","background-position":"center center","background-size":"auto","background-attachment":"scroll","background-type":"","background-media":"","overlay-type":"","overlay-color":"","overlay-opacity":"","overlay-gradient":""}},"footnotes":""},"categories":[1040,29],"tags":[250,259,1775,410,1499],"class_list":["post-12527","post","type-post","status-publish","format-standard","has-post-thumbnail","hentry","category-diversitat-en-xarxa","category-se-baixllobregat6","tag-atencio-a-la-diversitat","tag-autisme","tag-dia-mundial-sobre-lautisme","tag-diversitat","tag-mestresee"],"post_mailing_queue_ids":[],"_links":{"self":[{"href":"https:\/\/serveiseducatius.xtec.cat\/baixllobregat6\/wp-json\/wp\/v2\/posts\/12527","targetHints":{"allow":["GET"]}}],"collection":[{"href":"https:\/\/serveiseducatius.xtec.cat\/baixllobregat6\/wp-json\/wp\/v2\/posts"}],"about":[{"href":"https:\/\/serveiseducatius.xtec.cat\/baixllobregat6\/wp-json\/wp\/v2\/types\/post"}],"author":[{"embeddable":true,"href":"https:\/\/serveiseducatius.xtec.cat\/baixllobregat6\/wp-json\/wp\/v2\/users\/1"}],"replies":[{"embeddable":true,"href":"https:\/\/serveiseducatius.xtec.cat\/baixllobregat6\/wp-json\/wp\/v2\/comments?post=12527"}],"version-history":[{"count":1,"href":"https:\/\/serveiseducatius.xtec.cat\/baixllobregat6\/wp-json\/wp\/v2\/posts\/12527\/revisions"}],"predecessor-version":[{"id":12531,"href":"https:\/\/serveiseducatius.xtec.cat\/baixllobregat6\/wp-json\/wp\/v2\/posts\/12527\/revisions\/12531"}],"wp:featuredmedia":[{"embeddable":true,"href":"https:\/\/serveiseducatius.xtec.cat\/baixllobregat6\/wp-json\/wp\/v2\/media\/12529"}],"wp:attachment":[{"href":"https:\/\/serveiseducatius.xtec.cat\/baixllobregat6\/wp-json\/wp\/v2\/media?parent=12527"}],"wp:term":[{"taxonomy":"category","embeddable":true,"href":"https:\/\/serveiseducatius.xtec.cat\/baixllobregat6\/wp-json\/wp\/v2\/categories?post=12527"},{"taxonomy":"post_tag","embeddable":true,"href":"https:\/\/serveiseducatius.xtec.cat\/baixllobregat6\/wp-json\/wp\/v2\/tags?post=12527"}],"curies":[{"name":"wp","href":"https:\/\/api.w.org\/{rel}","templated":true}]}}