{"id":12474,"date":"2018-03-12T11:44:58","date_gmt":"2018-03-12T10:44:58","guid":{"rendered":"http:\/\/serveiseducatius.xtec.cat\/baixllobregat6\/?p=12474"},"modified":"2018-03-20T13:37:21","modified_gmt":"2018-03-20T12:37:21","slug":"infografia-sobre-el-decret-de-latencio-educativa-a-lalumnat-en-el-marc-dun-sistema-educatiu-inclusiu","status":"publish","type":"post","link":"https:\/\/serveiseducatius.xtec.cat\/baixllobregat6\/diversitat-en-xarxa\/infografia-sobre-el-decret-de-latencio-educativa-a-lalumnat-en-el-marc-dun-sistema-educatiu-inclusiu\/","title":{"rendered":"Infografia sobre el Decret de l&#8217;atenci\u00f3 educativa a l&#8217;alumnat en el marc d&#8217;un sistema educatiu inclusiu"},"content":{"rendered":"<p>Aquest <strong><a href=\"http:\/\/portaldogc.gencat.cat\/utilsEADOP\/PDF\/7477\/1639866.pdf\" target=\"_blank\" rel=\"noopener noreferrer\">Decret<\/a> <\/strong>significa un gran aven\u00e7, respecte a l&#8217;anterior Decret de 1997, en tant que suposa un canvi de paradigma en passar de l&#8217;escola inclusiva al sistema educatiu inclusiu: t\u00e9 com a destinataris tots els alumnes en totes les etapes educatives.<\/p>\n<p>Aquest concepte d&#8217;educaci\u00f3 inclusiva \u00e9s clau per promoure la inclusi\u00f3 social de totes les persones en els diferents contextos educatius, des de la inf\u00e0ncia fins a la transici\u00f3 a la vida adulta, i \u00e9s garant de l&#8217;aven\u00e7 cap a una societat que afavoreix el desenvolupament personal, professional i social de tothom al llarg de la vida.<\/p>\n<p>El Decret estableix que tots es alumnes s&#8217;escolaritzen en centres ordinaris i, nom\u00e9s de manera excepcional i a petici\u00f3 de la fam\u00edlia, s&#8217;escolaritzen en centres d&#8217;educaci\u00f3 especial els alumnes amb necessitats associades a discapacitat severa o profunda.<!--more--><\/p>\n<p>Un altre canvi important \u00e9s el reconeixement del treball coordinat i col\u00b7laboratiu de tota la comunitat educativa amb la creaci\u00f3 de la xarxa de suports a l&#8217;educaci\u00f3 inclusiva, integrada per totes les persones i institucions que intervenen en el proc\u00e9s educatiu.<\/p>\n<p>Cal destacar tamb\u00e9 que d\u00f3na resposta a una demanda constant del sector, per\u00f2 tamb\u00e9 de la societat: garantir la continu\u00eftat formativa de tot l&#8217;alumnat mitjan\u00e7ant la flexibilitzaci\u00f3 i la diversificaci\u00f3 de l&#8217;oferta existent per tal de garantir l&#8217;itinerari adaptat a cada alumne.<\/p>\n<p>El Decret preveu una despesa de m\u00e9s de 141 milions d&#8217;euros que s&#8217;afegiran als pressupostos ordinaris en els propers 4 anys acad\u00e8mics.<\/p>\n<p><!--more--><iframe loading=\"lazy\" src=\"https:\/\/drive.google.com\/file\/d\/1Upbr4yFp7xZNWdzTWqxehYlWuFkAkMDq\/preview\" width=\"835\" height=\"1150\"><\/iframe><\/p>\n","protected":false},"excerpt":{"rendered":"<p>Aquest Decret significa un gran aven\u00e7, respecte a l&#8217;anterior Decret de 1997, en tant que suposa un canvi de paradigma en passar de l&#8217;escola inclusiva al sistema educatiu inclusiu: t\u00e9 com a destinataris tots els alumnes en totes les etapes educatives. Aquest concepte d&#8217;educaci\u00f3 inclusiva \u00e9s clau per promoure la inclusi\u00f3 social de totes les [&hellip;]<\/p>\n","protected":false},"author":1,"featured_media":0,"comment_status":"open","ping_status":"closed","sticky":false,"template":"","format":"standard","meta":{"_bbp_topic_count":0,"_bbp_reply_count":0,"_bbp_total_topic_count":0,"_bbp_total_reply_count":0,"_bbp_voice_count":0,"_bbp_anonymous_reply_count":0,"_bbp_topic_count_hidden":0,"_bbp_reply_count_hidden":0,"_bbp_forum_subforum_count":0,"site-sidebar-layout":"default","site-content-layout":"","ast-site-content-layout":"","site-content-style":"default","site-sidebar-style":"default","ast-global-header-display":"","ast-banner-title-visibility":"","ast-main-header-display":"","ast-hfb-above-header-display":"","ast-hfb-below-header-display":"","ast-hfb-mobile-header-display":"","site-post-title":"","ast-breadcrumbs-content":"","ast-featured-img":"","footer-sml-layout":"","theme-transparent-header-meta":"","adv-header-id-meta":"","stick-header-meta":"","header-above-stick-meta":"","header-main-stick-meta":"","header-below-stick-meta":"","astra-migrate-meta-layouts":"default","ast-page-background-enabled":"default","ast-page-background-meta":{"desktop":{"background-color":"var(--ast-global-color-4)","background-image":"","background-repeat":"repeat","background-position":"center center","background-size":"auto","background-attachment":"scroll","background-type":"","background-media":"","overlay-type":"","overlay-color":"","overlay-opacity":"","overlay-gradient":""},"tablet":{"background-color":"","background-image":"","background-repeat":"repeat","background-position":"center center","background-size":"auto","background-attachment":"scroll","background-type":"","background-media":"","overlay-type":"","overlay-color":"","overlay-opacity":"","overlay-gradient":""},"mobile":{"background-color":"","background-image":"","background-repeat":"repeat","background-position":"center center","background-size":"auto","background-attachment":"scroll","background-type":"","background-media":"","overlay-type":"","overlay-color":"","overlay-opacity":"","overlay-gradient":""}},"ast-content-background-meta":{"desktop":{"background-color":"var(--ast-global-color-5)","background-image":"","background-repeat":"repeat","background-position":"center center","background-size":"auto","background-attachment":"scroll","background-type":"","background-media":"","overlay-type":"","overlay-color":"","overlay-opacity":"","overlay-gradient":""},"tablet":{"background-color":"var(--ast-global-color-5)","background-image":"","background-repeat":"repeat","background-position":"center center","background-size":"auto","background-attachment":"scroll","background-type":"","background-media":"","overlay-type":"","overlay-color":"","overlay-opacity":"","overlay-gradient":""},"mobile":{"background-color":"var(--ast-global-color-5)","background-image":"","background-repeat":"repeat","background-position":"center center","background-size":"auto","background-attachment":"scroll","background-type":"","background-media":"","overlay-type":"","overlay-color":"","overlay-opacity":"","overlay-gradient":""}},"footnotes":""},"categories":[1040],"tags":[222,410,616,834,918],"class_list":["post-12474","post","type-post","status-publish","format-standard","hentry","category-diversitat-en-xarxa","tag-alumnes","tag-diversitat","tag-inclusio","tag-politiques-educatives","tag-serveis-educatius"],"post_mailing_queue_ids":[],"_links":{"self":[{"href":"https:\/\/serveiseducatius.xtec.cat\/baixllobregat6\/wp-json\/wp\/v2\/posts\/12474","targetHints":{"allow":["GET"]}}],"collection":[{"href":"https:\/\/serveiseducatius.xtec.cat\/baixllobregat6\/wp-json\/wp\/v2\/posts"}],"about":[{"href":"https:\/\/serveiseducatius.xtec.cat\/baixllobregat6\/wp-json\/wp\/v2\/types\/post"}],"author":[{"embeddable":true,"href":"https:\/\/serveiseducatius.xtec.cat\/baixllobregat6\/wp-json\/wp\/v2\/users\/1"}],"replies":[{"embeddable":true,"href":"https:\/\/serveiseducatius.xtec.cat\/baixllobregat6\/wp-json\/wp\/v2\/comments?post=12474"}],"version-history":[{"count":3,"href":"https:\/\/serveiseducatius.xtec.cat\/baixllobregat6\/wp-json\/wp\/v2\/posts\/12474\/revisions"}],"predecessor-version":[{"id":12532,"href":"https:\/\/serveiseducatius.xtec.cat\/baixllobregat6\/wp-json\/wp\/v2\/posts\/12474\/revisions\/12532"}],"wp:attachment":[{"href":"https:\/\/serveiseducatius.xtec.cat\/baixllobregat6\/wp-json\/wp\/v2\/media?parent=12474"}],"wp:term":[{"taxonomy":"category","embeddable":true,"href":"https:\/\/serveiseducatius.xtec.cat\/baixllobregat6\/wp-json\/wp\/v2\/categories?post=12474"},{"taxonomy":"post_tag","embeddable":true,"href":"https:\/\/serveiseducatius.xtec.cat\/baixllobregat6\/wp-json\/wp\/v2\/tags?post=12474"}],"curies":[{"name":"wp","href":"https:\/\/api.w.org\/{rel}","templated":true}]}}