{"id":12409,"date":"2018-03-05T17:54:27","date_gmt":"2018-03-05T16:54:27","guid":{"rendered":"http:\/\/serveiseducatius.xtec.cat\/baixllobregat6\/?p=12409"},"modified":"2018-03-05T18:11:22","modified_gmt":"2018-03-05T17:11:22","slug":"conferencia-de-juanjofdezsola-sobre-estrategies-per-millorar-latencio-de-lalumnat-breu-resum-en-tuits","status":"publish","type":"post","link":"https:\/\/serveiseducatius.xtec.cat\/baixllobregat6\/diversitat-en-xarxa\/conferencia-de-juanjofdezsola-sobre-estrategies-per-millorar-latencio-de-lalumnat-breu-resum-en-tuits\/","title":{"rendered":"Confer\u00e8ncia de @juanjofdezsola sobre &#8220;Estrat\u00e8gies per millorar l&#8217;atenci\u00f3 de l&#8217;alumnat&#8221;. Breu resum en tuits"},"content":{"rendered":"<p>En el marc de les sessions peri\u00f2diques de la comunitat de pr\u00e0ctica de Diversitat en Xarxa i amb la participaci\u00f3 tamb\u00e9 de les integrants del seminari de caps d&#8217;estudi d&#8217;educaci\u00f3 infantil i prim\u00e0ria, s&#8217;ha portat a terme una interessant confer\u00e8ncia a c\u00e0rrec de Juanjo Fern\u00e1ndez sobre &#8220;Estrat\u00e8gies per millorar l&#8217;atenci\u00f3 de l&#8217;alumnat&#8221;. A continuaci\u00f3 es recullen diversos tuits que apunten algunes de les idees for\u00e7a tractades en el decurs de la confer\u00e8ncia.<\/p>\n<blockquote class=\"twitter-tweet\" data-lang=\"es\">\n<p dir=\"ltr\" lang=\"und\">.<a href=\"https:\/\/twitter.com\/juanjofdezsola?ref_src=twsrc%5Etfw\">@juanjofdezsola<\/a> endegant la seva confer\u00e8ncia sobre &#8220;Estrat\u00e8gies per millorar l&#8217;atenci\u00f3 de l&#8217;alumnat&#8221; adre\u00e7at a la Comunitat de pr\u00e0ctica de diversitat i al seminari de caps d&#8217;estudi d&#8217;educaci\u00f3 infantil i prim\u00e0ria. <a href=\"https:\/\/t.co\/pI1305fZES\">pic.twitter.com\/pI1305fZES<\/a><\/p>\n<p>\u2014 reporteducaci\u00f3 ?\ufe0f (@reporteducacio) <a href=\"https:\/\/twitter.com\/reporteducacio\/status\/970664406169374720?ref_src=twsrc%5Etfw\">5 de marzo de 2018<\/a><\/p><\/blockquote>\n<p><script async src=\"https:\/\/platform.twitter.com\/widgets.js\" charset=\"utf-8\"><\/script><\/p>\n<p><!--more--><\/p>\n<blockquote class=\"twitter-tweet\" data-lang=\"es\">\n<p dir=\"ltr\" lang=\"und\">Nom\u00e9s en comen\u00e7ar, <a href=\"https:\/\/twitter.com\/juanjofdezsola?ref_src=twsrc%5Etfw\">@juanjofdezsola<\/a> ens demostrar\u00e0 com una pel\u00b7li d&#8217;Arnold Schwarzenegger pot tenir alguna relaci\u00f3 amb l&#8217;objecte de la tem\u00e0tica de la seva confer\u00e8ncia<\/p>\n<p dir=\"ltr\" lang=\"und\">? <a href=\"https:\/\/t.co\/YTPhpWObSB\">pic.twitter.com\/YTPhpWObSB<\/a><\/p>\n<p>\u2014 reporteducaci\u00f3 ?\ufe0f (@reporteducacio) <a href=\"https:\/\/twitter.com\/reporteducacio\/status\/970668478398128128?ref_src=twsrc%5Etfw\">5 de marzo de 2018<\/a><\/p><\/blockquote>\n<p><script async src=\"https:\/\/platform.twitter.com\/widgets.js\" charset=\"utf-8\"><\/script><\/p>\n<blockquote class=\"twitter-tweet\" data-lang=\"es\">\n<p dir=\"ltr\" lang=\"und\">Ocupant l&#8217;espai i compartint relaci\u00f3. Sempre amb la necess\u00e0ria const\u00e0ncia requerida en les pr\u00e0ctiques educatives. <a href=\"https:\/\/t.co\/DgQTwszbn6\">pic.twitter.com\/DgQTwszbn6<\/a><\/p>\n<p>\u2014 reporteducaci\u00f3 ?\ufe0f (@reporteducacio) <a href=\"https:\/\/twitter.com\/reporteducacio\/status\/970670442129383426?ref_src=twsrc%5Etfw\">5 de marzo de 2018<\/a><\/p><\/blockquote>\n<p><script async src=\"https:\/\/platform.twitter.com\/widgets.js\" charset=\"utf-8\"><\/script><\/p>\n<blockquote class=\"twitter-tweet\" data-lang=\"es\">\n<p dir=\"ltr\" lang=\"und\">Dels estils a les estrat\u00e8gies.<br \/>\n?<br \/>\nCompleci\u00f3 d&#8217;un mapa conceptual sobre el nivell d&#8217;assoliment de diverses estrat\u00e8gies en les nostres pr\u00e0ctiques educatives en funci\u00f3 dels resultats desitjats. <a href=\"https:\/\/t.co\/LIvsALKpHR\">pic.twitter.com\/LIvsALKpHR<\/a><\/p>\n<p>\u2014 reporteducaci\u00f3 ?\ufe0f (@reporteducacio) <a href=\"https:\/\/twitter.com\/reporteducacio\/status\/970672936385437696?ref_src=twsrc%5Etfw\">5 de marzo de 2018<\/a><\/p><\/blockquote>\n<p><script async src=\"https:\/\/platform.twitter.com\/widgets.js\" charset=\"utf-8\"><\/script><\/p>\n<blockquote class=\"twitter-tweet\" data-lang=\"es\">\n<p dir=\"ltr\" lang=\"und\">A karate kid en aquesta escena es pot constatar com rere un aparent estil instruccional autoritari hi preval un cert ritual de pacte entre el saber expert i l&#8217;aprenent.<a href=\"https:\/\/t.co\/679ynxQ9K9\">https:\/\/t.co\/679ynxQ9K9<\/a><\/p>\n<p>\u2014 reporteducaci\u00f3 ?\ufe0f (@reporteducacio) <a href=\"https:\/\/twitter.com\/reporteducacio\/status\/970674547144962048?ref_src=twsrc%5Etfw\">5 de marzo de 2018<\/a><\/p><\/blockquote>\n<p><script async src=\"https:\/\/platform.twitter.com\/widgets.js\" charset=\"utf-8\"><\/script><\/p>\n<blockquote class=\"twitter-tweet\" data-lang=\"es\">\n<p dir=\"ltr\" lang=\"und\">Torn per a la recomposici\u00f3 en diferents grups dels criteris del TDA\/H segons el DSM-IV.<br \/>\nCal tenir present el sistema d&#8217;indicadors per a un correcte diagn\u00f2stic. <a href=\"https:\/\/t.co\/GyseXKWh1N\">pic.twitter.com\/GyseXKWh1N<\/a><\/p>\n<p>\u2014 reporteducaci\u00f3 ?\ufe0f (@reporteducacio) <a href=\"https:\/\/twitter.com\/reporteducacio\/status\/970679667656183808?ref_src=twsrc%5Etfw\">5 de marzo de 2018<\/a><\/p><\/blockquote>\n<p><script async src=\"https:\/\/platform.twitter.com\/widgets.js\" charset=\"utf-8\"><\/script><\/p>\n<blockquote class=\"twitter-video\" data-lang=\"es\">\n<p dir=\"ltr\" lang=\"und\">Diferents formes de cridar, provocar, generar l&#8217;atenci\u00f3 de l&#8217;alumnat a partir d&#8217;una seq\u00fc\u00e8ncia de &#8220;El club dels poetes morts&#8221; (Peter Weir, 1989) <a href=\"https:\/\/t.co\/g2JnrfCnDQ\">pic.twitter.com\/g2JnrfCnDQ<\/a><\/p>\n<p>\u2014 reporteducaci\u00f3 ?\ufe0f (@reporteducacio) <a href=\"https:\/\/twitter.com\/reporteducacio\/status\/970682285161934849?ref_src=twsrc%5Etfw\">5 de marzo de 2018<\/a><\/p><\/blockquote>\n<p><script async src=\"https:\/\/platform.twitter.com\/widgets.js\" charset=\"utf-8\"><\/script><\/p>\n<blockquote class=\"twitter-video\" data-lang=\"es\">\n<p dir=\"ltr\" lang=\"und\">Una exemplificaci\u00f3 for\u00e7a diferent a l&#8217;anterior, mitjan\u00e7ant una seq\u00fc\u00e8ncia de &#8220;Mentes peligrosas&#8221; (John N. Smith, 1995). <a href=\"https:\/\/t.co\/6rIYhrFlpf\">pic.twitter.com\/6rIYhrFlpf<\/a><\/p>\n<p>\u2014 reporteducaci\u00f3 ?\ufe0f (@reporteducacio) <a href=\"https:\/\/twitter.com\/reporteducacio\/status\/970683924019138560?ref_src=twsrc%5Etfw\">5 de marzo de 2018<\/a><\/p><\/blockquote>\n<p><script async src=\"https:\/\/platform.twitter.com\/widgets.js\" charset=\"utf-8\"><\/script><\/p>\n<blockquote class=\"twitter-tweet\" data-lang=\"es\">\n<p dir=\"ltr\" lang=\"und\">I encara, a &#8220;Profesor Holland&#8221;, Stephen Herek (1995), una exquisida seq\u00fc\u00e8ncia permet constatar con l&#8217;aproximaci\u00f3 a la realitat dels alumnes i l&#8217;aportaci\u00f3 d&#8217;experi\u00e8ncies vivencials significatives fan augmentar amb excreix l&#8217;atenci\u00f3. <a href=\"https:\/\/t.co\/uum7ZOUkkA\">pic.twitter.com\/uum7ZOUkkA<\/a><\/p>\n<p>\u2014 reporteducaci\u00f3 ?\ufe0f (@reporteducacio) <a href=\"https:\/\/twitter.com\/reporteducacio\/status\/970684906572574720?ref_src=twsrc%5Etfw\">5 de marzo de 2018<\/a><\/p><\/blockquote>\n<p><script async src=\"https:\/\/platform.twitter.com\/widgets.js\" charset=\"utf-8\"><\/script><\/p>\n<blockquote class=\"twitter-tweet\" data-lang=\"es\">\n<p dir=\"ltr\" lang=\"und\">I de nou el personal es mou. Ara toca establir categoritzacions entre diverses tipologies d&#8217;interrogants i possibles respostes. <a href=\"https:\/\/t.co\/BO32w8MltU\">pic.twitter.com\/BO32w8MltU<\/a><\/p>\n<p>\u2014 reporteducaci\u00f3 ?\ufe0f (@reporteducacio) <a href=\"https:\/\/twitter.com\/reporteducacio\/status\/970687205407625216?ref_src=twsrc%5Etfw\">5 de marzo de 2018<\/a><\/p><\/blockquote>\n<p><script async src=\"https:\/\/platform.twitter.com\/widgets.js\" charset=\"utf-8\"><\/script><\/p>\n<blockquote class=\"twitter-tweet\" data-lang=\"es\">\n<p dir=\"ltr\" lang=\"und\">I a la recta final, una recopilaci\u00f3 de jocs per a millorar l&#8217;atenci\u00f3. <a href=\"https:\/\/t.co\/xjJ7Y1xDi4\">pic.twitter.com\/xjJ7Y1xDi4<\/a><\/p>\n<p>\u2014 reporteducaci\u00f3 ?\ufe0f (@reporteducacio) <a href=\"https:\/\/twitter.com\/reporteducacio\/status\/970690439501221889?ref_src=twsrc%5Etfw\">5 de marzo de 2018<\/a><\/p><\/blockquote>\n<p><script async src=\"https:\/\/platform.twitter.com\/widgets.js\" charset=\"utf-8\"><\/script><\/p>\n<blockquote class=\"twitter-tweet\" data-lang=\"es\">\n<p dir=\"ltr\" lang=\"und\">Els mestres planten llavors de coneixement per cr\u00e9ixer sempre. <a href=\"https:\/\/t.co\/X3a6dLqyQ6\">pic.twitter.com\/X3a6dLqyQ6<\/a><\/p>\n<p>\u2014 reporteducaci\u00f3 ?\ufe0f (@reporteducacio) <a href=\"https:\/\/twitter.com\/reporteducacio\/status\/970693762535034880?ref_src=twsrc%5Etfw\">5 de marzo de 2018<\/a><\/p><\/blockquote>\n<p><script async src=\"https:\/\/platform.twitter.com\/widgets.js\" charset=\"utf-8\"><\/script><\/p>\n","protected":false},"excerpt":{"rendered":"<p>En el marc de les sessions peri\u00f2diques de la comunitat de pr\u00e0ctica de Diversitat en Xarxa i amb la participaci\u00f3 tamb\u00e9 de les integrants del seminari de caps d&#8217;estudi d&#8217;educaci\u00f3 infantil i prim\u00e0ria, s&#8217;ha portat a terme una interessant confer\u00e8ncia a c\u00e0rrec de Juanjo Fern\u00e1ndez sobre &#8220;Estrat\u00e8gies per millorar l&#8217;atenci\u00f3 de l&#8217;alumnat&#8221;. A continuaci\u00f3 es [&hellip;]<\/p>\n","protected":false},"author":1,"featured_media":0,"comment_status":"open","ping_status":"closed","sticky":false,"template":"","format":"standard","meta":{"_bbp_topic_count":0,"_bbp_reply_count":0,"_bbp_total_topic_count":0,"_bbp_total_reply_count":0,"_bbp_voice_count":0,"_bbp_anonymous_reply_count":0,"_bbp_topic_count_hidden":0,"_bbp_reply_count_hidden":0,"_bbp_forum_subforum_count":0,"site-sidebar-layout":"default","site-content-layout":"","ast-site-content-layout":"","site-content-style":"default","site-sidebar-style":"default","ast-global-header-display":"","ast-banner-title-visibility":"","ast-main-header-display":"","ast-hfb-above-header-display":"","ast-hfb-below-header-display":"","ast-hfb-mobile-header-display":"","site-post-title":"","ast-breadcrumbs-content":"","ast-featured-img":"","footer-sml-layout":"","theme-transparent-header-meta":"","adv-header-id-meta":"","stick-header-meta":"","header-above-stick-meta":"","header-main-stick-meta":"","header-below-stick-meta":"","astra-migrate-meta-layouts":"default","ast-page-background-enabled":"default","ast-page-background-meta":{"desktop":{"background-color":"var(--ast-global-color-4)","background-image":"","background-repeat":"repeat","background-position":"center center","background-size":"auto","background-attachment":"scroll","background-type":"","background-media":"","overlay-type":"","overlay-color":"","overlay-opacity":"","overlay-gradient":""},"tablet":{"background-color":"","background-image":"","background-repeat":"repeat","background-position":"center center","background-size":"auto","background-attachment":"scroll","background-type":"","background-media":"","overlay-type":"","overlay-color":"","overlay-opacity":"","overlay-gradient":""},"mobile":{"background-color":"","background-image":"","background-repeat":"repeat","background-position":"center center","background-size":"auto","background-attachment":"scroll","background-type":"","background-media":"","overlay-type":"","overlay-color":"","overlay-opacity":"","overlay-gradient":""}},"ast-content-background-meta":{"desktop":{"background-color":"var(--ast-global-color-5)","background-image":"","background-repeat":"repeat","background-position":"center center","background-size":"auto","background-attachment":"scroll","background-type":"","background-media":"","overlay-type":"","overlay-color":"","overlay-opacity":"","overlay-gradient":""},"tablet":{"background-color":"var(--ast-global-color-5)","background-image":"","background-repeat":"repeat","background-position":"center center","background-size":"auto","background-attachment":"scroll","background-type":"","background-media":"","overlay-type":"","overlay-color":"","overlay-opacity":"","overlay-gradient":""},"mobile":{"background-color":"var(--ast-global-color-5)","background-image":"","background-repeat":"repeat","background-position":"center center","background-size":"auto","background-attachment":"scroll","background-type":"","background-media":"","overlay-type":"","overlay-color":"","overlay-opacity":"","overlay-gradient":""}},"footnotes":""},"categories":[1040,1488],"tags":[222,236,249,1969,1774,854,1467],"class_list":["post-12409","post","type-post","status-publish","format-standard","hentry","category-diversitat-en-xarxa","category-tdah","tag-alumnes","tag-aprenentatge","tag-atencio","tag-estrategies","tag-metodologia","tag-professorat","tag-tdah"],"post_mailing_queue_ids":[],"_links":{"self":[{"href":"https:\/\/serveiseducatius.xtec.cat\/baixllobregat6\/wp-json\/wp\/v2\/posts\/12409","targetHints":{"allow":["GET"]}}],"collection":[{"href":"https:\/\/serveiseducatius.xtec.cat\/baixllobregat6\/wp-json\/wp\/v2\/posts"}],"about":[{"href":"https:\/\/serveiseducatius.xtec.cat\/baixllobregat6\/wp-json\/wp\/v2\/types\/post"}],"author":[{"embeddable":true,"href":"https:\/\/serveiseducatius.xtec.cat\/baixllobregat6\/wp-json\/wp\/v2\/users\/1"}],"replies":[{"embeddable":true,"href":"https:\/\/serveiseducatius.xtec.cat\/baixllobregat6\/wp-json\/wp\/v2\/comments?post=12409"}],"version-history":[{"count":4,"href":"https:\/\/serveiseducatius.xtec.cat\/baixllobregat6\/wp-json\/wp\/v2\/posts\/12409\/revisions"}],"predecessor-version":[{"id":12414,"href":"https:\/\/serveiseducatius.xtec.cat\/baixllobregat6\/wp-json\/wp\/v2\/posts\/12409\/revisions\/12414"}],"wp:attachment":[{"href":"https:\/\/serveiseducatius.xtec.cat\/baixllobregat6\/wp-json\/wp\/v2\/media?parent=12409"}],"wp:term":[{"taxonomy":"category","embeddable":true,"href":"https:\/\/serveiseducatius.xtec.cat\/baixllobregat6\/wp-json\/wp\/v2\/categories?post=12409"},{"taxonomy":"post_tag","embeddable":true,"href":"https:\/\/serveiseducatius.xtec.cat\/baixllobregat6\/wp-json\/wp\/v2\/tags?post=12409"}],"curies":[{"name":"wp","href":"https:\/\/api.w.org\/{rel}","templated":true}]}}