{"id":12284,"date":"2018-02-19T08:48:28","date_gmt":"2018-02-19T07:48:28","guid":{"rendered":"http:\/\/serveiseducatius.xtec.cat\/baixllobregat6\/?p=12284"},"modified":"2018-03-05T11:00:56","modified_gmt":"2018-03-05T10:00:56","slug":"jornada-muce-adoctrinem-per-una-educacio-critica-i-democratica","status":"publish","type":"post","link":"https:\/\/serveiseducatius.xtec.cat\/baixllobregat6\/dinamica-educativa-sant-vicenc-dels-horts\/jornada-muce-adoctrinem-per-una-educacio-critica-i-democratica\/","title":{"rendered":"ADOCTRINEM? Per una educaci\u00f3 cr\u00edtica i democr\u00e0tica [Jornada MUCE]"},"content":{"rendered":"<p><img loading=\"lazy\" decoding=\"async\" class=\"alignleft wp-image-12285 size-medium\" src=\"http:\/\/serveiseducatius.xtec.cat\/baixllobregat6\/wp-content\/uploads\/usu778\/2018\/02\/educriticanoadoctrinem-212x300.jpg\" alt=\"\" width=\"212\" height=\"300\" srcset=\"https:\/\/serveiseducatius.xtec.cat\/baixllobregat6\/wp-content\/uploads\/usu778\/2018\/02\/educriticanoadoctrinem-212x300.jpg 212w, https:\/\/serveiseducatius.xtec.cat\/baixllobregat6\/wp-content\/uploads\/usu778\/2018\/02\/educriticanoadoctrinem-768x1086.jpg 768w, https:\/\/serveiseducatius.xtec.cat\/baixllobregat6\/wp-content\/uploads\/usu778\/2018\/02\/educriticanoadoctrinem-724x1024.jpg 724w, https:\/\/serveiseducatius.xtec.cat\/baixllobregat6\/wp-content\/uploads\/usu778\/2018\/02\/educriticanoadoctrinem.jpg 1123w\" sizes=\"auto, (max-width: 212px) 100vw, 212px\" \/>La nova ofensiva partidista que estem patint sobre l\u2019educaci\u00f3 ha arribat a l\u2019extrem de portar algunes persones docents davant dels jutges. A m\u00e9s, ha afectat la conviv\u00e8ncia de diferents centres de forma que, algunes fam\u00edlies, s\u2019han perm\u00e8s amena\u00e7ar mestres i, fins i tot, alguns s\u2019han vist desautoritzats.<\/p>\n<p>Som conscients que, aquest ambient, pot arribar a estendre\u2019s si no fem les coses b\u00e9.<br \/>\nQuin paper han de jugar els docents? Qu\u00e8 poden fer les AMPA? Qu\u00e8 cal exigir a les administracions? Els alumnes hi tenen alguna cosa a dir? Si no s\u2019aborda un tema perqu\u00e8 una fam\u00edlia no ho vol, es vulnera els drets dels altres alumnes?<\/p>\n<p>Ara b\u00e9, per fer la seva feina les persones que es dediquen a la doc\u00e8ncia han de poder treballar amb tranquil\u00b7litat i sense censura. Per una educaci\u00f3 cr\u00edtica, en els centres hem de poder parlar de tot. Parlar de tot en les condicions adequades i, sempre, des del respecte.<\/p>\n<p>Que els docents puguin exercir de docents, i les mares i pares puguin exercir com a mares i pares.<!--more--><\/p>\n<p>Perqu\u00e8 la realitat sempre \u00e9s plena de matisos.<\/p>\n<p>El <strong><a href=\"http:\/\/serveiseducatius.xtec.cat\/baixllobregat6\/marc-unitari-de-la-comunitat-educativa-muce\/\" target=\"_blank\" rel=\"noopener noreferrer\">MUCE<\/a><\/strong> organitza aquesta jornada amb l\u2019objectiu d\u2019explorar vies per defensar la pluralitat, l\u2019esperit cr\u00edtic i el funcionament democr\u00e0tic dels nostres centres. I evidentment, donar eines a docents i fam\u00edlies per a respondre a la situaci\u00f3 actual.<\/p>\n<p><strong>Objectius<\/strong><\/p>\n<p>En aquesta jornada\u00a0es debatr\u00e0 i reflexionar\u00e0 sobre quines estrat\u00e8gies desenvolupen els centres educatius per fomentar l\u2019educaci\u00f3 amb sentit cr\u00edtic, democr\u00e0tic, plural i respectu\u00f3s \u2026 Com es continua treballant i posant per damunt els valors de llibertat, conviv\u00e8ncia, di\u00e0leg, respecte, esperit cr\u00edtic i democr\u00e0cia de l\u2019escola i del nostre sistema educatiu. Com es protegeixen d\u2019aquests atacs als alumnes, docents i al conjunt de l\u2019escola catalana\u2026<\/p>\n<p><strong>PROGRAMA<\/strong><\/p>\n<blockquote><p><strong>Presentaci\u00f3<\/strong><\/p>\n<p><strong>Comprom\u00eds \u00e8tic del professorat<\/strong><br \/>\nDavid Altimir, mestre i membre de l\u2019AM Rosa Sensat<\/p>\n<p><strong>L\u2019ensenyament\/aprenentatge de les ci\u00e8ncies socials com instrument de reflexi\u00f3<\/strong><br \/>\nJoan Pag\u00e8s Blanch, catedr\u00e0tic de la Facultat de Ci\u00e8ncies de l\u2019Educaci\u00f3, UAB<\/p>\n<p><strong>La conviv\u00e8ncia a les aules en temps de crisi<\/strong><br \/>\nJaume Trilla Bernet, catedr\u00e0tic de la Facultat d\u2019Educaci\u00f3, UB<\/p>\n<p><strong>Visi\u00f3 jur\u00eddica<\/strong><br \/>\nLidon Gasull Figueras, advocada<\/p>\n<p><strong>Debat obert i conjunt<\/strong><\/p>\n<p><strong>Conclusions finals: Organitzacions d\u2019estudiants<\/strong><\/p><\/blockquote>\n<p><strong>DATA I LLOC<\/strong><\/p>\n<p>Seu <strong>Associaci\u00f3 de Mestres Rosa Sensat<\/strong>, <a href=\"https:\/\/goo.gl\/maps\/3W3Qb2BZc3D2\" target=\"_blank\" rel=\"noopener noreferrer\">Avinguda\u00a0Dressanes 3<\/a>. Barcelona (metro Dressanes).<br \/>\nDissabte dia 3 de mar\u00e7. De 10h fins les 13.30h.<\/p>\n<p><strong>INSCRIPCIONS<\/strong><\/p>\n<p><a href=\"https:\/\/docs.google.com\/forms\/d\/e\/1FAIpQLSdocmVaEcO9j4tFAaWWTC408hti_-X-H-0q6oIOg_RJk1ZtLQ\/viewform\" target=\"_blank\" rel=\"noopener noreferrer\">Formulari d&#8217;inscripci\u00f3<\/a><\/p>\n","protected":false},"excerpt":{"rendered":"<p>La nova ofensiva partidista que estem patint sobre l\u2019educaci\u00f3 ha arribat a l\u2019extrem de portar algunes persones docents davant dels jutges. A m\u00e9s, ha afectat la conviv\u00e8ncia de diferents centres de forma que, algunes fam\u00edlies, s\u2019han perm\u00e8s amena\u00e7ar mestres i, fins i tot, alguns s\u2019han vist desautoritzats. Som conscients que, aquest ambient, pot arribar a [&hellip;]<\/p>\n","protected":false},"author":1,"featured_media":12285,"comment_status":"open","ping_status":"closed","sticky":false,"template":"","format":"standard","meta":{"_bbp_topic_count":0,"_bbp_reply_count":0,"_bbp_total_topic_count":0,"_bbp_total_reply_count":0,"_bbp_voice_count":0,"_bbp_anonymous_reply_count":0,"_bbp_topic_count_hidden":0,"_bbp_reply_count_hidden":0,"_bbp_forum_subforum_count":0,"site-sidebar-layout":"default","site-content-layout":"","ast-site-content-layout":"","site-content-style":"default","site-sidebar-style":"default","ast-global-header-display":"","ast-banner-title-visibility":"","ast-main-header-display":"","ast-hfb-above-header-display":"","ast-hfb-below-header-display":"","ast-hfb-mobile-header-display":"","site-post-title":"","ast-breadcrumbs-content":"","ast-featured-img":"","footer-sml-layout":"","theme-transparent-header-meta":"","adv-header-id-meta":"","stick-header-meta":"","header-above-stick-meta":"","header-main-stick-meta":"","header-below-stick-meta":"","astra-migrate-meta-layouts":"default","ast-page-background-enabled":"default","ast-page-background-meta":{"desktop":{"background-color":"var(--ast-global-color-4)","background-image":"","background-repeat":"repeat","background-position":"center center","background-size":"auto","background-attachment":"scroll","background-type":"","background-media":"","overlay-type":"","overlay-color":"","overlay-opacity":"","overlay-gradient":""},"tablet":{"background-color":"","background-image":"","background-repeat":"repeat","background-position":"center center","background-size":"auto","background-attachment":"scroll","background-type":"","background-media":"","overlay-type":"","overlay-color":"","overlay-opacity":"","overlay-gradient":""},"mobile":{"background-color":"","background-image":"","background-repeat":"repeat","background-position":"center center","background-size":"auto","background-attachment":"scroll","background-type":"","background-media":"","overlay-type":"","overlay-color":"","overlay-opacity":"","overlay-gradient":""}},"ast-content-background-meta":{"desktop":{"background-color":"var(--ast-global-color-5)","background-image":"","background-repeat":"repeat","background-position":"center center","background-size":"auto","background-attachment":"scroll","background-type":"","background-media":"","overlay-type":"","overlay-color":"","overlay-opacity":"","overlay-gradient":""},"tablet":{"background-color":"var(--ast-global-color-5)","background-image":"","background-repeat":"repeat","background-position":"center center","background-size":"auto","background-attachment":"scroll","background-type":"","background-media":"","overlay-type":"","overlay-color":"","overlay-opacity":"","overlay-gradient":""},"mobile":{"background-color":"var(--ast-global-color-5)","background-image":"","background-repeat":"repeat","background-position":"center center","background-size":"auto","background-attachment":"scroll","background-type":"","background-media":"","overlay-type":"","overlay-color":"","overlay-opacity":"","overlay-gradient":""}},"footnotes":""},"categories":[176],"tags":[1958,834],"class_list":["post-12284","post","type-post","status-publish","format-standard","has-post-thumbnail","hentry","category-dinamica-educativa-sant-vicenc-dels-horts","tag-educacio-critica","tag-politiques-educatives"],"post_mailing_queue_ids":[],"_links":{"self":[{"href":"https:\/\/serveiseducatius.xtec.cat\/baixllobregat6\/wp-json\/wp\/v2\/posts\/12284","targetHints":{"allow":["GET"]}}],"collection":[{"href":"https:\/\/serveiseducatius.xtec.cat\/baixllobregat6\/wp-json\/wp\/v2\/posts"}],"about":[{"href":"https:\/\/serveiseducatius.xtec.cat\/baixllobregat6\/wp-json\/wp\/v2\/types\/post"}],"author":[{"embeddable":true,"href":"https:\/\/serveiseducatius.xtec.cat\/baixllobregat6\/wp-json\/wp\/v2\/users\/1"}],"replies":[{"embeddable":true,"href":"https:\/\/serveiseducatius.xtec.cat\/baixllobregat6\/wp-json\/wp\/v2\/comments?post=12284"}],"version-history":[{"count":3,"href":"https:\/\/serveiseducatius.xtec.cat\/baixllobregat6\/wp-json\/wp\/v2\/posts\/12284\/revisions"}],"predecessor-version":[{"id":12293,"href":"https:\/\/serveiseducatius.xtec.cat\/baixllobregat6\/wp-json\/wp\/v2\/posts\/12284\/revisions\/12293"}],"wp:featuredmedia":[{"embeddable":true,"href":"https:\/\/serveiseducatius.xtec.cat\/baixllobregat6\/wp-json\/wp\/v2\/media\/12285"}],"wp:attachment":[{"href":"https:\/\/serveiseducatius.xtec.cat\/baixllobregat6\/wp-json\/wp\/v2\/media?parent=12284"}],"wp:term":[{"taxonomy":"category","embeddable":true,"href":"https:\/\/serveiseducatius.xtec.cat\/baixllobregat6\/wp-json\/wp\/v2\/categories?post=12284"},{"taxonomy":"post_tag","embeddable":true,"href":"https:\/\/serveiseducatius.xtec.cat\/baixllobregat6\/wp-json\/wp\/v2\/tags?post=12284"}],"curies":[{"name":"wp","href":"https:\/\/api.w.org\/{rel}","templated":true}]}}