{"id":12095,"date":"2018-01-15T13:04:07","date_gmt":"2018-01-15T12:04:07","guid":{"rendered":"http:\/\/serveiseducatius.xtec.cat\/baixllobregat6\/?p=12095"},"modified":"2018-01-16T08:10:24","modified_gmt":"2018-01-16T07:10:24","slug":"una-bala-per-al-record-la-darrera-novella-de-maite-carranza-adrecada-al-public-juvenil","status":"publish","type":"post","link":"https:\/\/serveiseducatius.xtec.cat\/baixllobregat6\/se-baixllobregat6\/una-bala-per-al-record-la-darrera-novella-de-maite-carranza-adrecada-al-public-juvenil\/","title":{"rendered":"\u201cUna bala per al record\u201d. La darrera novel\u00b7la de Maite Carranza adre\u00e7ada al p\u00fablic juvenil."},"content":{"rendered":"<p><img loading=\"lazy\" decoding=\"async\" class=\"alignleft wp-image-12096 size-medium\" src=\"http:\/\/serveiseducatius.xtec.cat\/baixllobregat6\/wp-content\/uploads\/usu778\/2018\/01\/9788416661657-una-bala-per-al-record-192x300.jpg\" alt=\"\" width=\"192\" height=\"300\" srcset=\"https:\/\/serveiseducatius.xtec.cat\/baixllobregat6\/wp-content\/uploads\/usu778\/2018\/01\/9788416661657-una-bala-per-al-record-192x300.jpg 192w, https:\/\/serveiseducatius.xtec.cat\/baixllobregat6\/wp-content\/uploads\/usu778\/2018\/01\/9788416661657-una-bala-per-al-record-768x1199.jpg 768w, https:\/\/serveiseducatius.xtec.cat\/baixllobregat6\/wp-content\/uploads\/usu778\/2018\/01\/9788416661657-una-bala-per-al-record-656x1024.jpg 656w, https:\/\/serveiseducatius.xtec.cat\/baixllobregat6\/wp-content\/uploads\/usu778\/2018\/01\/9788416661657-una-bala-per-al-record.jpg 1665w\" sizes=\"auto, (max-width: 192px) 100vw, 192px\" \/>A la col\u00b7lecci\u00f3<a href=\"http:\/\/www.jollibre.com\" target=\"_blank\" rel=\"noopener noreferrer\"> jollibre<\/a>\u00a0de Santillana-Grup Promotor, <a href=\"http:\/\/maitecarranza.com\/autora\/biografia\/\" target=\"_blank\" rel=\"noopener noreferrer\">Maite Carranza<\/a> ha escrit &#8220;<strong><em>Una bala per al record<\/em><\/strong>&#8220;, una proposta que apropa al p\u00fablic adolescent a la Guerra de 1936-1939 contra el feixisme. La sinopsi \u00e9s la seg\u00fcent:<\/p>\n<blockquote><p><em>1938. Barruelo (Pal\u00e8ncia). El Miquel, de tretze anys, creu que el seu pare, un miner republic\u00e0, ha mort al front. Inesperadament, arriba la not\u00edcia que \u00e9s viu, en un camp de presoners prop d\u2019Oviedo. La seva mare li prega que el porti a casa i el noi, acompanyat per la seva gosseta Greta, marxa cap a una aventura incerta. El Miquel caminar\u00e0 centenars de quil\u00f2metres, travessar\u00e0 muntanyes amb llops i desertors, pispar\u00e0 menjar, fugir\u00e0 de la Gu\u00e0rdia Civil, s\u2019enamorar\u00e0, coneixer\u00e0 persones que ho van perdre tot, es far\u00e0 un home i descobrir\u00e0 amb els seus propis ulls el que \u00e9s una guerra.<\/em><\/p><\/blockquote>\n<p><!--more--><\/p>\n<p>&nbsp;<\/p>\n<p>&nbsp;<\/p>\n<p>&nbsp;<\/p>\n<p>Fitxa t\u00e8cnica<\/p>\n<dl class=\"dl-horizontal\">\n<dt>T\u00edtol:<\/dt>\n<dd>Una bala per al record<\/dd>\n<dt>Autors:<\/dt>\n<dd><a title=\"Biografia i llibres de Maite Carranza\" href=\"http:\/\/www.jollibre.com\/autores\/maite-carranza\">Maite Carranza<\/a><\/dd>\n<dt>Preu:<\/dt>\n<dd>11.00 \u20ac<\/dd>\n<dt>Data de publicaci\u00f3:<\/dt>\n<dd>22\/11\/2017<\/dd>\n<dt>ISBN:<\/dt>\n<dd>9788416661657<\/dd>\n<dt>Mesures:<\/dt>\n<dd>14 x 21,50<\/dd>\n<dt>Segell:<\/dt>\n<dd><a title=\"Llibres per a grans de Grup Promotor \" href=\"http:\/\/www.jollibre.com\/libros\/sello\/grup-promotor\">Grup Promotor<\/a><\/dd>\n<dt>Format:<\/dt>\n<dd><a title=\"Veure llibres de R\u00fastica amb solapes \" href=\"http:\/\/www.jollibre.com\/libros?options=41\">R\u00fastica amb solapes<\/a><\/dd>\n<dt>P\u00e0gines (nombre):<\/dt>\n<dd>192\u00a0p\u00e0g.<\/dd>\n<dt>Suport:<\/dt>\n<dd>Paper<\/dd>\n<\/dl>\n<dl class=\"dl-horizontal\">\n<dt>Edat:<\/dt>\n<dd><a title=\"Llibres per a grans de +14 \" href=\"http:\/\/www.jollibre.com\/libros\/edad\/14\">+14<\/a><\/dd>\n<dt>Col\u00b7lecci\u00f3:<\/dt>\n<dd><a title=\"Veure llibres de Juvenil \" href=\"http:\/\/www.jollibre.com\/libros?options=40\">Juvenil<\/a><\/dd>\n<dt>G\u00e8nere:<\/dt>\n<dd><a title=\"Veure llibres de Novel\u00b7la \" href=\"http:\/\/www.jollibre.com\/libros?options=18\">Novel\u00b7la<\/a><\/dd>\n<dt>Tem\u00e0tica:<\/dt>\n<dd><a title=\"Veure llibres de Aventura \" href=\"http:\/\/www.jollibre.com\/libros?options=30\">Aventura<\/a>,\u00a0<a title=\"Veure llibres de Conviv\u00e8ncia social \" href=\"http:\/\/www.jollibre.com\/libros?options=13\">Conviv\u00e8ncia social<\/a>,\u00a0<a title=\"Veure llibres de No-viol\u00e8ncia \" href=\"http:\/\/www.jollibre.com\/libros?options=23\">No-viol\u00e8ncia<\/a><\/dd>\n<\/dl>\n<blockquote><p><em><a href=\"http:\/\/www.jollibre.com\/uploads\/2017\/10\/una-bala-per-al-record-prim-cap.pdf\" target=\"_blank\" rel=\"noopener noreferrer\">Clica per fer un tast de les primeres p\u00e0gines de la novel\u00b7la\u00a0<\/a><\/em><\/p><\/blockquote>\n<p>&nbsp;<\/p>\n","protected":false},"excerpt":{"rendered":"<p>A la col\u00b7lecci\u00f3 jollibre\u00a0de Santillana-Grup Promotor, Maite Carranza ha escrit &#8220;Una bala per al record&#8220;, una proposta que apropa al p\u00fablic adolescent a la Guerra de 1936-1939 contra el feixisme. La sinopsi \u00e9s la seg\u00fcent: 1938. Barruelo (Pal\u00e8ncia). El Miquel, de tretze anys, creu que el seu pare, un miner republic\u00e0, ha mort al front. [&hellip;]<\/p>\n","protected":false},"author":1,"featured_media":12096,"comment_status":"open","ping_status":"closed","sticky":false,"template":"","format":"standard","meta":{"_bbp_topic_count":0,"_bbp_reply_count":0,"_bbp_total_topic_count":0,"_bbp_total_reply_count":0,"_bbp_voice_count":0,"_bbp_anonymous_reply_count":0,"_bbp_topic_count_hidden":0,"_bbp_reply_count_hidden":0,"_bbp_forum_subforum_count":0,"site-sidebar-layout":"default","site-content-layout":"","ast-site-content-layout":"","site-content-style":"default","site-sidebar-style":"default","ast-global-header-display":"","ast-banner-title-visibility":"","ast-main-header-display":"","ast-hfb-above-header-display":"","ast-hfb-below-header-display":"","ast-hfb-mobile-header-display":"","site-post-title":"","ast-breadcrumbs-content":"","ast-featured-img":"","footer-sml-layout":"","theme-transparent-header-meta":"","adv-header-id-meta":"","stick-header-meta":"","header-above-stick-meta":"","header-main-stick-meta":"","header-below-stick-meta":"","astra-migrate-meta-layouts":"default","ast-page-background-enabled":"default","ast-page-background-meta":{"desktop":{"background-color":"var(--ast-global-color-4)","background-image":"","background-repeat":"repeat","background-position":"center center","background-size":"auto","background-attachment":"scroll","background-type":"","background-media":"","overlay-type":"","overlay-color":"","overlay-opacity":"","overlay-gradient":""},"tablet":{"background-color":"","background-image":"","background-repeat":"repeat","background-position":"center center","background-size":"auto","background-attachment":"scroll","background-type":"","background-media":"","overlay-type":"","overlay-color":"","overlay-opacity":"","overlay-gradient":""},"mobile":{"background-color":"","background-image":"","background-repeat":"repeat","background-position":"center center","background-size":"auto","background-attachment":"scroll","background-type":"","background-media":"","overlay-type":"","overlay-color":"","overlay-opacity":"","overlay-gradient":""}},"ast-content-background-meta":{"desktop":{"background-color":"var(--ast-global-color-5)","background-image":"","background-repeat":"repeat","background-position":"center center","background-size":"auto","background-attachment":"scroll","background-type":"","background-media":"","overlay-type":"","overlay-color":"","overlay-opacity":"","overlay-gradient":""},"tablet":{"background-color":"var(--ast-global-color-5)","background-image":"","background-repeat":"repeat","background-position":"center center","background-size":"auto","background-attachment":"scroll","background-type":"","background-media":"","overlay-type":"","overlay-color":"","overlay-opacity":"","overlay-gradient":""},"mobile":{"background-color":"var(--ast-global-color-5)","background-image":"","background-repeat":"repeat","background-position":"center center","background-size":"auto","background-attachment":"scroll","background-type":"","background-media":"","overlay-type":"","overlay-color":"","overlay-opacity":"","overlay-gradient":""}},"footnotes":""},"categories":[1112,29],"tags":[1436,447,589,695,717,772],"class_list":["post-12095","post","type-post","status-publish","format-standard","has-post-thumbnail","hentry","category-narracions-juvenils","category-se-baixllobregat6","tag-biblioreport","tag-educacio-secundaria","tag-guerra-1936-1939","tag-literatura-juvenil","tag-maite-carranza","tag-novella-infantil-i-juvenil"],"post_mailing_queue_ids":[],"_links":{"self":[{"href":"https:\/\/serveiseducatius.xtec.cat\/baixllobregat6\/wp-json\/wp\/v2\/posts\/12095","targetHints":{"allow":["GET"]}}],"collection":[{"href":"https:\/\/serveiseducatius.xtec.cat\/baixllobregat6\/wp-json\/wp\/v2\/posts"}],"about":[{"href":"https:\/\/serveiseducatius.xtec.cat\/baixllobregat6\/wp-json\/wp\/v2\/types\/post"}],"author":[{"embeddable":true,"href":"https:\/\/serveiseducatius.xtec.cat\/baixllobregat6\/wp-json\/wp\/v2\/users\/1"}],"replies":[{"embeddable":true,"href":"https:\/\/serveiseducatius.xtec.cat\/baixllobregat6\/wp-json\/wp\/v2\/comments?post=12095"}],"version-history":[{"count":2,"href":"https:\/\/serveiseducatius.xtec.cat\/baixllobregat6\/wp-json\/wp\/v2\/posts\/12095\/revisions"}],"predecessor-version":[{"id":12098,"href":"https:\/\/serveiseducatius.xtec.cat\/baixllobregat6\/wp-json\/wp\/v2\/posts\/12095\/revisions\/12098"}],"wp:featuredmedia":[{"embeddable":true,"href":"https:\/\/serveiseducatius.xtec.cat\/baixllobregat6\/wp-json\/wp\/v2\/media\/12096"}],"wp:attachment":[{"href":"https:\/\/serveiseducatius.xtec.cat\/baixllobregat6\/wp-json\/wp\/v2\/media?parent=12095"}],"wp:term":[{"taxonomy":"category","embeddable":true,"href":"https:\/\/serveiseducatius.xtec.cat\/baixllobregat6\/wp-json\/wp\/v2\/categories?post=12095"},{"taxonomy":"post_tag","embeddable":true,"href":"https:\/\/serveiseducatius.xtec.cat\/baixllobregat6\/wp-json\/wp\/v2\/tags?post=12095"}],"curies":[{"name":"wp","href":"https:\/\/api.w.org\/{rel}","templated":true}]}}