{"id":12045,"date":"2018-01-10T09:48:37","date_gmt":"2018-01-10T08:48:37","guid":{"rendered":"http:\/\/serveiseducatius.xtec.cat\/baixllobregat6\/?p=12045"},"modified":"2018-01-11T09:14:36","modified_gmt":"2018-01-11T08:14:36","slug":"biblioteques-i-colles-castelleres-collaboren-en-una-accio-de-foment-de-la-lectura-i-de-difusio-del-fet-casteller","status":"publish","type":"post","link":"https:\/\/serveiseducatius.xtec.cat\/baixllobregat6\/se-baixllobregat6\/biblioteques-i-colles-castelleres-collaboren-en-una-accio-de-foment-de-la-lectura-i-de-difusio-del-fet-casteller\/","title":{"rendered":"Biblioteques i colles castelleres col\u00b7laboren en una acci\u00f3 de foment de la lectura i de difusi\u00f3 del fet casteller"},"content":{"rendered":"<p><img loading=\"lazy\" decoding=\"async\" class=\"aligncenter wp-image-12046 size-full\" src=\"http:\/\/serveiseducatius.xtec.cat\/baixllobregat6\/wp-content\/uploads\/usu778\/2018\/01\/lectora-0.jpg\" alt=\"\" width=\"960\" height=\"281\" srcset=\"https:\/\/serveiseducatius.xtec.cat\/baixllobregat6\/wp-content\/uploads\/usu778\/2018\/01\/lectora-0.jpg 960w, https:\/\/serveiseducatius.xtec.cat\/baixllobregat6\/wp-content\/uploads\/usu778\/2018\/01\/lectora-0-300x88.jpg 300w, https:\/\/serveiseducatius.xtec.cat\/baixllobregat6\/wp-content\/uploads\/usu778\/2018\/01\/lectora-0-768x225.jpg 768w\" sizes=\"auto, (max-width: 960px) 100vw, 960px\" \/><\/p>\n<p>La<em><strong> Colla Castellera de la Canalla Lectora<\/strong><\/em> \u00e9s una activitat que vol promoure de forma l\u00fadica la lectura i la cultura castellera entre els m\u00e9s petits. Es tracta d&#8217;una idea d&#8217;Alfonso Morillas impulsada per la <a href=\"http:\/\/www.cccc.cat\/\" target=\"_blank\" rel=\"noopener noreferrer\">Coordinadora de Colles Castelleres de Catalunya<\/a>, i amb el suport del Complex Petroqu\u00edmic de Repsol a Tarragona i la Diputaci\u00f3 de Barcelona, i la col\u2022laboraci\u00f3 de la <a href=\"http:\/\/www.diba.cat\/web\/biblioteques\" target=\"_blank\" rel=\"noopener noreferrer\">Xarxa de Biblioteques Municipals de la Diputaci\u00f3 de Barcelona<\/a> i la <a href=\"http:\/\/biblioteques.gencat.cat\/ca\/inici\/\" target=\"_blank\" rel=\"noopener noreferrer\">Xarxa de Biblioteques P\u00fabliques de la Generalitat de Catalunya<\/a>.<!--more--><\/p>\n<p>La\u00a0<b><em>Colla Castellera de la Canalla Lectora<\/em><\/b>\u00a0\u00e9s un projecte adre\u00e7at als infants entre els 7 i els 12 anys i que t\u00e9 com a principal objectiu el de difondre el coneixement del fet casteller mitjan\u00e7ant la lectura de contes infantils.<\/p>\n<p>L&#8217;eix central de la proposta \u00e9s una activitat a desenvolupar en biblioteques, escoles o altres espais similars en la que es combinen:<\/p>\n<ul>\n<li>la\u00a0<strong>lectura de contes infantils de tem\u00e0tica castellera<\/strong>;<\/li>\n<\/ul>\n<ul>\n<li>un\u00a0<strong>joc de preguntes sobre la lectura realitzada<\/strong>. L&#8217;encert en les respostes permeten anar aixecant castells amb unes peces especials, les de\u00a0<a href=\"http:\/\/www.cimsbarcelona.com\/cims.html\"><strong>Cims Barcelona<\/strong><\/a>;<\/li>\n<\/ul>\n<ul>\n<li>i la realitzaci\u00f3 d&#8217;un\u00a0<strong>taller de castells a la biblioteca<\/strong>\u00a0per part de la colla castellera del municipi on es faci l&#8217;activitat.<\/li>\n<\/ul>\n<h6>Els objectius principals del projecte s\u00f3n dos:<\/h6>\n<ul>\n<li>d&#8217;una banda, fer difusi\u00f3 entre els infants del\u00a0<b>fet casteller i els seus valors<\/b>, aix\u00ed com ampliar el coneixement de les nostres tradicions;<\/li>\n<li>i, d&#8217;una altra banda, aprofitar la\u00a0<strong>literatura castellera<\/strong>\u00a0per infants per dur a terme una\u00a0<b>acci\u00f3 de promoci\u00f3 de la lectura<\/b>.<\/li>\n<\/ul>\n<p>Aix\u00ed mateix, es poden establir altres objectius relacionats amb diversos aspectes de l&#8217;activitat:<\/p>\n<ul>\n<li>promoure un vincle de\u00a0<b>relaci\u00f3 entre colles castelleres i biblioteques<\/b>;<\/li>\n<li>treballar\u00a0<b>aspectes relacionats amb la lectura<\/b>\u00a0com ara l&#8217;educaci\u00f3 visual, el vocabulari, la identificaci\u00f3 dels valors del fet casteller, el treball en equip, etc.<\/li>\n<\/ul>\n<p><iframe loading=\"lazy\" src=\"https:\/\/player.vimeo.com\/video\/184478701?byline=0&amp;portrait=0\" width=\"900\" height=\"506\" frameborder=\"0\" allowfullscreen=\"allowfullscreen\"><\/iframe><\/p>\n<h6>Qu\u00e8 trobareu en en el web d&#8217;aquesta proposta?<\/h6>\n<p>Els continguts d&#8217;aquest web estan destinats a que biblioteques i colles castelleres puguin trobar tots els materials necessaris per a programar i organitzar una sessi\u00f3.<\/p>\n<p>El\u00a0web inclou les seg\u00fcents p\u00e0gines:<\/p>\n<ul>\n<li><a href=\"https:\/\/collacastelleracanallalectora.jimdo.com\/gui%C3%B3-de-l-activitat-i-materials-necessaris\/\"><strong>Materials i gui\u00f3 de l&#8217;activitat<\/strong><\/a>: en aquest espai es troba la guia de l&#8217;activitat, els v\u00eddeos, power points i altres materials a fer servir durant una sessi\u00f3;<\/li>\n<\/ul>\n<ul>\n<li><strong><a href=\"http:\/\/provacanallalectora.jimdo.com\/els-llibres-i-els-autors\/\">Els llibres i els autors<\/a><\/strong>: l&#8217;activitat es basa en la lectura d&#8217;un conte infantil de tem\u00e0tica castellera. Els quatre que les biblioteques tenen a la seva disposici\u00f3 s\u00f3n els que trobareu en aquesta p\u00e0gina;<\/li>\n<\/ul>\n<ul>\n<li><strong><a href=\"http:\/\/provacanallalectora.jimdo.com\/\">Patrocinadors i col\u00b7laboradors<\/a><\/strong>: el projecte \u00e9s possible gr\u00e0cies al patrocini i la col\u00b7laboraci\u00f3 de diferents entitats i institucions que trobareu aqu\u00ed;<\/li>\n<\/ul>\n<ul>\n<li><a href=\"https:\/\/collacastelleracanallalectora.jimdo.com\/el-bloc-de-la-canalla-lectora\/\"><strong>El bloc de la Canalla Lectora<\/strong><\/a>, un espai en el que trobareu ressenyes sobre contes infantils de tem\u00e0tica castellera;<\/li>\n<\/ul>\n<ul>\n<li><strong><a href=\"http:\/\/provacanallalectora.jimdo.com\/contacte\/\">Contacte<\/a><\/strong>: teniu algun dubte? Aquest \u00e9s l&#8217;espai per comunicar-lo.<\/li>\n<\/ul>\n<h6>M\u00e9s info:<\/h6>\n<ul>\n<li><a href=\"https:\/\/collacastelleracanallalectora.jimdo.com\/\" target=\"_blank\" rel=\"noopener noreferrer\">Web del projecte<\/a><\/li>\n<li><a href=\"https:\/\/collacastelleradelacanallalectora.wordpress.com\/\" target=\"_blank\" rel=\"noopener noreferrer\">Bloc de la Canalla lectora<\/a><\/li>\n<li><a href=\"http:\/\/www.cimsbarcelona.com\/cims.html\" target=\"_blank\" rel=\"noopener noreferrer\">Joc &#8220;Cims Barcelona<\/a>&#8220;<\/li>\n<\/ul>\n","protected":false},"excerpt":{"rendered":"<p>La Colla Castellera de la Canalla Lectora \u00e9s una activitat que vol promoure de forma l\u00fadica la lectura i la cultura castellera entre els m\u00e9s petits. Es tracta d&#8217;una idea d&#8217;Alfonso Morillas impulsada per la Coordinadora de Colles Castelleres de Catalunya, i amb el suport del Complex Petroqu\u00edmic de Repsol a Tarragona i la Diputaci\u00f3 [&hellip;]<\/p>\n","protected":false},"author":1,"featured_media":12046,"comment_status":"open","ping_status":"closed","sticky":false,"template":"","format":"standard","meta":{"_bbp_topic_count":0,"_bbp_reply_count":0,"_bbp_total_topic_count":0,"_bbp_total_reply_count":0,"_bbp_voice_count":0,"_bbp_anonymous_reply_count":0,"_bbp_topic_count_hidden":0,"_bbp_reply_count_hidden":0,"_bbp_forum_subforum_count":0,"site-sidebar-layout":"default","site-content-layout":"","ast-site-content-layout":"","site-content-style":"default","site-sidebar-style":"default","ast-global-header-display":"","ast-banner-title-visibility":"","ast-main-header-display":"","ast-hfb-above-header-display":"","ast-hfb-below-header-display":"","ast-hfb-mobile-header-display":"","site-post-title":"","ast-breadcrumbs-content":"","ast-featured-img":"","footer-sml-layout":"","theme-transparent-header-meta":"","adv-header-id-meta":"","stick-header-meta":"","header-above-stick-meta":"","header-main-stick-meta":"","header-below-stick-meta":"","astra-migrate-meta-layouts":"default","ast-page-background-enabled":"default","ast-page-background-meta":{"desktop":{"background-color":"var(--ast-global-color-4)","background-image":"","background-repeat":"repeat","background-position":"center center","background-size":"auto","background-attachment":"scroll","background-type":"","background-media":"","overlay-type":"","overlay-color":"","overlay-opacity":"","overlay-gradient":""},"tablet":{"background-color":"","background-image":"","background-repeat":"repeat","background-position":"center center","background-size":"auto","background-attachment":"scroll","background-type":"","background-media":"","overlay-type":"","overlay-color":"","overlay-opacity":"","overlay-gradient":""},"mobile":{"background-color":"","background-image":"","background-repeat":"repeat","background-position":"center center","background-size":"auto","background-attachment":"scroll","background-type":"","background-media":"","overlay-type":"","overlay-color":"","overlay-opacity":"","overlay-gradient":""}},"ast-content-background-meta":{"desktop":{"background-color":"var(--ast-global-color-5)","background-image":"","background-repeat":"repeat","background-position":"center center","background-size":"auto","background-attachment":"scroll","background-type":"","background-media":"","overlay-type":"","overlay-color":"","overlay-opacity":"","overlay-gradient":""},"tablet":{"background-color":"var(--ast-global-color-5)","background-image":"","background-repeat":"repeat","background-position":"center center","background-size":"auto","background-attachment":"scroll","background-type":"","background-media":"","overlay-type":"","overlay-color":"","overlay-opacity":"","overlay-gradient":""},"mobile":{"background-color":"var(--ast-global-color-5)","background-image":"","background-repeat":"repeat","background-position":"center center","background-size":"auto","background-attachment":"scroll","background-type":"","background-media":"","overlay-type":"","overlay-color":"","overlay-opacity":"","overlay-gradient":""}},"footnotes":""},"categories":[1078,1525,75,29],"tags":[1436,274,1937,380,446,447,100],"class_list":["post-12045","post","type-post","status-publish","format-standard","has-post-thumbnail","hentry","category-informacions","category-magrada-llegir","category-pee020","category-se-baixllobregat6","tag-biblioreport","tag-biblioteques","tag-castellers","tag-cultura-popular","tag-educacio-primaria","tag-educacio-secundaria","tag-lectura"],"post_mailing_queue_ids":[],"_links":{"self":[{"href":"https:\/\/serveiseducatius.xtec.cat\/baixllobregat6\/wp-json\/wp\/v2\/posts\/12045","targetHints":{"allow":["GET"]}}],"collection":[{"href":"https:\/\/serveiseducatius.xtec.cat\/baixllobregat6\/wp-json\/wp\/v2\/posts"}],"about":[{"href":"https:\/\/serveiseducatius.xtec.cat\/baixllobregat6\/wp-json\/wp\/v2\/types\/post"}],"author":[{"embeddable":true,"href":"https:\/\/serveiseducatius.xtec.cat\/baixllobregat6\/wp-json\/wp\/v2\/users\/1"}],"replies":[{"embeddable":true,"href":"https:\/\/serveiseducatius.xtec.cat\/baixllobregat6\/wp-json\/wp\/v2\/comments?post=12045"}],"version-history":[{"count":2,"href":"https:\/\/serveiseducatius.xtec.cat\/baixllobregat6\/wp-json\/wp\/v2\/posts\/12045\/revisions"}],"predecessor-version":[{"id":12048,"href":"https:\/\/serveiseducatius.xtec.cat\/baixllobregat6\/wp-json\/wp\/v2\/posts\/12045\/revisions\/12048"}],"wp:featuredmedia":[{"embeddable":true,"href":"https:\/\/serveiseducatius.xtec.cat\/baixllobregat6\/wp-json\/wp\/v2\/media\/12046"}],"wp:attachment":[{"href":"https:\/\/serveiseducatius.xtec.cat\/baixllobregat6\/wp-json\/wp\/v2\/media?parent=12045"}],"wp:term":[{"taxonomy":"category","embeddable":true,"href":"https:\/\/serveiseducatius.xtec.cat\/baixllobregat6\/wp-json\/wp\/v2\/categories?post=12045"},{"taxonomy":"post_tag","embeddable":true,"href":"https:\/\/serveiseducatius.xtec.cat\/baixllobregat6\/wp-json\/wp\/v2\/tags?post=12045"}],"curies":[{"name":"wp","href":"https:\/\/api.w.org\/{rel}","templated":true}]}}