{"id":11985,"date":"2017-12-01T11:19:50","date_gmt":"2017-12-01T10:19:50","guid":{"rendered":"http:\/\/serveiseducatius.xtec.cat\/baixllobregat6\/?p=11985"},"modified":"2017-12-01T11:20:40","modified_gmt":"2017-12-01T10:20:40","slug":"wonder-ha-inaugurat-el-festival-inclus-2017","status":"publish","type":"post","link":"https:\/\/serveiseducatius.xtec.cat\/baixllobregat6\/se-baixllobregat6\/wonder-ha-inaugurat-el-festival-inclus-2017\/","title":{"rendered":"\u00abWonder\u00bb ha inaugurat el Festival Incl\u00fas 2017"},"content":{"rendered":"<p>https:\/\/youtu.be\/AWgLSlxOAt4<\/p>\n<p>Al CaixaF\u00f2rum de Barcelona aquest se celebra <strong>Incl\u00fas, Festival Internacional de Cinema i Discapacitat<\/strong> de Barcelona, un festival que promou les obres audiovisuals la tem\u00e0tica de les quals\u00a0\u00e9s la diversitat funcional. T\u00e9 com a principal objectiu donar a con\u00e8ixer la realitat de les persones amb discapacitat des d&#8217;un punt de vista diferent. L&#8217;eix central del festival \u00e9s un concurs audiovisual on hi tenen cabuda curtmetratges, pel\u00b7l\u00edcules de ficci\u00f3, documentals i produccions audiovisuals d&#8217;entitats.<\/p>\n<p>Incl\u00fas es centra en produccions audiovisuals, per\u00f2 tamb\u00e9 presenta altres activitats i disciplines art\u00edstiques i comercials amb la finalitat de donar visibilitat a aquest sector. El Festival \u00e9s una iniciativa de la Associaci\u00f3 Incl\u00fas, dirigida per la productora Fish Muvi.<br \/>\n<!--more--><\/p>\n<p>En el marc d&#8217;aquest festival que se celebra entre els dies 28 de novembre i 3 de desembre de 2017 s&#8217;ha estrenat la pel\u00b7l\u00edcula\u00a0<strong>Wonder<\/strong>, basada en l&#8217;obra de R.J. Palacio, protagonitzada per Jacob Tremblay, Julia Roberts i Owen Wilson. Aquesta obra\u00a0pret\u00e9n sensibilitzar la poblaci\u00f3 amb la hist\u00f2ria d&#8217;Auggie Pullman, un nen que neix amb la s\u00edndrome Treacher Collins que li provoca una malformaci\u00f3 facial. Auggie haur\u00e0 d&#8217;afrontar el repte d&#8217;anar a l&#8217;escola per primera vegada i demostrar que \u00e9s un nen amb moltes capacitats sense que el seu f\u00edsic sigui una barrera.<\/p>\n<p>La <strong>Selecci\u00f3 Oficial<\/strong> de documentals i ficci\u00f3 que es projectaran a l&#8217;auditori de CaixaForum inclou 20 obres -seleccionades entre m\u00e9s de 320- arribades des de diversos llocs del m\u00f3n com Canad\u00e0, Holanda, It\u00e0lia, Su\u00e8cia, els EUA o Espanya, entre d&#8217;altres. Algunes de les produccions que s&#8217;hi projectaran encara no han estat estrenades en circuits comercials.\u00a0A banda de les projeccions hi haur\u00e0 tallers, que com les projeccions aposten per donar visibilitat al col\u00b7lectiu de persones amb discapacitat.<\/p>\n<p><a href=\"http:\/\/inclus.cat\/es\/\" target=\"_blank\" rel=\"noopener noreferrer\">| + informaci\u00f3 |<\/a><\/p>\n<p>&nbsp;<\/p>\n","protected":false},"excerpt":{"rendered":"<p>https:\/\/youtu.be\/AWgLSlxOAt4 Al CaixaF\u00f2rum de Barcelona aquest se celebra Incl\u00fas, Festival Internacional de Cinema i Discapacitat de Barcelona, un festival que promou les obres audiovisuals la tem\u00e0tica de les quals\u00a0\u00e9s la diversitat funcional. T\u00e9 com a principal objectiu donar a con\u00e8ixer la realitat de les persones amb discapacitat des d&#8217;un punt de vista diferent. L&#8217;eix central [&hellip;]<\/p>\n","protected":false},"author":1,"featured_media":11986,"comment_status":"open","ping_status":"closed","sticky":false,"template":"","format":"standard","meta":{"_bbp_topic_count":0,"_bbp_reply_count":0,"_bbp_total_topic_count":0,"_bbp_total_reply_count":0,"_bbp_voice_count":0,"_bbp_anonymous_reply_count":0,"_bbp_topic_count_hidden":0,"_bbp_reply_count_hidden":0,"_bbp_forum_subforum_count":0,"site-sidebar-layout":"default","site-content-layout":"","ast-site-content-layout":"","site-content-style":"default","site-sidebar-style":"default","ast-global-header-display":"","ast-banner-title-visibility":"","ast-main-header-display":"","ast-hfb-above-header-display":"","ast-hfb-below-header-display":"","ast-hfb-mobile-header-display":"","site-post-title":"","ast-breadcrumbs-content":"","ast-featured-img":"","footer-sml-layout":"","theme-transparent-header-meta":"","adv-header-id-meta":"","stick-header-meta":"","header-above-stick-meta":"","header-main-stick-meta":"","header-below-stick-meta":"","astra-migrate-meta-layouts":"default","ast-page-background-enabled":"default","ast-page-background-meta":{"desktop":{"background-color":"var(--ast-global-color-4)","background-image":"","background-repeat":"repeat","background-position":"center center","background-size":"auto","background-attachment":"scroll","background-type":"","background-media":"","overlay-type":"","overlay-color":"","overlay-opacity":"","overlay-gradient":""},"tablet":{"background-color":"","background-image":"","background-repeat":"repeat","background-position":"center center","background-size":"auto","background-attachment":"scroll","background-type":"","background-media":"","overlay-type":"","overlay-color":"","overlay-opacity":"","overlay-gradient":""},"mobile":{"background-color":"","background-image":"","background-repeat":"repeat","background-position":"center center","background-size":"auto","background-attachment":"scroll","background-type":"","background-media":"","overlay-type":"","overlay-color":"","overlay-opacity":"","overlay-gradient":""}},"ast-content-background-meta":{"desktop":{"background-color":"var(--ast-global-color-5)","background-image":"","background-repeat":"repeat","background-position":"center center","background-size":"auto","background-attachment":"scroll","background-type":"","background-media":"","overlay-type":"","overlay-color":"","overlay-opacity":"","overlay-gradient":""},"tablet":{"background-color":"var(--ast-global-color-5)","background-image":"","background-repeat":"repeat","background-position":"center center","background-size":"auto","background-attachment":"scroll","background-type":"","background-media":"","overlay-type":"","overlay-color":"","overlay-opacity":"","overlay-gradient":""},"mobile":{"background-color":"var(--ast-global-color-5)","background-image":"","background-repeat":"repeat","background-position":"center center","background-size":"auto","background-attachment":"scroll","background-type":"","background-media":"","overlay-type":"","overlay-color":"","overlay-opacity":"","overlay-gradient":""}},"footnotes":""},"categories":[1040,29],"tags":[317,88,1461,493,616],"class_list":["post-11985","post","type-post","status-publish","format-standard","has-post-thumbnail","hentry","category-diversitat-en-xarxa","category-se-baixllobregat6","tag-cinema","tag-discapacitat","tag-educacio-especial","tag-escola-inclusiva","tag-inclusio"],"post_mailing_queue_ids":[],"_links":{"self":[{"href":"https:\/\/serveiseducatius.xtec.cat\/baixllobregat6\/wp-json\/wp\/v2\/posts\/11985","targetHints":{"allow":["GET"]}}],"collection":[{"href":"https:\/\/serveiseducatius.xtec.cat\/baixllobregat6\/wp-json\/wp\/v2\/posts"}],"about":[{"href":"https:\/\/serveiseducatius.xtec.cat\/baixllobregat6\/wp-json\/wp\/v2\/types\/post"}],"author":[{"embeddable":true,"href":"https:\/\/serveiseducatius.xtec.cat\/baixllobregat6\/wp-json\/wp\/v2\/users\/1"}],"replies":[{"embeddable":true,"href":"https:\/\/serveiseducatius.xtec.cat\/baixllobregat6\/wp-json\/wp\/v2\/comments?post=11985"}],"version-history":[{"count":2,"href":"https:\/\/serveiseducatius.xtec.cat\/baixllobregat6\/wp-json\/wp\/v2\/posts\/11985\/revisions"}],"predecessor-version":[{"id":11988,"href":"https:\/\/serveiseducatius.xtec.cat\/baixllobregat6\/wp-json\/wp\/v2\/posts\/11985\/revisions\/11988"}],"wp:featuredmedia":[{"embeddable":true,"href":"https:\/\/serveiseducatius.xtec.cat\/baixllobregat6\/wp-json\/wp\/v2\/media\/11986"}],"wp:attachment":[{"href":"https:\/\/serveiseducatius.xtec.cat\/baixllobregat6\/wp-json\/wp\/v2\/media?parent=11985"}],"wp:term":[{"taxonomy":"category","embeddable":true,"href":"https:\/\/serveiseducatius.xtec.cat\/baixllobregat6\/wp-json\/wp\/v2\/categories?post=11985"},{"taxonomy":"post_tag","embeddable":true,"href":"https:\/\/serveiseducatius.xtec.cat\/baixllobregat6\/wp-json\/wp\/v2\/tags?post=11985"}],"curies":[{"name":"wp","href":"https:\/\/api.w.org\/{rel}","templated":true}]}}