{"id":11738,"date":"2017-11-10T11:00:44","date_gmt":"2017-11-10T10:00:44","guid":{"rendered":"http:\/\/serveiseducatius.xtec.cat\/baixllobregat6\/?p=11738"},"modified":"2017-11-10T17:20:54","modified_gmt":"2017-11-10T16:20:54","slug":"el-petit-vampir","status":"publish","type":"post","link":"https:\/\/serveiseducatius.xtec.cat\/baixllobregat6\/se-baixllobregat6\/el-petit-vampir\/","title":{"rendered":"Sobre &#8216;El Petit Vampir&#8217; d&#8217;Angela Sommer-Bodenburg."},"content":{"rendered":"<p><img loading=\"lazy\" decoding=\"async\" class=\"alignleft wp-image-11750 size-medium\" src=\"http:\/\/serveiseducatius.xtec.cat\/baixllobregat6\/wp-content\/uploads\/usu778\/2017\/11\/9788416661251-es-300-204x300.jpg\" alt=\"\" width=\"204\" height=\"300\" srcset=\"https:\/\/serveiseducatius.xtec.cat\/baixllobregat6\/wp-content\/uploads\/usu778\/2017\/11\/9788416661251-es-300-204x300.jpg 204w, https:\/\/serveiseducatius.xtec.cat\/baixllobregat6\/wp-content\/uploads\/usu778\/2017\/11\/9788416661251-es-300.jpg 300w\" sizes=\"auto, (max-width: 204px) 100vw, 204px\" \/>El projecte\u00a0<a href=\"http:\/\/www.jollibre.com\/\" target=\"_blank\" rel=\"noopener noreferrer\">Jollibre<\/a>\u00a0de literatura infantil i juvenil de l&#8217;<a href=\"http:\/\/www.santillana.es\/ca\/\" target=\"_blank\" rel=\"noopener noreferrer\">Editorial Santillana<\/a>, iniciat\u00a0el 2016,\u00a0acaba de publicar <em><strong><a href=\"http:\/\/www.jollibre.com\/libro\/el-petit-vampir\" target=\"_blank\" rel=\"noopener noreferrer\">El Petit Vampir<\/a><\/strong>\u00a0<\/em>(2017), basat en el bestseller internacional d&#8217;<a href=\"http:\/\/www.angelasommer-bodenburg.com\/\" target=\"_blank\" rel=\"noopener noreferrer\">Angela Sommer-Bodenburg<\/a>\u00a0-un dels grans cl\u00e0ssics de la literatura infantil i juvenil-.<\/p>\n<p>A la <strong>mediateca<\/strong> del <strong><a href=\"http:\/\/serveiseducatius.xtec.cat\/baixllobregat6\/categoria\/maletes-pedagogiques\/maletes-de-lectura\/\" target=\"_blank\" rel=\"noopener noreferrer\">Servei Educatiu del Baix llobregat-6<\/a> <\/strong>ja podeu trobar la famosa novel\u00b7la. Esperem gaudiu de la hist\u00f2ria de\u00a0l\u2019Anton, que li ha passat una cosa que nom\u00e9s succeeix a les novel\u00b7les de por i de misteri -que a ell tant li agraden-: ha conegut en <a href=\"https:\/\/en.wikipedia.org\/wiki\/Der_kleine_Vampir\" target=\"_blank\" rel=\"noopener noreferrer\">R\u00fcdiger<\/a>, un vampir dels de deb\u00f2 i &#8230;<\/p>\n<p><!--more--><\/p>\n<p><img loading=\"lazy\" decoding=\"async\" class=\"alignleft wp-image-11742\" src=\"http:\/\/serveiseducatius.xtec.cat\/baixllobregat6\/wp-content\/uploads\/usu778\/2017\/11\/baixa-1-300x101.png\" alt=\"\" width=\"276\" height=\"92\" srcset=\"https:\/\/serveiseducatius.xtec.cat\/baixllobregat6\/wp-content\/uploads\/usu778\/2017\/11\/baixa-1-300x101.png 300w, https:\/\/serveiseducatius.xtec.cat\/baixllobregat6\/wp-content\/uploads\/usu778\/2017\/11\/baixa-1.png 388w\" sizes=\"auto, (max-width: 276px) 100vw, 276px\" \/>La lectura d&#8217;aquesta novel\u00b7la adquireix una gran\u00a0significaci\u00f3 pel fet que des de l&#8217;octubre\u00a0podem trobar a les nostres cartelleres la pel\u00b7l\u00edcula hom\u00f2nima, de gran ress\u00f2 medi\u00e0tic, de la qual n&#8217;oferim el seu tr\u00e0iler a continuaci\u00f3.<\/p>\n<p>&nbsp;<\/p>\n<p><iframe loading=\"lazy\" src=\"https:\/\/www.youtube.com\/embed\/ysZ5Ffcl1kQ\" width=\"1024\" height=\"576\" frameborder=\"0\" allowfullscreen=\"allowfullscreen\"><\/iframe><\/p>\n","protected":false},"excerpt":{"rendered":"<p>El projecte\u00a0Jollibre\u00a0de literatura infantil i juvenil de l&#8217;Editorial Santillana, iniciat\u00a0el 2016,\u00a0acaba de publicar El Petit Vampir\u00a0(2017), basat en el bestseller internacional d&#8217;Angela Sommer-Bodenburg\u00a0-un dels grans cl\u00e0ssics de la literatura infantil i juvenil-. A la mediateca del Servei Educatiu del Baix llobregat-6 ja podeu trobar la famosa novel\u00b7la. Esperem gaudiu de la hist\u00f2ria de\u00a0l\u2019Anton, que li [&hellip;]<\/p>\n","protected":false},"author":1,"featured_media":11750,"comment_status":"open","ping_status":"closed","sticky":false,"template":"","format":"standard","meta":{"_bbp_topic_count":0,"_bbp_reply_count":0,"_bbp_total_topic_count":0,"_bbp_total_reply_count":0,"_bbp_voice_count":0,"_bbp_anonymous_reply_count":0,"_bbp_topic_count_hidden":0,"_bbp_reply_count_hidden":0,"_bbp_forum_subforum_count":0,"site-sidebar-layout":"default","site-content-layout":"","ast-site-content-layout":"","site-content-style":"default","site-sidebar-style":"default","ast-global-header-display":"","ast-banner-title-visibility":"","ast-main-header-display":"","ast-hfb-above-header-display":"","ast-hfb-below-header-display":"","ast-hfb-mobile-header-display":"","site-post-title":"","ast-breadcrumbs-content":"","ast-featured-img":"","footer-sml-layout":"","theme-transparent-header-meta":"","adv-header-id-meta":"","stick-header-meta":"","header-above-stick-meta":"","header-main-stick-meta":"","header-below-stick-meta":"","astra-migrate-meta-layouts":"default","ast-page-background-enabled":"default","ast-page-background-meta":{"desktop":{"background-color":"var(--ast-global-color-4)","background-image":"","background-repeat":"repeat","background-position":"center center","background-size":"auto","background-attachment":"scroll","background-type":"","background-media":"","overlay-type":"","overlay-color":"","overlay-opacity":"","overlay-gradient":""},"tablet":{"background-color":"","background-image":"","background-repeat":"repeat","background-position":"center center","background-size":"auto","background-attachment":"scroll","background-type":"","background-media":"","overlay-type":"","overlay-color":"","overlay-opacity":"","overlay-gradient":""},"mobile":{"background-color":"","background-image":"","background-repeat":"repeat","background-position":"center center","background-size":"auto","background-attachment":"scroll","background-type":"","background-media":"","overlay-type":"","overlay-color":"","overlay-opacity":"","overlay-gradient":""}},"ast-content-background-meta":{"desktop":{"background-color":"var(--ast-global-color-5)","background-image":"","background-repeat":"repeat","background-position":"center center","background-size":"auto","background-attachment":"scroll","background-type":"","background-media":"","overlay-type":"","overlay-color":"","overlay-opacity":"","overlay-gradient":""},"tablet":{"background-color":"var(--ast-global-color-5)","background-image":"","background-repeat":"repeat","background-position":"center center","background-size":"auto","background-attachment":"scroll","background-type":"","background-media":"","overlay-type":"","overlay-color":"","overlay-opacity":"","overlay-gradient":""},"mobile":{"background-color":"var(--ast-global-color-5)","background-image":"","background-repeat":"repeat","background-position":"center center","background-size":"auto","background-attachment":"scroll","background-type":"","background-media":"","overlay-type":"","overlay-color":"","overlay-opacity":"","overlay-gradient":""}},"footnotes":""},"categories":[1077,1089,29],"tags":[1436,311,1913,694,1912],"class_list":["post-11738","post","type-post","status-publish","format-standard","has-post-thumbnail","hentry","category-literatura-infantil-i-juvenil","category-narracions-infantils","category-se-baixllobregat6","tag-biblioreport","tag-cicle-mitja","tag-jollibre","tag-literatura-infantil-i-juvenil","tag-santillana"],"post_mailing_queue_ids":[],"_links":{"self":[{"href":"https:\/\/serveiseducatius.xtec.cat\/baixllobregat6\/wp-json\/wp\/v2\/posts\/11738","targetHints":{"allow":["GET"]}}],"collection":[{"href":"https:\/\/serveiseducatius.xtec.cat\/baixllobregat6\/wp-json\/wp\/v2\/posts"}],"about":[{"href":"https:\/\/serveiseducatius.xtec.cat\/baixllobregat6\/wp-json\/wp\/v2\/types\/post"}],"author":[{"embeddable":true,"href":"https:\/\/serveiseducatius.xtec.cat\/baixllobregat6\/wp-json\/wp\/v2\/users\/1"}],"replies":[{"embeddable":true,"href":"https:\/\/serveiseducatius.xtec.cat\/baixllobregat6\/wp-json\/wp\/v2\/comments?post=11738"}],"version-history":[{"count":3,"href":"https:\/\/serveiseducatius.xtec.cat\/baixllobregat6\/wp-json\/wp\/v2\/posts\/11738\/revisions"}],"predecessor-version":[{"id":11781,"href":"https:\/\/serveiseducatius.xtec.cat\/baixllobregat6\/wp-json\/wp\/v2\/posts\/11738\/revisions\/11781"}],"wp:featuredmedia":[{"embeddable":true,"href":"https:\/\/serveiseducatius.xtec.cat\/baixllobregat6\/wp-json\/wp\/v2\/media\/11750"}],"wp:attachment":[{"href":"https:\/\/serveiseducatius.xtec.cat\/baixllobregat6\/wp-json\/wp\/v2\/media?parent=11738"}],"wp:term":[{"taxonomy":"category","embeddable":true,"href":"https:\/\/serveiseducatius.xtec.cat\/baixllobregat6\/wp-json\/wp\/v2\/categories?post=11738"},{"taxonomy":"post_tag","embeddable":true,"href":"https:\/\/serveiseducatius.xtec.cat\/baixllobregat6\/wp-json\/wp\/v2\/tags?post=11738"}],"curies":[{"name":"wp","href":"https:\/\/api.w.org\/{rel}","templated":true}]}}