{"id":11536,"date":"2017-10-20T20:49:20","date_gmt":"2017-10-20T18:49:20","guid":{"rendered":"http:\/\/serveiseducatius.xtec.cat\/baixllobregat6\/?p=11536"},"modified":"2017-10-20T20:56:22","modified_gmt":"2017-10-20T18:56:22","slug":"accions-formatives-per-a-mares-i-pares-dalumnat-de-sant-vicenc-dels-horts-curs-2017-2018","status":"publish","type":"post","link":"https:\/\/serveiseducatius.xtec.cat\/baixllobregat6\/politicaeducativa\/accions-formatives-per-a-mares-i-pares-dalumnat-de-sant-vicenc-dels-horts-curs-2017-2018\/","title":{"rendered":"Accions formatives per a mares i pares d&#8217;alumnat de Sant Vicen\u00e7 dels Horts. Curs 2017-2018."},"content":{"rendered":"<p><img loading=\"lazy\" decoding=\"async\" class=\"alignleft wp-image-11537 \" src=\"http:\/\/serveiseducatius.xtec.cat\/baixllobregat6\/wp-content\/uploads\/usu778\/2017\/10\/Captura-de-pantalla-2017-10-20-a-les-20.14.50-221x300.png\" alt=\"\" width=\"206\" height=\"280\" srcset=\"https:\/\/serveiseducatius.xtec.cat\/baixllobregat6\/wp-content\/uploads\/usu778\/2017\/10\/Captura-de-pantalla-2017-10-20-a-les-20.14.50-221x300.png 221w, https:\/\/serveiseducatius.xtec.cat\/baixllobregat6\/wp-content\/uploads\/usu778\/2017\/10\/Captura-de-pantalla-2017-10-20-a-les-20.14.50.png 632w\" sizes=\"auto, (max-width: 206px) 100vw, 206px\" \/> Diverses institucions i entitats de Sant Vicen\u00e7 dels Horts, planifiquen conjuntament un seguit d&#8217;accions formatives adre\u00e7ades a les mares i pares de l&#8217;alumnat tant d&#8217;educaci\u00f3 infantil, com d&#8217;educaci\u00f3 prim\u00e0ria i educaci\u00f3 secund\u00e0ria.<\/p>\n<p>Les accions tant poden anar adre\u00e7ades a la mainada amb la pres\u00e8ncia, aix\u00f2 s\u00ed, dels pares; com altres adre\u00e7ades directament als parents per complementar possibles dubtes relacionats amb l&#8217;etapa de desenvolupament dels seus fills. El programa que presentem correspon al primer trimestre del curs 2017-2018.<!--more--><\/p>\n<p>&nbsp;<\/p>\n<p><iframe loading=\"lazy\" src=\"https:\/\/drive.google.com\/file\/d\/0B4dQbKi4ZpA3VFBycjZxdEJmdlE\/preview\" width=\"640\" height=\"980\"><\/iframe><\/p>\n","protected":false},"excerpt":{"rendered":"<p>Diverses institucions i entitats de Sant Vicen\u00e7 dels Horts, planifiquen conjuntament un seguit d&#8217;accions formatives adre\u00e7ades a les mares i pares de l&#8217;alumnat tant d&#8217;educaci\u00f3 infantil, com d&#8217;educaci\u00f3 prim\u00e0ria i educaci\u00f3 secund\u00e0ria. Les accions tant poden anar adre\u00e7ades a la mainada amb la pres\u00e8ncia, aix\u00f2 s\u00ed, dels pares; com altres adre\u00e7ades directament als parents per [&hellip;]<\/p>\n","protected":false},"author":1,"featured_media":11537,"comment_status":"open","ping_status":"closed","sticky":false,"template":"","format":"standard","meta":{"_bbp_topic_count":0,"_bbp_reply_count":0,"_bbp_total_topic_count":0,"_bbp_total_reply_count":0,"_bbp_voice_count":0,"_bbp_anonymous_reply_count":0,"_bbp_topic_count_hidden":0,"_bbp_reply_count_hidden":0,"_bbp_forum_subforum_count":0,"site-sidebar-layout":"default","site-content-layout":"","ast-site-content-layout":"","site-content-style":"default","site-sidebar-style":"default","ast-global-header-display":"","ast-banner-title-visibility":"","ast-main-header-display":"","ast-hfb-above-header-display":"","ast-hfb-below-header-display":"","ast-hfb-mobile-header-display":"","site-post-title":"","ast-breadcrumbs-content":"","ast-featured-img":"","footer-sml-layout":"","theme-transparent-header-meta":"","adv-header-id-meta":"","stick-header-meta":"","header-above-stick-meta":"","header-main-stick-meta":"","header-below-stick-meta":"","astra-migrate-meta-layouts":"default","ast-page-background-enabled":"default","ast-page-background-meta":{"desktop":{"background-color":"var(--ast-global-color-4)","background-image":"","background-repeat":"repeat","background-position":"center center","background-size":"auto","background-attachment":"scroll","background-type":"","background-media":"","overlay-type":"","overlay-color":"","overlay-opacity":"","overlay-gradient":""},"tablet":{"background-color":"","background-image":"","background-repeat":"repeat","background-position":"center center","background-size":"auto","background-attachment":"scroll","background-type":"","background-media":"","overlay-type":"","overlay-color":"","overlay-opacity":"","overlay-gradient":""},"mobile":{"background-color":"","background-image":"","background-repeat":"repeat","background-position":"center center","background-size":"auto","background-attachment":"scroll","background-type":"","background-media":"","overlay-type":"","overlay-color":"","overlay-opacity":"","overlay-gradient":""}},"ast-content-background-meta":{"desktop":{"background-color":"var(--ast-global-color-5)","background-image":"","background-repeat":"repeat","background-position":"center center","background-size":"auto","background-attachment":"scroll","background-type":"","background-media":"","overlay-type":"","overlay-color":"","overlay-opacity":"","overlay-gradient":""},"tablet":{"background-color":"var(--ast-global-color-5)","background-image":"","background-repeat":"repeat","background-position":"center center","background-size":"auto","background-attachment":"scroll","background-type":"","background-media":"","overlay-type":"","overlay-color":"","overlay-opacity":"","overlay-gradient":""},"mobile":{"background-color":"var(--ast-global-color-5)","background-image":"","background-repeat":"repeat","background-position":"center center","background-size":"auto","background-attachment":"scroll","background-type":"","background-media":"","overlay-type":"","overlay-color":"","overlay-opacity":"","overlay-gradient":""}},"footnotes":""},"categories":[75,1,29],"tags":[207,1867,439,446,447,1868],"class_list":["post-11536","post","type-post","status-publish","format-standard","has-post-thumbnail","hentry","category-pee020","category-politicaeducativa","category-se-baixllobregat6","tag-adolescencia","tag-educacio-en-familia","tag-educacio-infantil","tag-educacio-primaria","tag-educacio-secundaria","tag-infantesa"],"post_mailing_queue_ids":[],"_links":{"self":[{"href":"https:\/\/serveiseducatius.xtec.cat\/baixllobregat6\/wp-json\/wp\/v2\/posts\/11536","targetHints":{"allow":["GET"]}}],"collection":[{"href":"https:\/\/serveiseducatius.xtec.cat\/baixllobregat6\/wp-json\/wp\/v2\/posts"}],"about":[{"href":"https:\/\/serveiseducatius.xtec.cat\/baixllobregat6\/wp-json\/wp\/v2\/types\/post"}],"author":[{"embeddable":true,"href":"https:\/\/serveiseducatius.xtec.cat\/baixllobregat6\/wp-json\/wp\/v2\/users\/1"}],"replies":[{"embeddable":true,"href":"https:\/\/serveiseducatius.xtec.cat\/baixllobregat6\/wp-json\/wp\/v2\/comments?post=11536"}],"version-history":[{"count":3,"href":"https:\/\/serveiseducatius.xtec.cat\/baixllobregat6\/wp-json\/wp\/v2\/posts\/11536\/revisions"}],"predecessor-version":[{"id":11540,"href":"https:\/\/serveiseducatius.xtec.cat\/baixllobregat6\/wp-json\/wp\/v2\/posts\/11536\/revisions\/11540"}],"wp:featuredmedia":[{"embeddable":true,"href":"https:\/\/serveiseducatius.xtec.cat\/baixllobregat6\/wp-json\/wp\/v2\/media\/11537"}],"wp:attachment":[{"href":"https:\/\/serveiseducatius.xtec.cat\/baixllobregat6\/wp-json\/wp\/v2\/media?parent=11536"}],"wp:term":[{"taxonomy":"category","embeddable":true,"href":"https:\/\/serveiseducatius.xtec.cat\/baixllobregat6\/wp-json\/wp\/v2\/categories?post=11536"},{"taxonomy":"post_tag","embeddable":true,"href":"https:\/\/serveiseducatius.xtec.cat\/baixllobregat6\/wp-json\/wp\/v2\/tags?post=11536"}],"curies":[{"name":"wp","href":"https:\/\/api.w.org\/{rel}","templated":true}]}}