{"id":11420,"date":"2017-10-02T16:24:02","date_gmt":"2017-10-02T14:24:02","guid":{"rendered":"http:\/\/serveiseducatius.xtec.cat\/baixllobregat6\/?p=11420"},"modified":"2017-10-04T10:17:06","modified_gmt":"2017-10-04T08:17:06","slug":"el-servei-educatiu-baix-llobregat-6-entitat-de-la-taula-per-la-democracia-sadhereix-a-laturada-nacional-del-3-doctubre","status":"publish","type":"post","link":"https:\/\/serveiseducatius.xtec.cat\/baixllobregat6\/actualitat\/el-servei-educatiu-baix-llobregat-6-entitat-de-la-taula-per-la-democracia-sadhereix-a-laturada-nacional-del-3-doctubre\/","title":{"rendered":"El Servei Educatiu Baix Llobregat-6 s&#8217;adhereix a l&#8217;aturada nacional del 3 d&#8217;octubre."},"content":{"rendered":"<p><img loading=\"lazy\" decoding=\"async\" class=\"aligncenter wp-image-11427 size-full\" src=\"http:\/\/serveiseducatius.xtec.cat\/baixllobregat6\/wp-content\/uploads\/usu778\/2017\/10\/aturada.png\" alt=\"\" width=\"800\" height=\"405\" srcset=\"https:\/\/serveiseducatius.xtec.cat\/baixllobregat6\/wp-content\/uploads\/usu778\/2017\/10\/aturada.png 800w, https:\/\/serveiseducatius.xtec.cat\/baixllobregat6\/wp-content\/uploads\/usu778\/2017\/10\/aturada-300x152.png 300w, https:\/\/serveiseducatius.xtec.cat\/baixllobregat6\/wp-content\/uploads\/usu778\/2017\/10\/aturada-768x389.png 768w\" sizes=\"auto, (max-width: 800px) 100vw, 800px\" \/><\/p>\n<p>Les entitats integrants de la Taula per la Democr\u00e0cia (entre les qu\u00e8 s&#8217;hi troba el Servei Educatiu Baix Llobregat-6) condemnem en\u00e8rgicament la viol\u00e8ncia exercida per part de les forces de seguretat de l\u2019estat per intentar impedir el refer\u00e8ndum de l\u20191 d\u2019octubre. Les actuacions policials per desallotjar violentament els milers de persones que s\u2019han aplegat en els col\u00b7legis de Catalunya i per requisar el material per a la votaci\u00f3 s\u00f3n absolutament inadmissibles i s\u00f3n una violaci\u00f3 de drets civils i pol\u00edtics i de la conviv\u00e8ncia de la societat catalana.<\/p>\n<p>Com a resposta a la greu vulneraci\u00f3 de drets i llibertats viscuda durant en els dies previs al refer\u00e8ndum i especialment al llarg de tota la jornada de l&#8217;1 d&#8217;octubre,<!--more--><\/p>\n<blockquote><p><em><strong>Convoquem a tota la societat, patronals, empresaris\/es, sindicats, treballadors\/es, aut\u00f2noms, entitats, institucions i tots i totes les ciutadanes de Catalunya a una ATURADA DE PA\u00cdS el dimarts dia 3 d\u2019octubre.<\/strong><\/em><\/p><\/blockquote>\n<p>Fem una crida al conjunt de forces pol\u00edtiques i socials de l\u2019Estat Espanyol i d\u2019Europa perqu\u00e8 facin tot all\u00f2 que sigui necessari per garantir els drets fonamentals i les llibertats de la ciutadania de Catalunya.<\/p>\n<p>Sortim al carrer, donem una resposta pac\u00edfica, contundent i democr\u00e0tica. No tolerarem cap m\u00e9s agressi\u00f3.<\/p>\n<p>La Taula per la Democr\u00e0cia expressa la solidaritat i l\u2019afecte a totes les persones ferides i desitja que es recuperin ben aviat, alhora que considerem que aquests fets mereixen una resposta contundent. Constatem la vulneraci\u00f3 dels drets fonamentals i les llibertats democr\u00e0tiques que s\u2019estan produint per part del Govern i els organismes de l\u2019Estat. Per tot aix\u00f2, fem una crida al conjunt de la ciutadania de Catalunya, en la seva pluralitat i diversitat, a la defensa d\u2019un marc democr\u00e0tic que tingui per principi el di\u00e0leg i no la for\u00e7a, la pol\u00edtica i no l\u2019autoritarisme, el respecte i no la intoler\u00e0ncia. La unitat \u00e9s la millor defensa de la democr\u00e0cia.<\/p>\n<p><em><strong>ATUREM EL PAIS<\/strong><\/em><br \/>\n<em><strong> CATALUNYA, UN SOL POBLE<\/strong><\/em><\/p>\n<p>|<a href=\"http:\/\/www.ugt-cat.net\/taulaperlademocracia\/\" target=\"_blank\" rel=\"noopener noreferrer\">M\u00c9S INFO<\/a>|<\/p>\n","protected":false},"excerpt":{"rendered":"<p>Les entitats integrants de la Taula per la Democr\u00e0cia (entre les qu\u00e8 s&#8217;hi troba el Servei Educatiu Baix Llobregat-6) condemnem en\u00e8rgicament la viol\u00e8ncia exercida per part de les forces de seguretat de l\u2019estat per intentar impedir el refer\u00e8ndum de l\u20191 d\u2019octubre. Les actuacions policials per desallotjar violentament els milers de persones que s\u2019han aplegat en [&hellip;]<\/p>\n","protected":false},"author":1,"featured_media":11427,"comment_status":"open","ping_status":"closed","sticky":false,"template":"","format":"standard","meta":{"_bbp_topic_count":0,"_bbp_reply_count":0,"_bbp_total_topic_count":0,"_bbp_total_reply_count":0,"_bbp_voice_count":0,"_bbp_anonymous_reply_count":0,"_bbp_topic_count_hidden":0,"_bbp_reply_count_hidden":0,"_bbp_forum_subforum_count":0,"site-sidebar-layout":"default","site-content-layout":"","ast-site-content-layout":"","site-content-style":"default","site-sidebar-style":"default","ast-global-header-display":"","ast-banner-title-visibility":"","ast-main-header-display":"","ast-hfb-above-header-display":"","ast-hfb-below-header-display":"","ast-hfb-mobile-header-display":"","site-post-title":"","ast-breadcrumbs-content":"","ast-featured-img":"","footer-sml-layout":"","theme-transparent-header-meta":"","adv-header-id-meta":"","stick-header-meta":"","header-above-stick-meta":"","header-main-stick-meta":"","header-below-stick-meta":"","astra-migrate-meta-layouts":"default","ast-page-background-enabled":"default","ast-page-background-meta":{"desktop":{"background-color":"var(--ast-global-color-4)","background-image":"","background-repeat":"repeat","background-position":"center center","background-size":"auto","background-attachment":"scroll","background-type":"","background-media":"","overlay-type":"","overlay-color":"","overlay-opacity":"","overlay-gradient":""},"tablet":{"background-color":"","background-image":"","background-repeat":"repeat","background-position":"center center","background-size":"auto","background-attachment":"scroll","background-type":"","background-media":"","overlay-type":"","overlay-color":"","overlay-opacity":"","overlay-gradient":""},"mobile":{"background-color":"","background-image":"","background-repeat":"repeat","background-position":"center center","background-size":"auto","background-attachment":"scroll","background-type":"","background-media":"","overlay-type":"","overlay-color":"","overlay-opacity":"","overlay-gradient":""}},"ast-content-background-meta":{"desktop":{"background-color":"var(--ast-global-color-5)","background-image":"","background-repeat":"repeat","background-position":"center center","background-size":"auto","background-attachment":"scroll","background-type":"","background-media":"","overlay-type":"","overlay-color":"","overlay-opacity":"","overlay-gradient":""},"tablet":{"background-color":"var(--ast-global-color-5)","background-image":"","background-repeat":"repeat","background-position":"center center","background-size":"auto","background-attachment":"scroll","background-type":"","background-media":"","overlay-type":"","overlay-color":"","overlay-opacity":"","overlay-gradient":""},"mobile":{"background-color":"var(--ast-global-color-5)","background-image":"","background-repeat":"repeat","background-position":"center center","background-size":"auto","background-attachment":"scroll","background-type":"","background-media":"","overlay-type":"","overlay-color":"","overlay-opacity":"","overlay-gradient":""}},"footnotes":""},"categories":[1036,162],"tags":[297,388,420],"class_list":["post-11420","post","type-post","status-publish","format-standard","has-post-thumbnail","hentry","category-activitat-dels-centres","category-actualitat","tag-catalunya","tag-democracia","tag-drets-humans"],"post_mailing_queue_ids":[],"_links":{"self":[{"href":"https:\/\/serveiseducatius.xtec.cat\/baixllobregat6\/wp-json\/wp\/v2\/posts\/11420","targetHints":{"allow":["GET"]}}],"collection":[{"href":"https:\/\/serveiseducatius.xtec.cat\/baixllobregat6\/wp-json\/wp\/v2\/posts"}],"about":[{"href":"https:\/\/serveiseducatius.xtec.cat\/baixllobregat6\/wp-json\/wp\/v2\/types\/post"}],"author":[{"embeddable":true,"href":"https:\/\/serveiseducatius.xtec.cat\/baixllobregat6\/wp-json\/wp\/v2\/users\/1"}],"replies":[{"embeddable":true,"href":"https:\/\/serveiseducatius.xtec.cat\/baixllobregat6\/wp-json\/wp\/v2\/comments?post=11420"}],"version-history":[{"count":3,"href":"https:\/\/serveiseducatius.xtec.cat\/baixllobregat6\/wp-json\/wp\/v2\/posts\/11420\/revisions"}],"predecessor-version":[{"id":11430,"href":"https:\/\/serveiseducatius.xtec.cat\/baixllobregat6\/wp-json\/wp\/v2\/posts\/11420\/revisions\/11430"}],"wp:featuredmedia":[{"embeddable":true,"href":"https:\/\/serveiseducatius.xtec.cat\/baixllobregat6\/wp-json\/wp\/v2\/media\/11427"}],"wp:attachment":[{"href":"https:\/\/serveiseducatius.xtec.cat\/baixllobregat6\/wp-json\/wp\/v2\/media?parent=11420"}],"wp:term":[{"taxonomy":"category","embeddable":true,"href":"https:\/\/serveiseducatius.xtec.cat\/baixllobregat6\/wp-json\/wp\/v2\/categories?post=11420"},{"taxonomy":"post_tag","embeddable":true,"href":"https:\/\/serveiseducatius.xtec.cat\/baixllobregat6\/wp-json\/wp\/v2\/tags?post=11420"}],"curies":[{"name":"wp","href":"https:\/\/api.w.org\/{rel}","templated":true}]}}