{"id":11408,"date":"2017-09-30T10:39:57","date_gmt":"2017-09-30T08:39:57","guid":{"rendered":"http:\/\/serveiseducatius.xtec.cat\/baixllobregat6\/?p=11408"},"modified":"2017-10-04T10:17:25","modified_gmt":"2017-10-04T08:17:25","slug":"1oct-diadelamusica-establert-per-la-unesco-el-1975-a-escala-internacional","status":"publish","type":"post","link":"https:\/\/serveiseducatius.xtec.cat\/baixllobregat6\/grup-de-mestres-de-musica\/1oct-diadelamusica-establert-per-la-unesco-el-1975-a-escala-internacional\/","title":{"rendered":"#1OCT #DiadelaM\u00fasica establert per la @Unesco el 1975 a escala internacional."},"content":{"rendered":"<p><img loading=\"lazy\" decoding=\"async\" class=\"alignleft wp-image-11409 size-medium\" src=\"http:\/\/serveiseducatius.xtec.cat\/baixllobregat6\/wp-content\/uploads\/usu778\/2017\/09\/Captura-de-pantalla-2017-09-30-a-les-10.26.18-246x300.png\" alt=\"\" width=\"246\" height=\"300\" srcset=\"https:\/\/serveiseducatius.xtec.cat\/baixllobregat6\/wp-content\/uploads\/usu778\/2017\/09\/Captura-de-pantalla-2017-09-30-a-les-10.26.18-246x300.png 246w, https:\/\/serveiseducatius.xtec.cat\/baixllobregat6\/wp-content\/uploads\/usu778\/2017\/09\/Captura-de-pantalla-2017-09-30-a-les-10.26.18.png 752w\" sizes=\"auto, (max-width: 246px) 100vw, 246px\" \/><\/p>\n<p>L\u20191 d&#8217;octubre celebrem el Dia Internacional de la M\u00fasica, un esdeveniment que se celebra arreu del M\u00f3n i que va ser declarat diada oficial per la Unesco l&#8217;any 1975 per commemorar la m\u00fasica en les seves diverses manifestacions i la seva transcend\u00e8ncia a nivell internacional.<!--more--><\/p>\n<p>A tot Catalunya hi haur\u00e0 grans cantades corals per celebrar-ho!<br \/>\nTothom hi \u00e9s benvingut. Atesa la import\u00e0ncia de la m\u00fasica tant en l&#8217;\u00e0mbit curricular com tamb\u00e9 en l&#8217;educaci\u00f3 no formal, \u00e9s una oportunitat excel\u00b7lent aprofitar la Diada de la M\u00fasica per fer cantates a les nostres escoles.<\/p>\n<p class=\"highlight\">Com participar? \u00c9s molt senzill:<\/p>\n<ol class=\"info__steps\">\n<li>Ves d&#8217;hora al local on est\u00e0 previst que cantis (tots els cantaires tenim un lloc assignat). S&#8217;hi haur\u00e0 reunit molta gent que, com tu, t\u00e9 moltes ganes de cantar.<\/li>\n<li>Al local hi haur\u00e0 partitures per a tothom. Per\u00f2 porta-la de casa per si de cas. Recorda: ha de ser preferiblement en S\u00ed major.<\/li>\n<li>Un cop hagis cantat la teva can\u00e7\u00f3, deixa la partitura en les caixes ja preparades. D&#8217;aquesta manera els organitzadors de la festa sabran quants cantaires han vingut i si els catalans cantem b\u00e9 en S\u00ed major&#8230; o no.<\/li>\n<\/ol>\n<p class=\"highlight\">Tu ja ens entens. I tant que s\u00ed.<\/p>\n<p class=\"highlight\">| M\u00e9s info sobre el <a href=\"http:\/\/www.diadelamusica.cat\" target=\"_blank\" rel=\"noopener noreferrer\">DiadelaM\u00fasica<\/a> |<\/p>\n","protected":false},"excerpt":{"rendered":"<p>L\u20191 d&#8217;octubre celebrem el Dia Internacional de la M\u00fasica, un esdeveniment que se celebra arreu del M\u00f3n i que va ser declarat diada oficial per la Unesco l&#8217;any 1975 per commemorar la m\u00fasica en les seves diverses manifestacions i la seva transcend\u00e8ncia a nivell internacional.<\/p>\n","protected":false},"author":1,"featured_media":11409,"comment_status":"open","ping_status":"closed","sticky":false,"template":"","format":"standard","meta":{"_bbp_topic_count":0,"_bbp_reply_count":0,"_bbp_total_topic_count":0,"_bbp_total_reply_count":0,"_bbp_voice_count":0,"_bbp_anonymous_reply_count":0,"_bbp_topic_count_hidden":0,"_bbp_reply_count_hidden":0,"_bbp_forum_subforum_count":0,"site-sidebar-layout":"default","site-content-layout":"","ast-site-content-layout":"","site-content-style":"default","site-sidebar-style":"default","ast-global-header-display":"","ast-banner-title-visibility":"","ast-main-header-display":"","ast-hfb-above-header-display":"","ast-hfb-below-header-display":"","ast-hfb-mobile-header-display":"","site-post-title":"","ast-breadcrumbs-content":"","ast-featured-img":"","footer-sml-layout":"","theme-transparent-header-meta":"","adv-header-id-meta":"","stick-header-meta":"","header-above-stick-meta":"","header-main-stick-meta":"","header-below-stick-meta":"","astra-migrate-meta-layouts":"default","ast-page-background-enabled":"default","ast-page-background-meta":{"desktop":{"background-color":"var(--ast-global-color-4)","background-image":"","background-repeat":"repeat","background-position":"center center","background-size":"auto","background-attachment":"scroll","background-type":"","background-media":"","overlay-type":"","overlay-color":"","overlay-opacity":"","overlay-gradient":""},"tablet":{"background-color":"","background-image":"","background-repeat":"repeat","background-position":"center center","background-size":"auto","background-attachment":"scroll","background-type":"","background-media":"","overlay-type":"","overlay-color":"","overlay-opacity":"","overlay-gradient":""},"mobile":{"background-color":"","background-image":"","background-repeat":"repeat","background-position":"center center","background-size":"auto","background-attachment":"scroll","background-type":"","background-media":"","overlay-type":"","overlay-color":"","overlay-opacity":"","overlay-gradient":""}},"ast-content-background-meta":{"desktop":{"background-color":"var(--ast-global-color-5)","background-image":"","background-repeat":"repeat","background-position":"center center","background-size":"auto","background-attachment":"scroll","background-type":"","background-media":"","overlay-type":"","overlay-color":"","overlay-opacity":"","overlay-gradient":""},"tablet":{"background-color":"var(--ast-global-color-5)","background-image":"","background-repeat":"repeat","background-position":"center center","background-size":"auto","background-attachment":"scroll","background-type":"","background-media":"","overlay-type":"","overlay-color":"","overlay-opacity":"","overlay-gradient":""},"mobile":{"background-color":"var(--ast-global-color-5)","background-image":"","background-repeat":"repeat","background-position":"center center","background-size":"auto","background-attachment":"scroll","background-type":"","background-media":"","overlay-type":"","overlay-color":"","overlay-opacity":"","overlay-gradient":""}},"footnotes":""},"categories":[1042],"tags":[289,297,1855,759,984],"class_list":["post-11408","post","type-post","status-publish","format-standard","has-post-thumbnail","hentry","category-grup-de-mestres-de-musica","tag-cant-coral","tag-catalunya","tag-dia-internacional-de-la-musica","tag-musica","tag-unesco"],"post_mailing_queue_ids":[],"_links":{"self":[{"href":"https:\/\/serveiseducatius.xtec.cat\/baixllobregat6\/wp-json\/wp\/v2\/posts\/11408","targetHints":{"allow":["GET"]}}],"collection":[{"href":"https:\/\/serveiseducatius.xtec.cat\/baixllobregat6\/wp-json\/wp\/v2\/posts"}],"about":[{"href":"https:\/\/serveiseducatius.xtec.cat\/baixllobregat6\/wp-json\/wp\/v2\/types\/post"}],"author":[{"embeddable":true,"href":"https:\/\/serveiseducatius.xtec.cat\/baixllobregat6\/wp-json\/wp\/v2\/users\/1"}],"replies":[{"embeddable":true,"href":"https:\/\/serveiseducatius.xtec.cat\/baixllobregat6\/wp-json\/wp\/v2\/comments?post=11408"}],"version-history":[{"count":3,"href":"https:\/\/serveiseducatius.xtec.cat\/baixllobregat6\/wp-json\/wp\/v2\/posts\/11408\/revisions"}],"predecessor-version":[{"id":11429,"href":"https:\/\/serveiseducatius.xtec.cat\/baixllobregat6\/wp-json\/wp\/v2\/posts\/11408\/revisions\/11429"}],"wp:featuredmedia":[{"embeddable":true,"href":"https:\/\/serveiseducatius.xtec.cat\/baixllobregat6\/wp-json\/wp\/v2\/media\/11409"}],"wp:attachment":[{"href":"https:\/\/serveiseducatius.xtec.cat\/baixllobregat6\/wp-json\/wp\/v2\/media?parent=11408"}],"wp:term":[{"taxonomy":"category","embeddable":true,"href":"https:\/\/serveiseducatius.xtec.cat\/baixllobregat6\/wp-json\/wp\/v2\/categories?post=11408"},{"taxonomy":"post_tag","embeddable":true,"href":"https:\/\/serveiseducatius.xtec.cat\/baixllobregat6\/wp-json\/wp\/v2\/tags?post=11408"}],"curies":[{"name":"wp","href":"https:\/\/api.w.org\/{rel}","templated":true}]}}