{"id":11371,"date":"2017-09-22T19:23:54","date_gmt":"2017-09-22T17:23:54","guid":{"rendered":"http:\/\/serveiseducatius.xtec.cat\/baixllobregat6\/?p=11371"},"modified":"2017-10-04T10:16:25","modified_gmt":"2017-10-04T08:16:25","slug":"el-plenaria-de-les-direccions-de-les-escoles-del-maresme-i-del-valles-oriental-rebutgen-la-vulneracio-de-drets-fonamentals","status":"publish","type":"post","link":"https:\/\/serveiseducatius.xtec.cat\/baixllobregat6\/comunitat\/activitat-dels-centres\/el-plenaria-de-les-direccions-de-les-escoles-del-maresme-i-del-valles-oriental-rebutgen-la-vulneracio-de-drets-fonamentals\/","title":{"rendered":"El plenari de les direccions de les escoles del Maresme i del Vall\u00e8s Oriental rebutgen \u201cla vulneraci\u00f3 de drets fonamentals\u201d"},"content":{"rendered":"<p>Les darreres hores i dies hem vist com han estat vulnerats els nostres drets fonamentals.<\/p>\n<p>Hem vist com les forces i cossos de seguretat de l\u2019Estat irrompien en impremtes, regiraven la nostra correspond\u00e8ncia, intimidaven els diaris, assaltaven les Conselleries i detenien a treballadors i representants p\u00fablics.<\/p>\n<p>Hem vist com la llibertat d\u2019expressi\u00f3, el dret a decidir, el dret a pensar, el dret a ser lliure s\u2019han anat coartant i esmicolant davant nostre.<\/p>\n<p>Per tot aix\u00f2, les direccions de escoles i instituts del Maresme-Vall\u00e8s Oriental volem manifestar la nostra indignaci\u00f3 i rebuig absolut a la situaci\u00f3 que estem vivint. La nostra tasca ens implica en la formaci\u00f3 de ciutadania cr\u00edtica i proactiva fonamentada en els valors democr\u00e0tics del respecte, l\u2019entesa, el di\u00e0leg i la llibertat.<\/p>\n<p>No podem restar en silenci i mantenir-nos-en al marge i denunciem la deriva autorit\u00e0ria del govern central i fem la petici\u00f3 de retorn al di\u00e0leg i al respecte dels drets fonamentals.<\/p>\n<p>Per tot plegat volem manifestar el nostre suport al govern, als representants de les institucions catalanes, al Departament d\u2019Ensenyament i a tota aquella gent que treballa per garantir tots aquells drets que ara estan fortament amena\u00e7ats.<\/p>\n<p>Nom\u00e9s des de la llibertat i el respecte a les persones i a les idees \u00e9s possible educar als nostres infants i joves per tal que esdevinguin aut\u00e8ntics ciutadans solidaris, respectuosos i compromesos amb els altres.<\/p>\n<p>Reunits a Matar\u00f3, 21 de setembre de 2017.<\/p>\n","protected":false},"excerpt":{"rendered":"<p>Les darreres hores i dies hem vist com han estat vulnerats els nostres drets fonamentals. Hem vist com les forces i cossos de seguretat de l\u2019Estat irrompien en impremtes, regiraven la nostra correspond\u00e8ncia, intimidaven els diaris, assaltaven les Conselleries i detenien a treballadors i representants p\u00fablics. Hem vist com la llibertat d\u2019expressi\u00f3, el dret a [&hellip;]<\/p>\n","protected":false},"author":1,"featured_media":0,"comment_status":"open","ping_status":"closed","sticky":false,"template":"","format":"standard","meta":{"_bbp_topic_count":0,"_bbp_reply_count":0,"_bbp_total_topic_count":0,"_bbp_total_reply_count":0,"_bbp_voice_count":0,"_bbp_anonymous_reply_count":0,"_bbp_topic_count_hidden":0,"_bbp_reply_count_hidden":0,"_bbp_forum_subforum_count":0,"site-sidebar-layout":"default","site-content-layout":"","ast-site-content-layout":"","site-content-style":"default","site-sidebar-style":"default","ast-global-header-display":"","ast-banner-title-visibility":"","ast-main-header-display":"","ast-hfb-above-header-display":"","ast-hfb-below-header-display":"","ast-hfb-mobile-header-display":"","site-post-title":"","ast-breadcrumbs-content":"","ast-featured-img":"","footer-sml-layout":"","theme-transparent-header-meta":"","adv-header-id-meta":"","stick-header-meta":"","header-above-stick-meta":"","header-main-stick-meta":"","header-below-stick-meta":"","astra-migrate-meta-layouts":"default","ast-page-background-enabled":"default","ast-page-background-meta":{"desktop":{"background-color":"var(--ast-global-color-4)","background-image":"","background-repeat":"repeat","background-position":"center center","background-size":"auto","background-attachment":"scroll","background-type":"","background-media":"","overlay-type":"","overlay-color":"","overlay-opacity":"","overlay-gradient":""},"tablet":{"background-color":"","background-image":"","background-repeat":"repeat","background-position":"center center","background-size":"auto","background-attachment":"scroll","background-type":"","background-media":"","overlay-type":"","overlay-color":"","overlay-opacity":"","overlay-gradient":""},"mobile":{"background-color":"","background-image":"","background-repeat":"repeat","background-position":"center center","background-size":"auto","background-attachment":"scroll","background-type":"","background-media":"","overlay-type":"","overlay-color":"","overlay-opacity":"","overlay-gradient":""}},"ast-content-background-meta":{"desktop":{"background-color":"var(--ast-global-color-5)","background-image":"","background-repeat":"repeat","background-position":"center center","background-size":"auto","background-attachment":"scroll","background-type":"","background-media":"","overlay-type":"","overlay-color":"","overlay-opacity":"","overlay-gradient":""},"tablet":{"background-color":"var(--ast-global-color-5)","background-image":"","background-repeat":"repeat","background-position":"center center","background-size":"auto","background-attachment":"scroll","background-type":"","background-media":"","overlay-type":"","overlay-color":"","overlay-opacity":"","overlay-gradient":""},"mobile":{"background-color":"var(--ast-global-color-5)","background-image":"","background-repeat":"repeat","background-position":"center center","background-size":"auto","background-attachment":"scroll","background-type":"","background-media":"","overlay-type":"","overlay-color":"","overlay-opacity":"","overlay-gradient":""}},"footnotes":""},"categories":[1036],"tags":[260,297,388,1581,1851,1852],"class_list":["post-11371","post","type-post","status-publish","format-standard","hentry","category-activitat-dels-centres","tag-autodeterminacio","tag-catalunya","tag-democracia","tag-direccions-de-centres","tag-mareme","tag-valles-oriental"],"post_mailing_queue_ids":[],"_links":{"self":[{"href":"https:\/\/serveiseducatius.xtec.cat\/baixllobregat6\/wp-json\/wp\/v2\/posts\/11371","targetHints":{"allow":["GET"]}}],"collection":[{"href":"https:\/\/serveiseducatius.xtec.cat\/baixllobregat6\/wp-json\/wp\/v2\/posts"}],"about":[{"href":"https:\/\/serveiseducatius.xtec.cat\/baixllobregat6\/wp-json\/wp\/v2\/types\/post"}],"author":[{"embeddable":true,"href":"https:\/\/serveiseducatius.xtec.cat\/baixllobregat6\/wp-json\/wp\/v2\/users\/1"}],"replies":[{"embeddable":true,"href":"https:\/\/serveiseducatius.xtec.cat\/baixllobregat6\/wp-json\/wp\/v2\/comments?post=11371"}],"version-history":[{"count":3,"href":"https:\/\/serveiseducatius.xtec.cat\/baixllobregat6\/wp-json\/wp\/v2\/posts\/11371\/revisions"}],"predecessor-version":[{"id":11376,"href":"https:\/\/serveiseducatius.xtec.cat\/baixllobregat6\/wp-json\/wp\/v2\/posts\/11371\/revisions\/11376"}],"wp:attachment":[{"href":"https:\/\/serveiseducatius.xtec.cat\/baixllobregat6\/wp-json\/wp\/v2\/media?parent=11371"}],"wp:term":[{"taxonomy":"category","embeddable":true,"href":"https:\/\/serveiseducatius.xtec.cat\/baixllobregat6\/wp-json\/wp\/v2\/categories?post=11371"},{"taxonomy":"post_tag","embeddable":true,"href":"https:\/\/serveiseducatius.xtec.cat\/baixllobregat6\/wp-json\/wp\/v2\/tags?post=11371"}],"curies":[{"name":"wp","href":"https:\/\/api.w.org\/{rel}","templated":true}]}}