{"id":11090,"date":"2017-06-23T10:27:06","date_gmt":"2017-06-23T08:27:06","guid":{"rendered":"http:\/\/serveiseducatius.xtec.cat\/baixllobregat6\/?p=11090"},"modified":"2018-11-26T11:32:24","modified_gmt":"2018-11-26T10:32:24","slug":"linstitut-vall-darus-de-vallirana-tanca-el-primer-any-dexperiencies-daprenentatgeiservei-comunitari-amb-una-valoracio-molt-satisfactoria","status":"publish","type":"post","link":"https:\/\/serveiseducatius.xtec.cat\/baixllobregat6\/comunitat\/asc\/linstitut-vall-darus-de-vallirana-tanca-el-primer-any-dexperiencies-daprenentatgeiservei-comunitari-amb-una-valoracio-molt-satisfactoria\/","title":{"rendered":"L&#8217;institut Vall d&#8217;Ar\u00fas de Vallirana, tanca el primer any d&#8217;experi\u00e8ncies d&#8217;#aprenentatgeiservei comunitari amb una valoraci\u00f3 molt satisfact\u00f2ria"},"content":{"rendered":"<p><img loading=\"lazy\" decoding=\"async\" class=\"alignleft wp-image-11100 size-medium\" src=\"http:\/\/serveiseducatius.xtec.cat\/baixllobregat6\/wp-content\/uploads\/usu778\/2017\/06\/INSVALLARUSAPS-300x191.png\" alt=\"INSVALLARUSAPS\" width=\"300\" height=\"191\" srcset=\"https:\/\/serveiseducatius.xtec.cat\/baixllobregat6\/wp-content\/uploads\/usu778\/2017\/06\/INSVALLARUSAPS-300x191.png 300w, https:\/\/serveiseducatius.xtec.cat\/baixllobregat6\/wp-content\/uploads\/usu778\/2017\/06\/INSVALLARUSAPS.png 600w\" sizes=\"auto, (max-width: 300px) 100vw, 300px\" \/>L&#8217;institut Vall d&#8217;Ar\u00fas, al llarg del curs 2016-2017, ha desplegat les primeres activitats d&#8217;aprenentatge i servei comunitari amb alumnat de quart de secund\u00e0ria. En ser la primera edici\u00f3 d&#8217;aquesta experi\u00e8ncia, el centre va proposar un seguit d&#8217;accions amb car\u00e0cter de pilotatge per poder introduir el model a l&#8217;institut amb prou garanties abans de fer-ho extensiu i amb car\u00e0cter plenament curricular a l&#8217;alumnat de tercer i quart de secund\u00e0ria.<\/p>\n<p>A continuaci\u00f3 disposeu d&#8217;una s\u00edntesi de la mem\u00f2ria d&#8217;activitats que s&#8217;han fet durant el curs que s&#8217;acaba de tancar.<!--more--><\/p>\n<p><iframe loading=\"lazy\" src=\"https:\/\/drive.google.com\/file\/d\/0B4-p4FAtOEYWMG1mRFhMdTMtWWs\/preview\" width=\"800\" height=\"1000\"><\/iframe><\/p>\n","protected":false},"excerpt":{"rendered":"<p>L&#8217;institut Vall d&#8217;Ar\u00fas, al llarg del curs 2016-2017, ha desplegat les primeres activitats d&#8217;aprenentatge i servei comunitari amb alumnat de quart de secund\u00e0ria. En ser la primera edici\u00f3 d&#8217;aquesta experi\u00e8ncia, el centre va proposar un seguit d&#8217;accions amb car\u00e0cter de pilotatge per poder introduir el model a l&#8217;institut amb prou garanties abans de fer-ho extensiu [&hellip;]<\/p>\n","protected":false},"author":1,"featured_media":11100,"comment_status":"open","ping_status":"closed","sticky":false,"template":"","format":"standard","meta":{"_bbp_topic_count":0,"_bbp_reply_count":0,"_bbp_total_topic_count":0,"_bbp_total_reply_count":0,"_bbp_voice_count":0,"_bbp_anonymous_reply_count":0,"_bbp_topic_count_hidden":0,"_bbp_reply_count_hidden":0,"_bbp_forum_subforum_count":0,"site-sidebar-layout":"default","site-content-layout":"","ast-site-content-layout":"","site-content-style":"default","site-sidebar-style":"default","ast-global-header-display":"","ast-banner-title-visibility":"","ast-main-header-display":"","ast-hfb-above-header-display":"","ast-hfb-below-header-display":"","ast-hfb-mobile-header-display":"","site-post-title":"","ast-breadcrumbs-content":"","ast-featured-img":"","footer-sml-layout":"","theme-transparent-header-meta":"","adv-header-id-meta":"","stick-header-meta":"","header-above-stick-meta":"","header-main-stick-meta":"","header-below-stick-meta":"","astra-migrate-meta-layouts":"default","ast-page-background-enabled":"default","ast-page-background-meta":{"desktop":{"background-color":"var(--ast-global-color-4)","background-image":"","background-repeat":"repeat","background-position":"center center","background-size":"auto","background-attachment":"scroll","background-type":"","background-media":"","overlay-type":"","overlay-color":"","overlay-opacity":"","overlay-gradient":""},"tablet":{"background-color":"","background-image":"","background-repeat":"repeat","background-position":"center center","background-size":"auto","background-attachment":"scroll","background-type":"","background-media":"","overlay-type":"","overlay-color":"","overlay-opacity":"","overlay-gradient":""},"mobile":{"background-color":"","background-image":"","background-repeat":"repeat","background-position":"center center","background-size":"auto","background-attachment":"scroll","background-type":"","background-media":"","overlay-type":"","overlay-color":"","overlay-opacity":"","overlay-gradient":""}},"ast-content-background-meta":{"desktop":{"background-color":"var(--ast-global-color-5)","background-image":"","background-repeat":"repeat","background-position":"center center","background-size":"auto","background-attachment":"scroll","background-type":"","background-media":"","overlay-type":"","overlay-color":"","overlay-opacity":"","overlay-gradient":""},"tablet":{"background-color":"var(--ast-global-color-5)","background-image":"","background-repeat":"repeat","background-position":"center center","background-size":"auto","background-attachment":"scroll","background-type":"","background-media":"","overlay-type":"","overlay-color":"","overlay-opacity":"","overlay-gradient":""},"mobile":{"background-color":"var(--ast-global-color-5)","background-image":"","background-repeat":"repeat","background-position":"center center","background-size":"auto","background-attachment":"scroll","background-type":"","background-media":"","overlay-type":"","overlay-color":"","overlay-opacity":"","overlay-gradient":""}},"footnotes":""},"categories":[77],"tags":[222,638,1515,1817,1001],"class_list":["post-11090","post","type-post","status-publish","format-standard","has-post-thumbnail","hentry","category-asc","tag-alumnes","tag-ins-vall-darus","tag-professors","tag-sharing-to-learn","tag-vallirana"],"post_mailing_queue_ids":[],"_links":{"self":[{"href":"https:\/\/serveiseducatius.xtec.cat\/baixllobregat6\/wp-json\/wp\/v2\/posts\/11090","targetHints":{"allow":["GET"]}}],"collection":[{"href":"https:\/\/serveiseducatius.xtec.cat\/baixllobregat6\/wp-json\/wp\/v2\/posts"}],"about":[{"href":"https:\/\/serveiseducatius.xtec.cat\/baixllobregat6\/wp-json\/wp\/v2\/types\/post"}],"author":[{"embeddable":true,"href":"https:\/\/serveiseducatius.xtec.cat\/baixllobregat6\/wp-json\/wp\/v2\/users\/1"}],"replies":[{"embeddable":true,"href":"https:\/\/serveiseducatius.xtec.cat\/baixllobregat6\/wp-json\/wp\/v2\/comments?post=11090"}],"version-history":[{"count":3,"href":"https:\/\/serveiseducatius.xtec.cat\/baixllobregat6\/wp-json\/wp\/v2\/posts\/11090\/revisions"}],"predecessor-version":[{"id":11101,"href":"https:\/\/serveiseducatius.xtec.cat\/baixllobregat6\/wp-json\/wp\/v2\/posts\/11090\/revisions\/11101"}],"wp:featuredmedia":[{"embeddable":true,"href":"https:\/\/serveiseducatius.xtec.cat\/baixllobregat6\/wp-json\/wp\/v2\/media\/11100"}],"wp:attachment":[{"href":"https:\/\/serveiseducatius.xtec.cat\/baixllobregat6\/wp-json\/wp\/v2\/media?parent=11090"}],"wp:term":[{"taxonomy":"category","embeddable":true,"href":"https:\/\/serveiseducatius.xtec.cat\/baixllobregat6\/wp-json\/wp\/v2\/categories?post=11090"},{"taxonomy":"post_tag","embeddable":true,"href":"https:\/\/serveiseducatius.xtec.cat\/baixllobregat6\/wp-json\/wp\/v2\/tags?post=11090"}],"curies":[{"name":"wp","href":"https:\/\/api.w.org\/{rel}","templated":true}]}}