{"id":11068,"date":"2017-06-21T11:42:47","date_gmt":"2017-06-21T09:42:47","guid":{"rendered":"http:\/\/serveiseducatius.xtec.cat\/baixllobregat6\/?p=11068"},"modified":"2017-06-30T12:23:00","modified_gmt":"2017-06-30T10:23:00","slug":"la-mostra-de-teatre-escolar-de-sant-vicenc-dels-horts-una-practica-referent-a-la-jornada-dels-plans-educatius-dentorn-al-baix-llobregat","status":"publish","type":"post","link":"https:\/\/serveiseducatius.xtec.cat\/baixllobregat6\/se-baixllobregat6\/la-mostra-de-teatre-escolar-de-sant-vicenc-dels-horts-una-practica-referent-a-la-jornada-dels-plans-educatius-dentorn-al-baix-llobregat\/","title":{"rendered":"La Mostra de Teatre Escolar de Sant Vicen\u00e7 dels Horts, una pr\u00e0ctica referent a la Jornada dels Plans Educatius d&#8217;Entorn al Baix Llobregat"},"content":{"rendered":"<p class=\"alignleft\"><img loading=\"lazy\" decoding=\"async\" class=\"aligncenter wp-image-11073\" src=\"http:\/\/serveiseducatius.xtec.cat\/baixllobregat6\/wp-content\/uploads\/usu778\/2017\/06\/Captura-de-pantalla-2017-06-20-a-les-22.03.45-300x166.png\" alt=\"Captura de pantalla 2017-06-20 a les 22.03.45\" width=\"520\" height=\"287\" srcset=\"https:\/\/serveiseducatius.xtec.cat\/baixllobregat6\/wp-content\/uploads\/usu778\/2017\/06\/Captura-de-pantalla-2017-06-20-a-les-22.03.45-300x166.png 300w, https:\/\/serveiseducatius.xtec.cat\/baixllobregat6\/wp-content\/uploads\/usu778\/2017\/06\/Captura-de-pantalla-2017-06-20-a-les-22.03.45.png 530w\" sizes=\"auto, (max-width: 520px) 100vw, 520px\" \/>Organitzada pels Serveis Territorials del Departament d&#8217;Ensenyament al Baix Llobregat, el 21 de juny de 2017 es va organitzar al <a href=\"https:\/\/www.santfeliu.cat\/go.faces?xmid=22715&amp;caseid=sf:10618\" target=\"_blank\">Centre C\u00edvic <strong><em>Les Tovelloles<\/em><\/strong><\/a> de Sant Feliu de Llobregat, \u00a0la\u00a0<em><a href=\"https:\/\/sites.google.com\/a\/xtec.cat\/st-baix-llobregat\/jornades\/plaentorn\" target=\"_blank\"><strong>Jornada d&#8217;Intercanvi de Bones Pr\u00e0ctiques dels Plans Educatius d&#8217;Entorn<\/strong> al Baix Llobregat<\/a>. <\/em>En aquesta jornada,\u00a0\u00a0una de les experi\u00e8ncies presentades va ser\u00a0la de la <em><strong>Mostra de Teatre Escolar<\/strong><\/em> de Sant Vicen\u00e7 dels Horts.<!--more--><\/p>\n<p>La presentaci\u00f3 a c\u00e0rrec de Teresa Cabistany, asessora LiC del Servei Educatiu Baix Llobregat-6 i Joel Santiago, t\u00e8cnic d&#8217;educaci\u00f3 a l&#8217;Ajuntament de Sant Vicen\u00e7 dels Horts, parteix d&#8217;una refer\u00e8ncia als precedents del Pla Educatiu d&#8217;Entorn i al context on s&#8217;integra la Mostra de Teatre Escolar.<\/p>\n<p>Posteriorment, es tracten els diversos objectius que persegueix aquesta activitat, se n&#8217;exposa el seu desenvolupament i es detallen els aspectes organitzatius necessaris per portar-la a terme.<\/p>\n<p>A continuaci\u00f3 us trobareu amb un v\u00eddeo sobre els precedents de la Mostra i el context on s&#8217;integra i despr\u00e9s amb el contingut de les idees for\u00e7a de l&#8217;activitat.<!--more--><\/p>\n<h5>Els precedents a la presentaci\u00f3<\/h5>\n<p><iframe loading=\"lazy\" src=\"https:\/\/www.youtube.com\/embed\/-hCLWCInyp8?rel=0&amp;showinfo=0\" width=\"960\" height=\"540\" frameborder=\"0\" allowfullscreen=\"allowfullscreen\"><\/iframe><\/p>\n<h5>El contingut de la presentaci\u00f3<\/h5>\n<p><iframe loading=\"lazy\" src=\"https:\/\/docs.google.com\/presentation\/d\/1KnCraE-Mf4SXKadIZZGN8XbCAmXDkhMgwVFqZevf2kk\/embed?start=false&amp;loop=true&amp;delayms=5000\" width=\"960\" height=\"749\" frameborder=\"0\" allowfullscreen=\"allowfullscreen\"><\/iframe><\/p>\n","protected":false},"excerpt":{"rendered":"<p>Organitzada pels Serveis Territorials del Departament d&#8217;Ensenyament al Baix Llobregat, el 21 de juny de 2017 es va organitzar al Centre C\u00edvic Les Tovelloles de Sant Feliu de Llobregat, \u00a0la\u00a0Jornada d&#8217;Intercanvi de Bones Pr\u00e0ctiques dels Plans Educatius d&#8217;Entorn al Baix Llobregat. En aquesta jornada,\u00a0\u00a0una de les experi\u00e8ncies presentades va ser\u00a0la de la Mostra de Teatre [&hellip;]<\/p>\n","protected":false},"author":1,"featured_media":11073,"comment_status":"open","ping_status":"closed","sticky":false,"template":"","format":"standard","meta":{"_bbp_topic_count":0,"_bbp_reply_count":0,"_bbp_total_topic_count":0,"_bbp_total_reply_count":0,"_bbp_voice_count":0,"_bbp_anonymous_reply_count":0,"_bbp_topic_count_hidden":0,"_bbp_reply_count_hidden":0,"_bbp_forum_subforum_count":0,"site-sidebar-layout":"default","site-content-layout":"","ast-site-content-layout":"","site-content-style":"default","site-sidebar-style":"default","ast-global-header-display":"","ast-banner-title-visibility":"","ast-main-header-display":"","ast-hfb-above-header-display":"","ast-hfb-below-header-display":"","ast-hfb-mobile-header-display":"","site-post-title":"","ast-breadcrumbs-content":"","ast-featured-img":"","footer-sml-layout":"","theme-transparent-header-meta":"","adv-header-id-meta":"","stick-header-meta":"","header-above-stick-meta":"","header-main-stick-meta":"","header-below-stick-meta":"","astra-migrate-meta-layouts":"default","ast-page-background-enabled":"default","ast-page-background-meta":{"desktop":{"background-color":"var(--ast-global-color-4)","background-image":"","background-repeat":"repeat","background-position":"center center","background-size":"auto","background-attachment":"scroll","background-type":"","background-media":"","overlay-type":"","overlay-color":"","overlay-opacity":"","overlay-gradient":""},"tablet":{"background-color":"","background-image":"","background-repeat":"repeat","background-position":"center center","background-size":"auto","background-attachment":"scroll","background-type":"","background-media":"","overlay-type":"","overlay-color":"","overlay-opacity":"","overlay-gradient":""},"mobile":{"background-color":"","background-image":"","background-repeat":"repeat","background-position":"center center","background-size":"auto","background-attachment":"scroll","background-type":"","background-media":"","overlay-type":"","overlay-color":"","overlay-opacity":"","overlay-gradient":""}},"ast-content-background-meta":{"desktop":{"background-color":"var(--ast-global-color-5)","background-image":"","background-repeat":"repeat","background-position":"center center","background-size":"auto","background-attachment":"scroll","background-type":"","background-media":"","overlay-type":"","overlay-color":"","overlay-opacity":"","overlay-gradient":""},"tablet":{"background-color":"var(--ast-global-color-5)","background-image":"","background-repeat":"repeat","background-position":"center center","background-size":"auto","background-attachment":"scroll","background-type":"","background-media":"","overlay-type":"","overlay-color":"","overlay-opacity":"","overlay-gradient":""},"mobile":{"background-color":"var(--ast-global-color-5)","background-image":"","background-repeat":"repeat","background-position":"center center","background-size":"auto","background-attachment":"scroll","background-type":"","background-media":"","overlay-type":"","overlay-color":"","overlay-opacity":"","overlay-gradient":""}},"footnotes":""},"categories":[68,75,29],"tags":[222,446,447,469,703,907,1797],"class_list":["post-11068","post","type-post","status-publish","format-standard","has-post-thumbnail","hentry","category-clic","category-pee020","category-se-baixllobregat6","tag-alumnes","tag-educacio-primaria","tag-educacio-secundaria","tag-entorn-social","tag-llengua-catalana","tag-sant-vicenc-dels-horts","tag-teatre-escolar"],"post_mailing_queue_ids":[],"_links":{"self":[{"href":"https:\/\/serveiseducatius.xtec.cat\/baixllobregat6\/wp-json\/wp\/v2\/posts\/11068","targetHints":{"allow":["GET"]}}],"collection":[{"href":"https:\/\/serveiseducatius.xtec.cat\/baixllobregat6\/wp-json\/wp\/v2\/posts"}],"about":[{"href":"https:\/\/serveiseducatius.xtec.cat\/baixllobregat6\/wp-json\/wp\/v2\/types\/post"}],"author":[{"embeddable":true,"href":"https:\/\/serveiseducatius.xtec.cat\/baixllobregat6\/wp-json\/wp\/v2\/users\/1"}],"replies":[{"embeddable":true,"href":"https:\/\/serveiseducatius.xtec.cat\/baixllobregat6\/wp-json\/wp\/v2\/comments?post=11068"}],"version-history":[{"count":4,"href":"https:\/\/serveiseducatius.xtec.cat\/baixllobregat6\/wp-json\/wp\/v2\/posts\/11068\/revisions"}],"predecessor-version":[{"id":11119,"href":"https:\/\/serveiseducatius.xtec.cat\/baixllobregat6\/wp-json\/wp\/v2\/posts\/11068\/revisions\/11119"}],"wp:featuredmedia":[{"embeddable":true,"href":"https:\/\/serveiseducatius.xtec.cat\/baixllobregat6\/wp-json\/wp\/v2\/media\/11073"}],"wp:attachment":[{"href":"https:\/\/serveiseducatius.xtec.cat\/baixllobregat6\/wp-json\/wp\/v2\/media?parent=11068"}],"wp:term":[{"taxonomy":"category","embeddable":true,"href":"https:\/\/serveiseducatius.xtec.cat\/baixllobregat6\/wp-json\/wp\/v2\/categories?post=11068"},{"taxonomy":"post_tag","embeddable":true,"href":"https:\/\/serveiseducatius.xtec.cat\/baixllobregat6\/wp-json\/wp\/v2\/tags?post=11068"}],"curies":[{"name":"wp","href":"https:\/\/api.w.org\/{rel}","templated":true}]}}