{"id":11008,"date":"2017-06-16T22:44:42","date_gmt":"2017-06-16T20:44:42","guid":{"rendered":"http:\/\/serveiseducatius.xtec.cat\/baixllobregat6\/?p=11008"},"modified":"2017-06-29T11:27:57","modified_gmt":"2017-06-29T09:27:57","slug":"raul-arroyo-i-lidia-jimenez-de-lins-frederic-mompou-i-judit-rodriguez-duran-de-lins-gabriela-mistral-guanyadors-en-dues-de-les-modalitats-de-ledurecerca2017","status":"publish","type":"post","link":"https:\/\/serveiseducatius.xtec.cat\/baixllobregat6\/se-baixllobregat6\/raul-arroyo-i-lidia-jimenez-de-lins-frederic-mompou-i-judit-rodriguez-duran-de-lins-gabriela-mistral-guanyadors-en-dues-de-les-modalitats-de-ledurecerca2017\/","title":{"rendered":"Ra\u00fal Arroyo i L\u00eddia Jim\u00e9nez, de l&#8217;INS Frederic Mompou i Judit Rodr\u00edguez Dur\u00e1n de l&#8217;INS Gabriela Mistral, guanyadors en dues de les modalitats de l&#8217;#edurecerca2017"},"content":{"rendered":"<p><img loading=\"lazy\" decoding=\"async\" class=\"aligncenter wp-image-11009 size-full\" src=\"http:\/\/serveiseducatius.xtec.cat\/baixllobregat6\/wp-content\/uploads\/usu778\/2017\/06\/trPicMonkey-Collage.jpg\" alt=\"trPicMonkey Collage\" width=\"700\" height=\"350\" srcset=\"https:\/\/serveiseducatius.xtec.cat\/baixllobregat6\/wp-content\/uploads\/usu778\/2017\/06\/trPicMonkey-Collage.jpg 700w, https:\/\/serveiseducatius.xtec.cat\/baixllobregat6\/wp-content\/uploads\/usu778\/2017\/06\/trPicMonkey-Collage-300x150.jpg 300w\" sizes=\"auto, (max-width: 700px) 100vw, 700px\" \/><\/p>\n<p>Els Serveis Territorials d\u2019Ensenyament al Baix Llobregat, juntament amb el teixit associatiu i empresarial de la comarca impulsen\u00a0el certamen <a href=\"https:\/\/sites.google.com\/a\/xtec.cat\/edurecerca\/home\" target=\"_blank\">EduRecerca<\/a>\u00a0de reconeixement\u00a0dels treballs de recerca que duen a terme els alumnes de l&#8217;educaci\u00f3 secund\u00e0ria postobligat\u00f2ria.<\/p>\n<p>En un acte celebrat al Palau Falguera de Sant Feliu de Llobregat el 16 de juny de 2017, es va procedir al reconeixement de tots els treball seleccionats i que procedeixen de les diferents demarcacions dels serveis educatius del Departament d&#8217;Ensenyament al Baix Llobregat.<\/p>\n<p>A la nostra demarcaci\u00f3 &#8211;\u00a0<strong>Baix Llobregat-6 &#8211;<\/strong>\u00a0integrada pels municipis de Cervell\u00f3, Corbera de Llobregat, La Palma, Pallej\u00e0, Sant Vicen\u00e7 dels Horts, Torrelles de Llobregat i Vallirana; els treballs finalistes han guanyat dues de les propostes presentades.<\/p>\n<p><!--more--><\/p>\n<p><a href=\"https:\/\/sites.google.com\/a\/xtec.cat\/edurecerca\/1-treballs-de-recerca-i-projectes\/consorci-de-turisme\" target=\"_blank\"><img loading=\"lazy\" decoding=\"async\" class=\"size-full wp-image-10972 alignleft\" src=\"http:\/\/serveiseducatius.xtec.cat\/baixllobregat6\/wp-content\/uploads\/usu778\/2017\/06\/TRturisme.jpg\" alt=\"TRturisme\" width=\"129\" height=\"85\" \/><\/a><\/p>\n<h4><\/h4>\n<h4><\/h4>\n<p>&nbsp;<\/p>\n<p>&nbsp;<\/p>\n<h4>\u00abElaboraci\u00f3 d&#8217;un cartell publicitari\u00bb<\/h4>\n<p><strong>Ra\u00fal Arroyo <\/strong>i<strong> L\u00eddia Jim\u00e9nez<\/strong> (<em>autores<\/em>)<br \/>\nJosep Gran\u00e9\u00a0(<em>tutor<\/em>)<br \/>\n<em>Institut Frederic Mompou<\/em> de Sant Vicen\u00e7 del Horts<\/p>\n<p><img loading=\"lazy\" decoding=\"async\" class=\"aligncenter wp-image-10971 size-full\" src=\"http:\/\/serveiseducatius.xtec.cat\/baixllobregat6\/wp-content\/uploads\/usu778\/2017\/06\/TRMompou.png\" alt=\"TRMompou\" width=\"871\" height=\"648\" srcset=\"https:\/\/serveiseducatius.xtec.cat\/baixllobregat6\/wp-content\/uploads\/usu778\/2017\/06\/TRMompou.png 871w, https:\/\/serveiseducatius.xtec.cat\/baixllobregat6\/wp-content\/uploads\/usu778\/2017\/06\/TRMompou-300x223.png 300w, https:\/\/serveiseducatius.xtec.cat\/baixllobregat6\/wp-content\/uploads\/usu778\/2017\/06\/TRMompou-768x571.png 768w, https:\/\/serveiseducatius.xtec.cat\/baixllobregat6\/wp-content\/uploads\/usu778\/2017\/06\/TRMompou-200x150.png 200w\" sizes=\"auto, (max-width: 871px) 100vw, 871px\" \/><\/p>\n<p><strong>Modalitat Fundaci\u00f3 ORIENTA. Salut Mental d&#8217;Infantil i Adolesc\u00e8ncia<\/strong>.<\/p>\n<p><a title=\"Acc\u00e9s a les bases espec\u00edfiques (Fundaci\u00f3 Orienta)\" href=\"https:\/\/sites.google.com\/a\/xtec.cat\/edurecerca\/fundacio-orienta\" target=\"_blank\"><img loading=\"lazy\" decoding=\"async\" class=\"size-full wp-image-10980\" src=\"http:\/\/serveiseducatius.xtec.cat\/baixllobregat6\/wp-content\/uploads\/usu778\/2017\/06\/logo-FO2.jpg\" alt=\"logo FO2\" width=\"122\" height=\"59\" \/><\/a><\/p>\n<h4>\u00abEl viatge de la meva vida\u00bb<\/h4>\n<p><strong>Judit Rodr\u00edguez Dur\u00e1n\u00a0<\/strong><em><strong>(autora)<\/strong><br \/>\n<\/em>Meritxell Garc\u00eda S\u00e1nchez\u00a0<em>(tutora)<br \/>\n<em><em>Institut Gabriel Mistral<\/em>\u00a0de Sant Vicen\u00e7 del Horts<\/em><\/em><\/p>\n<h5 style=\"text-align: left;\"><img loading=\"lazy\" decoding=\"async\" class=\"aligncenter wp-image-11005 size-full\" src=\"http:\/\/serveiseducatius.xtec.cat\/baixllobregat6\/wp-content\/uploads\/usu778\/2017\/06\/Captura-de-pantalla-2017-06-16-a-les-21.44.57.png\" alt=\"Captura de pantalla 2017-06-16 a les 21.44.57\" width=\"792\" height=\"594\" srcset=\"https:\/\/serveiseducatius.xtec.cat\/baixllobregat6\/wp-content\/uploads\/usu778\/2017\/06\/Captura-de-pantalla-2017-06-16-a-les-21.44.57.png 792w, https:\/\/serveiseducatius.xtec.cat\/baixllobregat6\/wp-content\/uploads\/usu778\/2017\/06\/Captura-de-pantalla-2017-06-16-a-les-21.44.57-300x225.png 300w, https:\/\/serveiseducatius.xtec.cat\/baixllobregat6\/wp-content\/uploads\/usu778\/2017\/06\/Captura-de-pantalla-2017-06-16-a-les-21.44.57-768x576.png 768w, https:\/\/serveiseducatius.xtec.cat\/baixllobregat6\/wp-content\/uploads\/usu778\/2017\/06\/Captura-de-pantalla-2017-06-16-a-les-21.44.57-200x150.png 200w\" sizes=\"auto, (max-width: 792px) 100vw, 792px\" \/><\/h5>\n<h5 style=\"text-align: left;\"><\/h5>\n<p>Moltes felicitats tant als guanyadors com a les estudiants finalistes aix\u00ed com al professorat tutor.<\/p>\n<p>|<a href=\"https:\/\/sites.google.com\/a\/xtec.cat\/edurecerca\/lliurament-dels-premis-edurecerca-16-de-juny-de-2017\" target=\"_blank\">M\u00e9s info sobre l&#8217;edici\u00f3 d&#8217;Edurecerc1a 2017<\/a>|<\/p>\n<h5 style=\"text-align: left;\"><\/h5>\n<h5 style=\"text-align: left;\"><\/h5>\n","protected":false},"excerpt":{"rendered":"<p>Els Serveis Territorials d\u2019Ensenyament al Baix Llobregat, juntament amb el teixit associatiu i empresarial de la comarca impulsen\u00a0el certamen EduRecerca\u00a0de reconeixement\u00a0dels treballs de recerca que duen a terme els alumnes de l&#8217;educaci\u00f3 secund\u00e0ria postobligat\u00f2ria. En un acte celebrat al Palau Falguera de Sant Feliu de Llobregat el 16 de juny de 2017, es va procedir [&hellip;]<\/p>\n","protected":false},"author":1,"featured_media":11009,"comment_status":"open","ping_status":"closed","sticky":false,"template":"","format":"standard","meta":{"_bbp_topic_count":0,"_bbp_reply_count":0,"_bbp_total_topic_count":0,"_bbp_total_reply_count":0,"_bbp_voice_count":0,"_bbp_anonymous_reply_count":0,"_bbp_topic_count_hidden":0,"_bbp_reply_count_hidden":0,"_bbp_forum_subforum_count":0,"site-sidebar-layout":"default","site-content-layout":"","ast-site-content-layout":"","site-content-style":"default","site-sidebar-style":"default","ast-global-header-display":"","ast-banner-title-visibility":"","ast-main-header-display":"","ast-hfb-above-header-display":"","ast-hfb-below-header-display":"","ast-hfb-mobile-header-display":"","site-post-title":"","ast-breadcrumbs-content":"","ast-featured-img":"","footer-sml-layout":"","theme-transparent-header-meta":"","adv-header-id-meta":"","stick-header-meta":"","header-above-stick-meta":"","header-main-stick-meta":"","header-below-stick-meta":"","astra-migrate-meta-layouts":"default","ast-page-background-enabled":"default","ast-page-background-meta":{"desktop":{"background-color":"var(--ast-global-color-4)","background-image":"","background-repeat":"repeat","background-position":"center center","background-size":"auto","background-attachment":"scroll","background-type":"","background-media":"","overlay-type":"","overlay-color":"","overlay-opacity":"","overlay-gradient":""},"tablet":{"background-color":"","background-image":"","background-repeat":"repeat","background-position":"center center","background-size":"auto","background-attachment":"scroll","background-type":"","background-media":"","overlay-type":"","overlay-color":"","overlay-opacity":"","overlay-gradient":""},"mobile":{"background-color":"","background-image":"","background-repeat":"repeat","background-position":"center center","background-size":"auto","background-attachment":"scroll","background-type":"","background-media":"","overlay-type":"","overlay-color":"","overlay-opacity":"","overlay-gradient":""}},"ast-content-background-meta":{"desktop":{"background-color":"var(--ast-global-color-5)","background-image":"","background-repeat":"repeat","background-position":"center center","background-size":"auto","background-attachment":"scroll","background-type":"","background-media":"","overlay-type":"","overlay-color":"","overlay-opacity":"","overlay-gradient":""},"tablet":{"background-color":"var(--ast-global-color-5)","background-image":"","background-repeat":"repeat","background-position":"center center","background-size":"auto","background-attachment":"scroll","background-type":"","background-media":"","overlay-type":"","overlay-color":"","overlay-opacity":"","overlay-gradient":""},"mobile":{"background-color":"var(--ast-global-color-5)","background-image":"","background-repeat":"repeat","background-position":"center center","background-size":"auto","background-attachment":"scroll","background-type":"","background-media":"","overlay-type":"","overlay-color":"","overlay-opacity":"","overlay-gradient":""}},"footnotes":""},"categories":[1036,29,70],"tags":[1675,263,451,630,631,903,907,975,1815],"class_list":["post-11008","post","type-post","status-publish","format-standard","has-post-thumbnail","hentry","category-activitat-dels-centres","category-se-baixllobregat6","category-forum-treballs-de-recerca","tag-1675","tag-baix-llobregat","tag-edurecerca","tag-ins-frederic-mompou","tag-ins-gabriela-mistral","tag-salut-mental","tag-sant-vicenc-dels-horts","tag-treballs-de-recerca","tag-turisme"],"post_mailing_queue_ids":[],"_links":{"self":[{"href":"https:\/\/serveiseducatius.xtec.cat\/baixllobregat6\/wp-json\/wp\/v2\/posts\/11008","targetHints":{"allow":["GET"]}}],"collection":[{"href":"https:\/\/serveiseducatius.xtec.cat\/baixllobregat6\/wp-json\/wp\/v2\/posts"}],"about":[{"href":"https:\/\/serveiseducatius.xtec.cat\/baixllobregat6\/wp-json\/wp\/v2\/types\/post"}],"author":[{"embeddable":true,"href":"https:\/\/serveiseducatius.xtec.cat\/baixllobregat6\/wp-json\/wp\/v2\/users\/1"}],"replies":[{"embeddable":true,"href":"https:\/\/serveiseducatius.xtec.cat\/baixllobregat6\/wp-json\/wp\/v2\/comments?post=11008"}],"version-history":[{"count":3,"href":"https:\/\/serveiseducatius.xtec.cat\/baixllobregat6\/wp-json\/wp\/v2\/posts\/11008\/revisions"}],"predecessor-version":[{"id":11117,"href":"https:\/\/serveiseducatius.xtec.cat\/baixllobregat6\/wp-json\/wp\/v2\/posts\/11008\/revisions\/11117"}],"wp:featuredmedia":[{"embeddable":true,"href":"https:\/\/serveiseducatius.xtec.cat\/baixllobregat6\/wp-json\/wp\/v2\/media\/11009"}],"wp:attachment":[{"href":"https:\/\/serveiseducatius.xtec.cat\/baixllobregat6\/wp-json\/wp\/v2\/media?parent=11008"}],"wp:term":[{"taxonomy":"category","embeddable":true,"href":"https:\/\/serveiseducatius.xtec.cat\/baixllobregat6\/wp-json\/wp\/v2\/categories?post=11008"},{"taxonomy":"post_tag","embeddable":true,"href":"https:\/\/serveiseducatius.xtec.cat\/baixllobregat6\/wp-json\/wp\/v2\/tags?post=11008"}],"curies":[{"name":"wp","href":"https:\/\/api.w.org\/{rel}","templated":true}]}}