{"id":10338,"date":"2017-05-08T11:32:08","date_gmt":"2017-05-08T09:32:08","guid":{"rendered":"http:\/\/serveiseducatius.xtec.cat\/baixllobregat6\/?p=10338"},"modified":"2017-05-23T11:14:59","modified_gmt":"2017-05-23T09:14:59","slug":"lalicia-viatja-al-pais-del-rock-de-la-ma-del-gmm","status":"publish","type":"post","link":"https:\/\/serveiseducatius.xtec.cat\/baixllobregat6\/grup-de-mestres-de-musica\/lalicia-viatja-al-pais-del-rock-de-la-ma-del-gmm\/","title":{"rendered":"L&#8217;Al\u00edcia viatja al pa\u00eds del rock de la m\u00e0 del Grup de Mestres de M\u00fasica (GMM)"},"content":{"rendered":"<p><img loading=\"lazy\" decoding=\"async\" class=\"wp-image-10339 size-medium alignnone alignleft\" src=\"http:\/\/serveiseducatius.xtec.cat\/baixllobregat6\/wp-content\/uploads\/usu778\/2017\/05\/Cartell-Al\u00edcia-300x225.jpg\" alt=\"Cartell-Al\u00edcia\" width=\"300\" height=\"225\" srcset=\"https:\/\/serveiseducatius.xtec.cat\/baixllobregat6\/wp-content\/uploads\/usu778\/2017\/05\/Cartell-Al\u00edcia-300x225.jpg 300w, https:\/\/serveiseducatius.xtec.cat\/baixllobregat6\/wp-content\/uploads\/usu778\/2017\/05\/Cartell-Al\u00edcia-200x150.jpg 200w, https:\/\/serveiseducatius.xtec.cat\/baixllobregat6\/wp-content\/uploads\/usu778\/2017\/05\/Cartell-Al\u00edcia.jpg 520w\" sizes=\"auto, (max-width: 300px) 100vw, 300px\" \/>El <strong>Grup de Mestres de M\u00fasica<\/strong> del Servei Educatiu Baix Llobregat-6 ha preparat un nou espectacle:\u00a0<strong>Al\u00edcia al pa\u00eds del rock<\/strong>.<\/p>\n<p>Aquest espectacle basat en l&#8217;obra <em><strong>Al\u00edcia al pa\u00eds de les meravelles <\/strong><\/em>de Lewis Carroll<em><strong>\u00a0<\/strong><\/em>compta amb la participaci\u00f3\u00a0de les escoles\u00a0<em>Santa Maria de Cervell\u00f3, Joan Juncadella, La Gu\u00e0rdia, La Vinyala, Mare de D\u00e9u del Roc\u00edo, Sant Antoni, Sant Jordi i Sant Josep de Sant Vicen\u00e7 dels Horts, El Solell, <\/em>de La Palma<em>, Sant Mart\u00ed i Can Coll,<\/em> de Torrelles de Llobregat, Castella, de Barcelona i, per primer cop, amb el<em> Col\u00b7legi La Immaculada,<\/em> de Sant Vicen\u00e7 dels Horts i l&#8217;escola <em>Paco Candel,<\/em> de L&#8217;Hospitalet de Llobregat.<\/p>\n<p>Com en altres edicions, l\u2019espectacle no es limitar\u00e0 \u00fanicament a la m\u00fasica, ni de bon tros. Es combinaran les arts pl\u00e0stiques, el cant coral, la dansa i la literatura. Les can\u00e7ons, inspirades en l&#8217;obra de <strong>Lewis Carroll,<\/strong> han estat escrites per l&#8217;alumnat\u00a0de les escoles participants\u00a0i compten amb l\u2019aixopluc sonor de melodies pop-rock dels <strong><em>Rolling Stones, Queen, AC\/DC, The Ramones, Bon Jovi, David Bowie, Metallica, Green Day, Joe Cocker, Guns N&#8217;Roses&#8230;<\/em><\/strong><\/p>\n<p>La representaci\u00f3 que es far\u00e0 el dia <strong>15 de maig de 2017<\/strong> a les <strong>14:30<\/strong> al <strong>Teatre de la Passi\u00f3 d&#8217;Olesa de Montserrat<\/strong> compta amb la participaci\u00f3 directa de m\u00e9s de 600 alumnes.<\/p>\n","protected":false},"excerpt":{"rendered":"<p>El Grup de Mestres de M\u00fasica del Servei Educatiu Baix Llobregat-6 ha preparat un nou espectacle:\u00a0Al\u00edcia al pa\u00eds del rock. Aquest espectacle basat en l&#8217;obra Al\u00edcia al pa\u00eds de les meravelles de Lewis Carroll\u00a0compta amb la participaci\u00f3\u00a0de les escoles\u00a0Santa Maria de Cervell\u00f3, Joan Juncadella, La Gu\u00e0rdia, La Vinyala, Mare de D\u00e9u del Roc\u00edo, Sant Antoni, [&hellip;]<\/p>\n","protected":false},"author":1,"featured_media":10339,"comment_status":"open","ping_status":"open","sticky":false,"template":"","format":"standard","meta":{"_bbp_topic_count":0,"_bbp_reply_count":0,"_bbp_total_topic_count":0,"_bbp_total_reply_count":0,"_bbp_voice_count":0,"_bbp_anonymous_reply_count":0,"_bbp_topic_count_hidden":0,"_bbp_reply_count_hidden":0,"_bbp_forum_subforum_count":0,"site-sidebar-layout":"default","site-content-layout":"","ast-site-content-layout":"","site-content-style":"default","site-sidebar-style":"default","ast-global-header-display":"","ast-banner-title-visibility":"","ast-main-header-display":"","ast-hfb-above-header-display":"","ast-hfb-below-header-display":"","ast-hfb-mobile-header-display":"","site-post-title":"","ast-breadcrumbs-content":"","ast-featured-img":"","footer-sml-layout":"","theme-transparent-header-meta":"","adv-header-id-meta":"","stick-header-meta":"","header-above-stick-meta":"","header-main-stick-meta":"","header-below-stick-meta":"","astra-migrate-meta-layouts":"default","ast-page-background-enabled":"default","ast-page-background-meta":{"desktop":{"background-color":"var(--ast-global-color-4)","background-image":"","background-repeat":"repeat","background-position":"center center","background-size":"auto","background-attachment":"scroll","background-type":"","background-media":"","overlay-type":"","overlay-color":"","overlay-opacity":"","overlay-gradient":""},"tablet":{"background-color":"","background-image":"","background-repeat":"repeat","background-position":"center center","background-size":"auto","background-attachment":"scroll","background-type":"","background-media":"","overlay-type":"","overlay-color":"","overlay-opacity":"","overlay-gradient":""},"mobile":{"background-color":"","background-image":"","background-repeat":"repeat","background-position":"center center","background-size":"auto","background-attachment":"scroll","background-type":"","background-media":"","overlay-type":"","overlay-color":"","overlay-opacity":"","overlay-gradient":""}},"ast-content-background-meta":{"desktop":{"background-color":"var(--ast-global-color-5)","background-image":"","background-repeat":"repeat","background-position":"center center","background-size":"auto","background-attachment":"scroll","background-type":"","background-media":"","overlay-type":"","overlay-color":"","overlay-opacity":"","overlay-gradient":""},"tablet":{"background-color":"var(--ast-global-color-5)","background-image":"","background-repeat":"repeat","background-position":"center center","background-size":"auto","background-attachment":"scroll","background-type":"","background-media":"","overlay-type":"","overlay-color":"","overlay-opacity":"","overlay-gradient":""},"mobile":{"background-color":"var(--ast-global-color-5)","background-image":"","background-repeat":"repeat","background-position":"center center","background-size":"auto","background-attachment":"scroll","background-type":"","background-media":"","overlay-type":"","overlay-color":"","overlay-opacity":"","overlay-gradient":""}},"footnotes":""},"categories":[1042],"tags":[441,587,100,1796,694,759],"class_list":["post-10338","post","type-post","status-publish","format-standard","has-post-thumbnail","hentry","category-grup-de-mestres-de-musica","tag-educacio-musical-2","tag-grup-de-mestres-de-musica","tag-lectura","tag-lewis-carroll","tag-literatura-infantil-i-juvenil","tag-musica"],"post_mailing_queue_ids":[],"_links":{"self":[{"href":"https:\/\/serveiseducatius.xtec.cat\/baixllobregat6\/wp-json\/wp\/v2\/posts\/10338","targetHints":{"allow":["GET"]}}],"collection":[{"href":"https:\/\/serveiseducatius.xtec.cat\/baixllobregat6\/wp-json\/wp\/v2\/posts"}],"about":[{"href":"https:\/\/serveiseducatius.xtec.cat\/baixllobregat6\/wp-json\/wp\/v2\/types\/post"}],"author":[{"embeddable":true,"href":"https:\/\/serveiseducatius.xtec.cat\/baixllobregat6\/wp-json\/wp\/v2\/users\/1"}],"replies":[{"embeddable":true,"href":"https:\/\/serveiseducatius.xtec.cat\/baixllobregat6\/wp-json\/wp\/v2\/comments?post=10338"}],"version-history":[{"count":3,"href":"https:\/\/serveiseducatius.xtec.cat\/baixllobregat6\/wp-json\/wp\/v2\/posts\/10338\/revisions"}],"predecessor-version":[{"id":10351,"href":"https:\/\/serveiseducatius.xtec.cat\/baixllobregat6\/wp-json\/wp\/v2\/posts\/10338\/revisions\/10351"}],"wp:featuredmedia":[{"embeddable":true,"href":"https:\/\/serveiseducatius.xtec.cat\/baixllobregat6\/wp-json\/wp\/v2\/media\/10339"}],"wp:attachment":[{"href":"https:\/\/serveiseducatius.xtec.cat\/baixllobregat6\/wp-json\/wp\/v2\/media?parent=10338"}],"wp:term":[{"taxonomy":"category","embeddable":true,"href":"https:\/\/serveiseducatius.xtec.cat\/baixllobregat6\/wp-json\/wp\/v2\/categories?post=10338"},{"taxonomy":"post_tag","embeddable":true,"href":"https:\/\/serveiseducatius.xtec.cat\/baixllobregat6\/wp-json\/wp\/v2\/tags?post=10338"}],"curies":[{"name":"wp","href":"https:\/\/api.w.org\/{rel}","templated":true}]}}