{"id":10178,"date":"2017-04-19T15:41:06","date_gmt":"2017-04-19T13:41:06","guid":{"rendered":"http:\/\/serveiseducatius.xtec.cat\/baixllobregat6\/?p=10178"},"modified":"2017-04-19T15:42:29","modified_gmt":"2017-04-19T13:42:29","slug":"la-grieta-una-novel%c2%b7la-grafica-sobre-el-drama-dels-refugiats-a-les-portes-deuropa","status":"publish","type":"post","link":"https:\/\/serveiseducatius.xtec.cat\/baixllobregat6\/se-baixllobregat6\/la-grieta-una-novel%c2%b7la-grafica-sobre-el-drama-dels-refugiats-a-les-portes-deuropa\/","title":{"rendered":"\u00abLa grieta\u00bb, una novel\u00b7la gr\u00e0fica sobre el drama dels refugiats a les portes d&#8217;Europa"},"content":{"rendered":"<blockquote><p><img loading=\"lazy\" decoding=\"async\" class=\"size-medium wp-image-10183 alignleft\" src=\"http:\/\/serveiseducatius.xtec.cat\/baixllobregat6\/wp-content\/uploads\/usu778\/2017\/04\/lagrieta-213x300.jpg\" alt=\"lagrieta\" width=\"213\" height=\"300\" srcset=\"https:\/\/serveiseducatius.xtec.cat\/baixllobregat6\/wp-content\/uploads\/usu778\/2017\/04\/lagrieta-213x300.jpg 213w, https:\/\/serveiseducatius.xtec.cat\/baixllobregat6\/wp-content\/uploads\/usu778\/2017\/04\/lagrieta.jpg 250w\" sizes=\"auto, (max-width: 213px) 100vw, 213px\" \/>Autors:\u00a0Carlos Spottorno &amp; Guillermo Abril<br \/>\nEditorial:\u00a0Astiberri<br \/>\nISBN: 9788416251865<br \/>\nEdat: +12<\/p><\/blockquote>\n<p style=\"text-align: right;\"><em>Aquest relat no est\u00e0 basat en fets reals.<br \/>\nS\u00f3n fets reals.<\/em><\/p>\n<p style=\"text-align: left;\">Aquesta<em>\u00a0<\/em>obra del fot\u00f2graf Carlos Spottorno i del reporter Guillermo Abril mostra com el c\u00f2mic pot esdevenir un mitj\u00e0\u00a0period\u00edstic per exel\u00b7l\u00e8ncia. Spottorno i Abril donen forma narrativa a les m\u00e9s de 25.000 fotografies i els 15 quaderns de notes realitzats al llarg dels tres anys que es van dedicar a rec\u00f3rrer les fronteres d&#8217;Europa per a explicar el drama dels refugiats.<\/p>\n<p><!--more--><\/p>\n<p style=\"text-align: left;\">La seva tasca period\u00edstica va ser portada en nombroses revistes i diaris i el seu reportatge <a href=\"http:\/\/elpais.com\/especiales\/2014\/europa-frontera-sur\/index.html\" target=\"_blank\">&#8220;A les portes d&#8217;Europa&#8221;<\/a> va mer\u00e8ixer el segon premi del World Press Photo 2015.<\/p>\n<p style=\"text-align: left;\"><em>La grieta<\/em> \u00e9s el diari de camp dels dos reporters que recorren la frontera des d&#8217;\u00c0frica fins l&#8217;\u00c0rtic, amb l&#8217;objectiu de trobar causes i conseq\u00fc\u00e8ncies de la crisis d&#8217;identitats que actualment est\u00e0 sofrint Europa. Per les p\u00e0gines d&#8217;aquesta obra on les vinyetes s\u00f3n les fotografies tractades d&#8217;Spottorno, hi trobarem les desventures dels subsaharians del Gurug\u00fa, el rescat d&#8217;una pastera davant les costes de L\u00edbia, l&#8217;\u00e8xode dels refugiats dels Balcans, els tancs de l&#8217;OTAN a Bielorr\u00fassia i les patrulles dels reclutes finesos pels boscos \u00e0rtics a la frontera amb R\u00fassia.<\/p>\n<p style=\"text-align: left;\">Una lectura molt recomanable per a comprendre un fet dram\u00e0tic que posa en dubte la pol\u00edtica d&#8217;acollida de la Uni\u00f3 Europea.<\/p>\n<p style=\"text-align: left;\">\n","protected":false},"excerpt":{"rendered":"<p>Autors:\u00a0Carlos Spottorno &amp; Guillermo Abril Editorial:\u00a0Astiberri ISBN: 9788416251865 Edat: +12 Aquest relat no est\u00e0 basat en fets reals. S\u00f3n fets reals. Aquesta\u00a0obra del fot\u00f2graf Carlos Spottorno i del reporter Guillermo Abril mostra com el c\u00f2mic pot esdevenir un mitj\u00e0\u00a0period\u00edstic per exel\u00b7l\u00e8ncia. Spottorno i Abril donen forma narrativa a les m\u00e9s de 25.000 fotografies i els [&hellip;]<\/p>\n","protected":false},"author":1,"featured_media":10183,"comment_status":"open","ping_status":"open","sticky":false,"template":"","format":"standard","meta":{"_bbp_topic_count":0,"_bbp_reply_count":0,"_bbp_total_topic_count":0,"_bbp_total_reply_count":0,"_bbp_voice_count":0,"_bbp_anonymous_reply_count":0,"_bbp_topic_count_hidden":0,"_bbp_reply_count_hidden":0,"_bbp_forum_subforum_count":0,"site-sidebar-layout":"default","site-content-layout":"","ast-site-content-layout":"","site-content-style":"default","site-sidebar-style":"default","ast-global-header-display":"","ast-banner-title-visibility":"","ast-main-header-display":"","ast-hfb-above-header-display":"","ast-hfb-below-header-display":"","ast-hfb-mobile-header-display":"","site-post-title":"","ast-breadcrumbs-content":"","ast-featured-img":"","footer-sml-layout":"","theme-transparent-header-meta":"","adv-header-id-meta":"","stick-header-meta":"","header-above-stick-meta":"","header-main-stick-meta":"","header-below-stick-meta":"","astra-migrate-meta-layouts":"default","ast-page-background-enabled":"default","ast-page-background-meta":{"desktop":{"background-color":"var(--ast-global-color-4)","background-image":"","background-repeat":"repeat","background-position":"center center","background-size":"auto","background-attachment":"scroll","background-type":"","background-media":"","overlay-type":"","overlay-color":"","overlay-opacity":"","overlay-gradient":""},"tablet":{"background-color":"","background-image":"","background-repeat":"repeat","background-position":"center center","background-size":"auto","background-attachment":"scroll","background-type":"","background-media":"","overlay-type":"","overlay-color":"","overlay-opacity":"","overlay-gradient":""},"mobile":{"background-color":"","background-image":"","background-repeat":"repeat","background-position":"center center","background-size":"auto","background-attachment":"scroll","background-type":"","background-media":"","overlay-type":"","overlay-color":"","overlay-opacity":"","overlay-gradient":""}},"ast-content-background-meta":{"desktop":{"background-color":"var(--ast-global-color-5)","background-image":"","background-repeat":"repeat","background-position":"center center","background-size":"auto","background-attachment":"scroll","background-type":"","background-media":"","overlay-type":"","overlay-color":"","overlay-opacity":"","overlay-gradient":""},"tablet":{"background-color":"var(--ast-global-color-5)","background-image":"","background-repeat":"repeat","background-position":"center center","background-size":"auto","background-attachment":"scroll","background-type":"","background-media":"","overlay-type":"","overlay-color":"","overlay-opacity":"","overlay-gradient":""},"mobile":{"background-color":"var(--ast-global-color-5)","background-image":"","background-repeat":"repeat","background-position":"center center","background-size":"auto","background-attachment":"scroll","background-type":"","background-media":"","overlay-type":"","overlay-color":"","overlay-opacity":"","overlay-gradient":""}},"footnotes":""},"categories":[1136,29],"tags":[1436,1365,1513,886,912],"class_list":["post-10178","post","type-post","status-publish","format-standard","has-post-thumbnail","hentry","category-comics-i-narrativa-grafica","category-se-baixllobregat6","tag-biblioreport","tag-novella-grafica","tag-periodisme","tag-refugiats","tag-segle-xx"],"post_mailing_queue_ids":[],"_links":{"self":[{"href":"https:\/\/serveiseducatius.xtec.cat\/baixllobregat6\/wp-json\/wp\/v2\/posts\/10178","targetHints":{"allow":["GET"]}}],"collection":[{"href":"https:\/\/serveiseducatius.xtec.cat\/baixllobregat6\/wp-json\/wp\/v2\/posts"}],"about":[{"href":"https:\/\/serveiseducatius.xtec.cat\/baixllobregat6\/wp-json\/wp\/v2\/types\/post"}],"author":[{"embeddable":true,"href":"https:\/\/serveiseducatius.xtec.cat\/baixllobregat6\/wp-json\/wp\/v2\/users\/1"}],"replies":[{"embeddable":true,"href":"https:\/\/serveiseducatius.xtec.cat\/baixllobregat6\/wp-json\/wp\/v2\/comments?post=10178"}],"version-history":[{"count":3,"href":"https:\/\/serveiseducatius.xtec.cat\/baixllobregat6\/wp-json\/wp\/v2\/posts\/10178\/revisions"}],"predecessor-version":[{"id":10187,"href":"https:\/\/serveiseducatius.xtec.cat\/baixllobregat6\/wp-json\/wp\/v2\/posts\/10178\/revisions\/10187"}],"wp:featuredmedia":[{"embeddable":true,"href":"https:\/\/serveiseducatius.xtec.cat\/baixllobregat6\/wp-json\/wp\/v2\/media\/10183"}],"wp:attachment":[{"href":"https:\/\/serveiseducatius.xtec.cat\/baixllobregat6\/wp-json\/wp\/v2\/media?parent=10178"}],"wp:term":[{"taxonomy":"category","embeddable":true,"href":"https:\/\/serveiseducatius.xtec.cat\/baixllobregat6\/wp-json\/wp\/v2\/categories?post=10178"},{"taxonomy":"post_tag","embeddable":true,"href":"https:\/\/serveiseducatius.xtec.cat\/baixllobregat6\/wp-json\/wp\/v2\/tags?post=10178"}],"curies":[{"name":"wp","href":"https:\/\/api.w.org\/{rel}","templated":true}]}}