{"id":10130,"date":"2017-04-04T09:17:22","date_gmt":"2017-04-04T07:17:22","guid":{"rendered":"http:\/\/serveiseducatius.xtec.cat\/baixllobregat6\/?p=10130"},"modified":"2017-04-04T09:26:54","modified_gmt":"2017-04-04T07:26:54","slug":"el-grup-de-mestres-deducacio-fisica-mobilitzara1800-alumnes-de-sant-vicenc-dels-horts-a-les-9es-jornades-escolars-datletisme","status":"publish","type":"post","link":"https:\/\/serveiseducatius.xtec.cat\/baixllobregat6\/se-baixllobregat6\/el-grup-de-mestres-deducacio-fisica-mobilitzara1800-alumnes-de-sant-vicenc-dels-horts-a-les-9es-jornades-escolars-datletisme\/","title":{"rendered":"El Grup de Mestres d\u2019Educaci\u00f3 F\u00edsica mobilitzar\u00e0 mil vuit-cents alumnes de Sant Vicen\u00e7 dels Horts a les 9es Jornades Escolars d&#8217;Atletisme"},"content":{"rendered":"<p><img loading=\"lazy\" decoding=\"async\" class=\"alignleft wp-image-10131\" src=\"http:\/\/serveiseducatius.xtec.cat\/baixllobregat6\/wp-content\/uploads\/usu778\/2017\/04\/atletismessvh-300x178.jpg\" alt=\"OLYMPUS DIGITAL CAMERA\" width=\"425\" height=\"252\" srcset=\"https:\/\/serveiseducatius.xtec.cat\/baixllobregat6\/wp-content\/uploads\/usu778\/2017\/04\/atletismessvh-300x178.jpg 300w, https:\/\/serveiseducatius.xtec.cat\/baixllobregat6\/wp-content\/uploads\/usu778\/2017\/04\/atletismessvh.jpg 510w\" sizes=\"auto, (max-width: 425px) 100vw, 425px\" \/>M\u00e9s de mil vuit-cents alumnes de prim\u00e0ria de les escoles de Sant Vicen\u00e7 dels Horts participaran els dies 4, 5 i 6 d\u2019abril a les 9es Jornades Escolars d\u2019Atletisme, que es faran al Camp de Futbol Municipal de La Barruana.<\/p>\n<p>El circuit est\u00e0 format per tres grups de proves atl\u00e8tiques: curses, salts i llan\u00e7ament. En total, consta de 10 estacions, 7 de proves i 3 de descans. Els nens i les nenes faran cursa de resist\u00e8ncia, cursa amb cadires de rodes, cursa de velocitat, salt d\u2019al\u00e7ada, salt de tanques, llan\u00e7ament de pes i salt de llargada. \u00a0El primer dia hi participar\u00e0 el cicle superior; el segon dia, el cicle mitj\u00e0 i la tercera jornada, el cicle inicial.<\/p>\n<p>Les Jornades d\u2019Atletisme tenen com a objectiu la promoci\u00f3 de l&#8217;activitat f\u00edsica, l\u2019adquisici\u00f3 de valors i d&#8217;h\u00e0bits esportius i la cohesi\u00f3 social. \u00c9s una activitat amb una elevada repercussi\u00f3 socioeducativa: hi participen activament tant alumnes com mestres, pares, mares i joves dels instituts del municipi que hi col\u00b7laboren volunt\u00e0riament.<\/p>\n<p>Les Jornades es van iniciar en el curs 2007-08, coincidint amb la posada en marxa del Pla Educatiu d\u2019Entorn, i van sorgir a iniciativa de la comunitat de pr\u00e0ctica (integrada en el pla de formaci\u00f3 del Servei Educatiu Baix Llobregat-6) dels mestres d\u2019Educaci\u00f3 f\u00edsica de les escoles amb la col\u00b7laboraci\u00f3 dels t\u00e8cnics municipals d\u2019Educaci\u00f3 i d\u2019Esports de l\u2019Ajuntament.<\/p>\n<p>&nbsp;<\/p>\n","protected":false},"excerpt":{"rendered":"<p>M\u00e9s de mil vuit-cents alumnes de prim\u00e0ria de les escoles de Sant Vicen\u00e7 dels Horts participaran els dies 4, 5 i 6 d\u2019abril a les 9es Jornades Escolars d\u2019Atletisme, que es faran al Camp de Futbol Municipal de La Barruana. El circuit est\u00e0 format per tres grups de proves atl\u00e8tiques: curses, salts i llan\u00e7ament. En [&hellip;]<\/p>\n","protected":false},"author":1,"featured_media":10131,"comment_status":"open","ping_status":"open","sticky":false,"template":"","format":"standard","meta":{"_bbp_topic_count":0,"_bbp_reply_count":0,"_bbp_total_topic_count":0,"_bbp_total_reply_count":0,"_bbp_voice_count":0,"_bbp_anonymous_reply_count":0,"_bbp_topic_count_hidden":0,"_bbp_reply_count_hidden":0,"_bbp_forum_subforum_count":0,"site-sidebar-layout":"default","site-content-layout":"","ast-site-content-layout":"","site-content-style":"default","site-sidebar-style":"default","ast-global-header-display":"","ast-banner-title-visibility":"","ast-main-header-display":"","ast-hfb-above-header-display":"","ast-hfb-below-header-display":"","ast-hfb-mobile-header-display":"","site-post-title":"","ast-breadcrumbs-content":"","ast-featured-img":"","footer-sml-layout":"","theme-transparent-header-meta":"","adv-header-id-meta":"","stick-header-meta":"","header-above-stick-meta":"","header-main-stick-meta":"","header-below-stick-meta":"","astra-migrate-meta-layouts":"default","ast-page-background-enabled":"default","ast-page-background-meta":{"desktop":{"background-color":"var(--ast-global-color-4)","background-image":"","background-repeat":"repeat","background-position":"center center","background-size":"auto","background-attachment":"scroll","background-type":"","background-media":"","overlay-type":"","overlay-color":"","overlay-opacity":"","overlay-gradient":""},"tablet":{"background-color":"","background-image":"","background-repeat":"repeat","background-position":"center center","background-size":"auto","background-attachment":"scroll","background-type":"","background-media":"","overlay-type":"","overlay-color":"","overlay-opacity":"","overlay-gradient":""},"mobile":{"background-color":"","background-image":"","background-repeat":"repeat","background-position":"center center","background-size":"auto","background-attachment":"scroll","background-type":"","background-media":"","overlay-type":"","overlay-color":"","overlay-opacity":"","overlay-gradient":""}},"ast-content-background-meta":{"desktop":{"background-color":"var(--ast-global-color-5)","background-image":"","background-repeat":"repeat","background-position":"center center","background-size":"auto","background-attachment":"scroll","background-type":"","background-media":"","overlay-type":"","overlay-color":"","overlay-opacity":"","overlay-gradient":""},"tablet":{"background-color":"var(--ast-global-color-5)","background-image":"","background-repeat":"repeat","background-position":"center center","background-size":"auto","background-attachment":"scroll","background-type":"","background-media":"","overlay-type":"","overlay-color":"","overlay-opacity":"","overlay-gradient":""},"mobile":{"background-color":"var(--ast-global-color-5)","background-image":"","background-repeat":"repeat","background-position":"center center","background-size":"auto","background-attachment":"scroll","background-type":"","background-media":"","overlay-type":"","overlay-color":"","overlay-opacity":"","overlay-gradient":""}},"footnotes":""},"categories":[176,75,29],"tags":[251,437,439,446,907],"class_list":["post-10130","post","type-post","status-publish","format-standard","has-post-thumbnail","hentry","category-dinamica-educativa-sant-vicenc-dels-horts","category-pee020","category-se-baixllobregat6","tag-atletisme","tag-educacio-fisica","tag-educacio-infantil","tag-educacio-primaria","tag-sant-vicenc-dels-horts"],"post_mailing_queue_ids":[],"_links":{"self":[{"href":"https:\/\/serveiseducatius.xtec.cat\/baixllobregat6\/wp-json\/wp\/v2\/posts\/10130","targetHints":{"allow":["GET"]}}],"collection":[{"href":"https:\/\/serveiseducatius.xtec.cat\/baixllobregat6\/wp-json\/wp\/v2\/posts"}],"about":[{"href":"https:\/\/serveiseducatius.xtec.cat\/baixllobregat6\/wp-json\/wp\/v2\/types\/post"}],"author":[{"embeddable":true,"href":"https:\/\/serveiseducatius.xtec.cat\/baixllobregat6\/wp-json\/wp\/v2\/users\/1"}],"replies":[{"embeddable":true,"href":"https:\/\/serveiseducatius.xtec.cat\/baixllobregat6\/wp-json\/wp\/v2\/comments?post=10130"}],"version-history":[{"count":3,"href":"https:\/\/serveiseducatius.xtec.cat\/baixllobregat6\/wp-json\/wp\/v2\/posts\/10130\/revisions"}],"predecessor-version":[{"id":10135,"href":"https:\/\/serveiseducatius.xtec.cat\/baixllobregat6\/wp-json\/wp\/v2\/posts\/10130\/revisions\/10135"}],"wp:featuredmedia":[{"embeddable":true,"href":"https:\/\/serveiseducatius.xtec.cat\/baixllobregat6\/wp-json\/wp\/v2\/media\/10131"}],"wp:attachment":[{"href":"https:\/\/serveiseducatius.xtec.cat\/baixllobregat6\/wp-json\/wp\/v2\/media?parent=10130"}],"wp:term":[{"taxonomy":"category","embeddable":true,"href":"https:\/\/serveiseducatius.xtec.cat\/baixllobregat6\/wp-json\/wp\/v2\/categories?post=10130"},{"taxonomy":"post_tag","embeddable":true,"href":"https:\/\/serveiseducatius.xtec.cat\/baixllobregat6\/wp-json\/wp\/v2\/tags?post=10130"}],"curies":[{"name":"wp","href":"https:\/\/api.w.org\/{rel}","templated":true}]}}