{"id":10049,"date":"2017-03-27T17:29:31","date_gmt":"2017-03-27T15:29:31","guid":{"rendered":"http:\/\/serveiseducatius.xtec.cat\/baixllobregat6\/?p=10049"},"modified":"2017-11-22T13:31:43","modified_gmt":"2017-11-22T12:31:43","slug":"adacolau-i-krls-puigdemont-a-proposta-de-la-fapaccat-fan-campanya-per-incentivar-les-matriculacions-a-lescola-publica","status":"publish","type":"post","link":"https:\/\/serveiseducatius.xtec.cat\/baixllobregat6\/gestio\/infogestio\/adacolau-i-krls-puigdemont-a-proposta-de-la-fapaccat-fan-campanya-per-incentivar-les-matriculacions-a-lescola-publica\/","title":{"rendered":"@AdaColau i @Krls Puigdemont  a proposta de la @FaPaCcat fan campanya per incentivar les matriculacions a l\u2019escola p\u00fablica"},"content":{"rendered":"<p><iframe loading=\"lazy\" src=\"https:\/\/btv.playty.com\/player#\/video?autoplay=1&amp;id=270317MCfapac\" width=\"455\" height=\"250\" frameborder=\"0\" allowfullscreen=\"allowfullscreen\"><\/iframe><\/p>\n<p class=\"post-subtitle \"><strong>El v\u00eddeo fet per la FaPaC, dif\u00f3s a trav\u00e9s de les xarxes socials, recull el testimoni de diverses personalitats del m\u00f3n pol\u00edtic i cultural<\/strong><\/p>\n<p class=\"post-excerpt\">La FaPaC qualifica de &#8220;fet hist\u00f2ric&#8221; que per primer cop en democr\u00e0cia els m\u00e0xims c\u00e0rrecs institucionals del pa\u00eds confi\u00efn en l&#8217;escola p\u00fablica per educar els seus fills. Critiquen la inacci\u00f3 del Departament d&#8217;Ensenyament en plena campanya de preinscripcions i diuen que aquest v\u00eddeo vol contribuir a &#8220;incrementar l&#8217;autoestima de les fam\u00edlies&#8221; que confien en l&#8217;escola p\u00fablica, &#8220;la de tots&#8221;.<!--more--><\/p>\n<p>&#8220;Confiem que aquesta situaci\u00f3 marqui un abans i un despr\u00e9s en la realitat d&#8217;aquest pa\u00eds&#8221;, afirma<strong> la presidenta de la Federaci\u00f3 d&#8217;Associacions de Mares i Pares d&#8217;Alumnes (FaPaC), Montse Conejo<\/strong>, en presentar aquesta campanya als mitjans de comunicaci\u00f3. Per Conejo, que Colau i Puigdemont apostin per l&#8217;educaci\u00f3 p\u00fabica <strong>&#8220;\u00e9s un senyal de normalitat i de progr\u00e9s democr\u00e0tic&#8221;<\/strong>.<\/p>\n<p>Tant el president de la Generalitat, Carles Puigdemont, com l&#8217;alcaldessa de Barcelona, Ada Colau, surten en el v\u00eddeo elaborat per la FaPaC, elogiant la seva experi\u00e8ncia personal a l&#8217;educaci\u00f3 p\u00fablica. <strong>&#8220;Jo he estudiat a l&#8217;escola p\u00fablica&#8221;, explica Colau<\/strong>, &#8220;i ara que he estat mare [&#8230;] no he tingut cap mena de dubte que volia que els meus fills estudiessin a l&#8217;escola p\u00fablica&#8221;. Tamb\u00e9 el president <strong>Puigdemont explica que porta les seves filles a l&#8217;escola p\u00fablica<\/strong>, &#8220;a una gran escola&#8221; diu, on estan &#8220;educant ciutadans&#8221; i on estan &#8220;en molt bones mans&#8221;.<\/p>\n<p>Per la FaPaC, qui hauria de fer aquest tipus de v\u00eddeo \u00e9s el Departament d&#8217;Ensenyament, que &#8220;opta per inhibir-se en aquest camp&#8221;. <strong>&#8220;A l&#8217;Administraci\u00f3 li ha faltat aquest impuls per l&#8217;escola p\u00fablica&#8221;<\/strong>, diu Conejo, que insisteix a reclamar la necessitat de <strong>baixar les r\u00e0tios de les escoles p\u00fabliques perqu\u00e8 creixi la confian\u00e7a de les fam\u00edlies<\/strong> a l&#8217;hora de fer-hi la preinscripci\u00f3.<\/p>\n<p>El v\u00eddeo tamb\u00e9 recull els testimonis del rector de la UPF, Jaume Casals; les actrius Merc\u00e8 Sampietro i Cristina Brondo; el cantant Joan Pons, d'&#8221;El Petit de Cal Eril&#8221;; els actors David Bag\u00e9s i Joan Valent\u00ed, i la infermera i escriptora Laila Karrouch.<\/p>\n<pre>Font: Betev\u00e9\u00a0<span class=\"author-name\"><a href=\"http:\/\/beteve.cat\/author\/marta-casals-torres\/\">Marta Casals Torres<\/a>\u00a0<\/span><span class=\"author-twitter\"><a href=\"http:\/\/twitter.com\/martacasalst\">@martacasalst<\/a><\/span>\r\n\r\n<span class=\"post-date\"><time>dilluns 27 de mar\u00e7, 2017<\/time>, <time class=\"hour\">14.25\u00a0<\/time><\/span><\/pre>\n","protected":false},"excerpt":{"rendered":"<p>El v\u00eddeo fet per la FaPaC, dif\u00f3s a trav\u00e9s de les xarxes socials, recull el testimoni de diverses personalitats del m\u00f3n pol\u00edtic i cultural La FaPaC qualifica de &#8220;fet hist\u00f2ric&#8221; que per primer cop en democr\u00e0cia els m\u00e0xims c\u00e0rrecs institucionals del pa\u00eds confi\u00efn en l&#8217;escola p\u00fablica per educar els seus fills. Critiquen la inacci\u00f3 del [&hellip;]<\/p>\n","protected":false},"author":1,"featured_media":0,"comment_status":"open","ping_status":"closed","sticky":false,"template":"","format":"standard","meta":{"_bbp_topic_count":0,"_bbp_reply_count":0,"_bbp_total_topic_count":0,"_bbp_total_reply_count":0,"_bbp_voice_count":0,"_bbp_anonymous_reply_count":0,"_bbp_topic_count_hidden":0,"_bbp_reply_count_hidden":0,"_bbp_forum_subforum_count":0,"site-sidebar-layout":"default","site-content-layout":"","ast-site-content-layout":"","site-content-style":"default","site-sidebar-style":"default","ast-global-header-display":"","ast-banner-title-visibility":"","ast-main-header-display":"","ast-hfb-above-header-display":"","ast-hfb-below-header-display":"","ast-hfb-mobile-header-display":"","site-post-title":"","ast-breadcrumbs-content":"","ast-featured-img":"","footer-sml-layout":"","theme-transparent-header-meta":"","adv-header-id-meta":"","stick-header-meta":"","header-above-stick-meta":"","header-main-stick-meta":"","header-below-stick-meta":"","astra-migrate-meta-layouts":"default","ast-page-background-enabled":"default","ast-page-background-meta":{"desktop":{"background-color":"var(--ast-global-color-4)","background-image":"","background-repeat":"repeat","background-position":"center center","background-size":"auto","background-attachment":"scroll","background-type":"","background-media":"","overlay-type":"","overlay-color":"","overlay-opacity":"","overlay-gradient":""},"tablet":{"background-color":"","background-image":"","background-repeat":"repeat","background-position":"center center","background-size":"auto","background-attachment":"scroll","background-type":"","background-media":"","overlay-type":"","overlay-color":"","overlay-opacity":"","overlay-gradient":""},"mobile":{"background-color":"","background-image":"","background-repeat":"repeat","background-position":"center center","background-size":"auto","background-attachment":"scroll","background-type":"","background-media":"","overlay-type":"","overlay-color":"","overlay-opacity":"","overlay-gradient":""}},"ast-content-background-meta":{"desktop":{"background-color":"var(--ast-global-color-5)","background-image":"","background-repeat":"repeat","background-position":"center center","background-size":"auto","background-attachment":"scroll","background-type":"","background-media":"","overlay-type":"","overlay-color":"","overlay-opacity":"","overlay-gradient":""},"tablet":{"background-color":"var(--ast-global-color-5)","background-image":"","background-repeat":"repeat","background-position":"center center","background-size":"auto","background-attachment":"scroll","background-type":"","background-media":"","overlay-type":"","overlay-color":"","overlay-opacity":"","overlay-gradient":""},"mobile":{"background-color":"var(--ast-global-color-5)","background-image":"","background-repeat":"repeat","background-position":"center center","background-size":"auto","background-attachment":"scroll","background-type":"","background-media":"","overlay-type":"","overlay-color":"","overlay-opacity":"","overlay-gradient":""}},"footnotes":""},"categories":[1925],"tags":[1769,513],"class_list":["post-10049","post","type-post","status-publish","format-standard","hentry","category-infogestio","tag-escola-publica","tag-escolaritzacio"],"post_mailing_queue_ids":[],"_links":{"self":[{"href":"https:\/\/serveiseducatius.xtec.cat\/baixllobregat6\/wp-json\/wp\/v2\/posts\/10049","targetHints":{"allow":["GET"]}}],"collection":[{"href":"https:\/\/serveiseducatius.xtec.cat\/baixllobregat6\/wp-json\/wp\/v2\/posts"}],"about":[{"href":"https:\/\/serveiseducatius.xtec.cat\/baixllobregat6\/wp-json\/wp\/v2\/types\/post"}],"author":[{"embeddable":true,"href":"https:\/\/serveiseducatius.xtec.cat\/baixllobregat6\/wp-json\/wp\/v2\/users\/1"}],"replies":[{"embeddable":true,"href":"https:\/\/serveiseducatius.xtec.cat\/baixllobregat6\/wp-json\/wp\/v2\/comments?post=10049"}],"version-history":[{"count":3,"href":"https:\/\/serveiseducatius.xtec.cat\/baixllobregat6\/wp-json\/wp\/v2\/posts\/10049\/revisions"}],"predecessor-version":[{"id":10061,"href":"https:\/\/serveiseducatius.xtec.cat\/baixllobregat6\/wp-json\/wp\/v2\/posts\/10049\/revisions\/10061"}],"wp:attachment":[{"href":"https:\/\/serveiseducatius.xtec.cat\/baixllobregat6\/wp-json\/wp\/v2\/media?parent=10049"}],"wp:term":[{"taxonomy":"category","embeddable":true,"href":"https:\/\/serveiseducatius.xtec.cat\/baixllobregat6\/wp-json\/wp\/v2\/categories?post=10049"},{"taxonomy":"post_tag","embeddable":true,"href":"https:\/\/serveiseducatius.xtec.cat\/baixllobregat6\/wp-json\/wp\/v2\/tags?post=10049"}],"curies":[{"name":"wp","href":"https:\/\/api.w.org\/{rel}","templated":true}]}}