{"id":9503,"date":"2016-12-05T11:08:31","date_gmt":"2016-12-05T10:08:31","guid":{"rendered":"http:\/\/serveiseducatius.xtec.cat\/baixllobregat5\/?p=9503"},"modified":"2017-02-07T10:33:29","modified_gmt":"2017-02-07T09:33:29","slug":"orgull-de-baix-documental-interactiu","status":"publish","type":"post","link":"https:\/\/serveiseducatius.xtec.cat\/baixllobregat5\/portada\/orgull-de-baix-documental-interactiu\/","title":{"rendered":"Projecte \u00abOrgull de Baix, Mem\u00f2ria de Paisatge\u00bb."},"content":{"rendered":"<p><a href=\"http:\/\/www.orgulldebaix.cat\/\" target=\"_blank\"><img loading=\"lazy\" decoding=\"async\" class=\"size-full wp-image-10125 aligncenter\" src=\"http:\/\/serveiseducatius.xtec.cat\/baixllobregat5\/wp-content\/uploads\/usu1180\/2016\/12\/orgulldelbaixllobregat-768x408.png\" alt=\"orgulldelbaixllobregat-768x408\" width=\"768\" height=\"408\" srcset=\"https:\/\/serveiseducatius.xtec.cat\/baixllobregat5\/wp-content\/uploads\/usu1180\/2016\/12\/orgulldelbaixllobregat-768x408.png 768w, https:\/\/serveiseducatius.xtec.cat\/baixllobregat5\/wp-content\/uploads\/usu1180\/2016\/12\/orgulldelbaixllobregat-768x408-300x159.png 300w\" sizes=\"auto, (max-width: 768px) 100vw, 768px\" \/><\/a><br \/>\n\u00ab<a href=\"http:\/\/www.orgulldebaix.cat\/\" target=\"_blank\"><strong>Orgull de Baix, Mem\u00f2ria de Paisatge<\/strong><\/a>\u00bb<br \/>\nUn projecte d\u2019Isabel Fern\u00e1ndez i Al Pati Produccions, amb la col\u00b7laboraci\u00f3 de l\u2019Obra Social \u201dla Caixa\u201d, i el suport del Centre d\u2019Estudis Comarcals del Baix Llobregat.<\/p>\n<p>Si esteu interessats en participar-hi, envieu un correu a <a href=\"mailto:orgull@alpati.es\" target=\"_blank\">orgull@alpati.es<\/a><\/p>\n<p>\u00c9s un treball de creaci\u00f3 col\u00b7laborativa que convoca un grup de persones majors de 65 anys i un grup de joves adolescents de diferents poblacions del Baix Llobregat per a participar en un proc\u00e9s de recuperaci\u00f3 de la mem\u00f2ria hist\u00f2rica del passat agr\u00edcola i ramader de la comarca, en el qual ells seran alhora els autors i els protagonistes.<\/p>\n<p>Els resultats del treball s\u2019incorporaran al documental interactiu <a href=\"http:\/\/www.orgulldebaix.cat\/\" target=\"_blank\">www.orgulldebaix.cat<\/a> i estaran accessibles per a tothom a trav\u00e9s de la web del projecte.<\/p>\n<p>Per dur a terme \u00abMem\u00f2ria de Paisatge\u00bb es fa aquesta convocat\u00f2ria p\u00fablica entre la ciutadania del Baix per a seleccionar els 30 participants del projecte. Es busquen 10 joves de 3er i 4rt d\u2019ESO, i 20 persones grans de 65 anys en endavant que estimin el territori i vulguin participar en l\u2019experi\u00e8ncia.<\/p>\n<p>S\u2019inciar\u00e0 el proc\u00e9s organitzant als participants en equips de 3 persones, dues persones grans i un adolescent, i convidant-los a prendre part d\u2019una s\u00e8rie de tallers, guiats per professionals del documental audiovisual, que celebrarem al llarg de varies setmanes.<\/p>\n<p>L\u2019objectiu dels tallers \u00e9s convertir cada equip en una unitat de recerca i producci\u00f3 documental encarregada de descobrir i recuperar hist\u00f2ries sobre la mem\u00f2ria i la transformaci\u00f3 del paisatge de la comarca. Per a aconseguir-ho, buscaran testimonis que els parlin d\u2019aquest passat i tamb\u00e9 material fotogr\u00e0fic i\/o f\u00edlmic que es pugui trobar en possessi\u00f3 de particulars, i\/o dels arxius municipals.<\/p>\n<p>Al final del proc\u00e9s cada equip produir\u00e0 un micro-documental de 3 minuts que entrar\u00e0 a formar part de la web d\u2019Orgull de Baix. Les peces es filmaran i muntaran amb dispositius m\u00f2bils.<\/p>\n<p>S\u2019aprofitar\u00e0 el fet intergeneracional perqu\u00e8 els adolescents ajudin als m\u00e9s grans a adquirir compet\u00e8ncia amb els dispositius digitals, mentre que els grans ajudaran als joves a millorar la seva compet\u00e8ncia com a narradors i comptadors d\u2019hist\u00f2ries.<\/p>\n<p>El proc\u00e9s es dur\u00e0 a terme en una s\u00e8rie de tallers setmanals de 3 hores, per a la coordinaci\u00f3 i fixaci\u00f3 d\u2019objectius, m\u00e9s una s\u00e8rie d\u2019hores de treball independent de cada equip amb la mentoria i coordinaci\u00f3 dels responsables de l\u2019activitat. L\u2019espai de treball com\u00fa ser\u00e0 el Centre d\u2019Estudis Comarcals del Baix Llobregat. El proper 9 de febrer, a les 18 hores, es far\u00e0 la presentaci\u00f3 del projecte al Centre d\u2019Estudis Comarcals.<\/p>\n<p>Si esteu interessats en participar, envieu un correu a <a href=\"mailto:orgull@alpati.es\" target=\"_blank\">orgull@alpati.es<\/a><\/p>\n<p><a href=\"http:\/\/serveiseducatius.xtec.cat\/baixllobregat5\/wp-content\/uploads\/usu1180\/2016\/12\/orgull.jpg\"><img loading=\"lazy\" decoding=\"async\" class=\"size-full wp-image-10127 aligncenter\" src=\"http:\/\/serveiseducatius.xtec.cat\/baixllobregat5\/wp-content\/uploads\/usu1180\/2016\/12\/orgull.jpg\" alt=\"orgull\" width=\"605\" height=\"398\" srcset=\"https:\/\/serveiseducatius.xtec.cat\/baixllobregat5\/wp-content\/uploads\/usu1180\/2016\/12\/orgull.jpg 605w, https:\/\/serveiseducatius.xtec.cat\/baixllobregat5\/wp-content\/uploads\/usu1180\/2016\/12\/orgull-300x197.jpg 300w\" sizes=\"auto, (max-width: 605px) 100vw, 605px\" \/><\/a><\/p>\n","protected":false},"excerpt":{"rendered":"<p>\u00abOrgull de Baix, Mem\u00f2ria de Paisatge\u00bb Un projecte d\u2019Isabel Fern\u00e1ndez i Al Pati Produccions, amb la col\u00b7laboraci\u00f3 de l\u2019Obra Social [&hellip;]<\/p>\n","protected":false},"author":1,"featured_media":10125,"comment_status":"open","ping_status":"open","sticky":false,"template":"","format":"standard","meta":{"_bbp_topic_count":0,"_bbp_reply_count":0,"_bbp_total_topic_count":0,"_bbp_total_reply_count":0,"_bbp_voice_count":0,"_bbp_anonymous_reply_count":0,"_bbp_topic_count_hidden":0,"_bbp_reply_count_hidden":0,"_bbp_forum_subforum_count":0,"site-sidebar-layout":"default","site-content-layout":"","ast-site-content-layout":"","site-content-style":"default","site-sidebar-style":"default","ast-global-header-display":"","ast-banner-title-visibility":"","ast-main-header-display":"","ast-hfb-above-header-display":"","ast-hfb-below-header-display":"","ast-hfb-mobile-header-display":"","site-post-title":"","ast-breadcrumbs-content":"","ast-featured-img":"","footer-sml-layout":"","theme-transparent-header-meta":"","adv-header-id-meta":"","stick-header-meta":"","header-above-stick-meta":"","header-main-stick-meta":"","header-below-stick-meta":"","astra-migrate-meta-layouts":"default","ast-page-background-enabled":"default","ast-page-background-meta":{"desktop":{"background-color":"var(--ast-global-color-4)","background-image":"","background-repeat":"repeat","background-position":"center center","background-size":"auto","background-attachment":"scroll","background-type":"","background-media":"","overlay-type":"","overlay-color":"","overlay-opacity":"","overlay-gradient":""},"tablet":{"background-color":"","background-image":"","background-repeat":"repeat","background-position":"center center","background-size":"auto","background-attachment":"scroll","background-type":"","background-media":"","overlay-type":"","overlay-color":"","overlay-opacity":"","overlay-gradient":""},"mobile":{"background-color":"","background-image":"","background-repeat":"repeat","background-position":"center center","background-size":"auto","background-attachment":"scroll","background-type":"","background-media":"","overlay-type":"","overlay-color":"","overlay-opacity":"","overlay-gradient":""}},"ast-content-background-meta":{"desktop":{"background-color":"var(--ast-global-color-5)","background-image":"","background-repeat":"repeat","background-position":"center center","background-size":"auto","background-attachment":"scroll","background-type":"","background-media":"","overlay-type":"","overlay-color":"","overlay-opacity":"","overlay-gradient":""},"tablet":{"background-color":"var(--ast-global-color-5)","background-image":"","background-repeat":"repeat","background-position":"center center","background-size":"auto","background-attachment":"scroll","background-type":"","background-media":"","overlay-type":"","overlay-color":"","overlay-opacity":"","overlay-gradient":""},"mobile":{"background-color":"var(--ast-global-color-5)","background-image":"","background-repeat":"repeat","background-position":"center center","background-size":"auto","background-attachment":"scroll","background-type":"","background-media":"","overlay-type":"","overlay-color":"","overlay-opacity":"","overlay-gradient":""}},"footnotes":""},"categories":[535],"tags":[576,646,648,649,650,647,113,395],"class_list":["post-9503","post","type-post","status-publish","format-standard","has-post-thumbnail","hentry","category-portada","tag-baix-llobregat","tag-catalunya","tag-comarca","tag-memoria-historica","tag-paisatge-natural","tag-ramaderia","tag-tv3","tag-video"],"post_mailing_queue_ids":[],"_links":{"self":[{"href":"https:\/\/serveiseducatius.xtec.cat\/baixllobregat5\/wp-json\/wp\/v2\/posts\/9503","targetHints":{"allow":["GET"]}}],"collection":[{"href":"https:\/\/serveiseducatius.xtec.cat\/baixllobregat5\/wp-json\/wp\/v2\/posts"}],"about":[{"href":"https:\/\/serveiseducatius.xtec.cat\/baixllobregat5\/wp-json\/wp\/v2\/types\/post"}],"author":[{"embeddable":true,"href":"https:\/\/serveiseducatius.xtec.cat\/baixllobregat5\/wp-json\/wp\/v2\/users\/1"}],"replies":[{"embeddable":true,"href":"https:\/\/serveiseducatius.xtec.cat\/baixllobregat5\/wp-json\/wp\/v2\/comments?post=9503"}],"version-history":[{"count":3,"href":"https:\/\/serveiseducatius.xtec.cat\/baixllobregat5\/wp-json\/wp\/v2\/posts\/9503\/revisions"}],"predecessor-version":[{"id":10206,"href":"https:\/\/serveiseducatius.xtec.cat\/baixllobregat5\/wp-json\/wp\/v2\/posts\/9503\/revisions\/10206"}],"wp:featuredmedia":[{"embeddable":true,"href":"https:\/\/serveiseducatius.xtec.cat\/baixllobregat5\/wp-json\/wp\/v2\/media\/10125"}],"wp:attachment":[{"href":"https:\/\/serveiseducatius.xtec.cat\/baixllobregat5\/wp-json\/wp\/v2\/media?parent=9503"}],"wp:term":[{"taxonomy":"category","embeddable":true,"href":"https:\/\/serveiseducatius.xtec.cat\/baixllobregat5\/wp-json\/wp\/v2\/categories?post=9503"},{"taxonomy":"post_tag","embeddable":true,"href":"https:\/\/serveiseducatius.xtec.cat\/baixllobregat5\/wp-json\/wp\/v2\/tags?post=9503"}],"curies":[{"name":"wp","href":"https:\/\/api.w.org\/{rel}","templated":true}]}}