{"id":9257,"date":"2016-11-02T11:59:45","date_gmt":"2016-11-02T10:59:45","guid":{"rendered":"http:\/\/serveiseducatius.xtec.cat\/baixllobregat5\/?p=9257"},"modified":"2019-11-11T16:33:42","modified_gmt":"2019-11-11T15:33:42","slug":"mostra-de-comics-de-cornella-2016","status":"publish","type":"post","link":"https:\/\/serveiseducatius.xtec.cat\/baixllobregat5\/general\/mostra-de-comics-de-cornella-2016\/","title":{"rendered":"Mostra de C\u00f2mics de Cornell\u00e0 2016"},"content":{"rendered":"<p><img loading=\"lazy\" decoding=\"async\" class=\"alignleft\" src=\"http:\/\/www.cornella.cat\/files\/contenidos\/Joventut\/comics\/2016\/Imatge1_Cartell%20Paco%20Roca.jpg\" width=\"513\" height=\"718\" \/><br \/>\nCada novembre arriba puntual la Mostra del C\u00f2mic a Cornell\u00e0, i aix\u00f2 vol dir poder aprofitar una gran oferta d&#8217;activitats culturals. Trobem des d&#8217;exposicions de l\u2019autor local <strong>KNY Smile<\/strong>, de representants de l\u2019<strong>Escola Joso<\/strong>, d\u2019autors de la talla de <strong>Manel Fontdevila<\/strong> i <strong>Ana Oncina<\/strong>, dels 25 anys d\u2019<strong>Aman\u00edaco<\/strong>, del col\u00b7lectiu \u201c<strong>Autoras de C\u00f3mic<\/strong>\u201d i una xerrada amb <strong>Rub\u00e9n del Rinc\u00f3n<\/strong>. I com a acte central, l\u2019entrega de premis del 4 de novembre al Castell, on tamb\u00e9 es far\u00e0 el lliurament del 23\u00e8 Premi Iv\u00e0 a <strong>Mariel Soria<\/strong>!<\/p>\n<p>Per consultar les <a href=\"http:\/\/www.cornella.cat\/ca\/MostraDelComic.asp\" target=\"_blank\" rel=\"noopener noreferrer\">|ACTIVITATS| <\/a> a la p\u00e0gina de l&#8217;Ajuntament.<\/p>\n<p>Enlla\u00e7 directe al <a href=\"http:\/\/www.cornella.cat\/files\/contenidos\/Joventut\/comics\/2016\/PROGRAMA_MOSTRACOMIC16_DEFINITIU.pdf\" target=\"_blank\" rel=\"noopener noreferrer\">|PROGRAMA Mostra de C\u00f2mic 2016|<\/a><\/p>\n<p><span style=\"border-radius: 2px; text-indent: 20px; width: auto; padding: 0px 4px 0px 0px; text-align: center; font: bold 11px\/20px 'Helvetica Neue',Helvetica,sans-serif; color: #ffffff; background: #bd081c no-repeat scroll 3px 50% \/ 14px 14px; position: absolute; opacity: 1; z-index: 8675309; display: none; cursor: pointer;\">Guardar<\/span><\/p>\n","protected":false},"excerpt":{"rendered":"<p>La Mostra del C\u00f2mic significa per a Cornell\u00e0 la dedicaci\u00f3 de tot un mes al divers m\u00f3n del c\u00f2mic, amb l&#8217;organitzaci\u00f3 d&#8217;una programaci\u00f3 diversa que arribi a tothom.<\/p>\n","protected":false},"author":1,"featured_media":9259,"comment_status":"open","ping_status":"open","sticky":false,"template":"","format":"standard","meta":{"_bbp_topic_count":0,"_bbp_reply_count":0,"_bbp_total_topic_count":0,"_bbp_total_reply_count":0,"_bbp_voice_count":0,"_bbp_anonymous_reply_count":0,"_bbp_topic_count_hidden":0,"_bbp_reply_count_hidden":0,"_bbp_forum_subforum_count":0,"site-sidebar-layout":"default","site-content-layout":"","ast-site-content-layout":"","site-content-style":"default","site-sidebar-style":"default","ast-global-header-display":"","ast-banner-title-visibility":"","ast-main-header-display":"","ast-hfb-above-header-display":"","ast-hfb-below-header-display":"","ast-hfb-mobile-header-display":"","site-post-title":"","ast-breadcrumbs-content":"","ast-featured-img":"","footer-sml-layout":"","theme-transparent-header-meta":"","adv-header-id-meta":"","stick-header-meta":"","header-above-stick-meta":"","header-main-stick-meta":"","header-below-stick-meta":"","astra-migrate-meta-layouts":"default","ast-page-background-enabled":"default","ast-page-background-meta":{"desktop":{"background-color":"var(--ast-global-color-4)","background-image":"","background-repeat":"repeat","background-position":"center center","background-size":"auto","background-attachment":"scroll","background-type":"","background-media":"","overlay-type":"","overlay-color":"","overlay-opacity":"","overlay-gradient":""},"tablet":{"background-color":"","background-image":"","background-repeat":"repeat","background-position":"center center","background-size":"auto","background-attachment":"scroll","background-type":"","background-media":"","overlay-type":"","overlay-color":"","overlay-opacity":"","overlay-gradient":""},"mobile":{"background-color":"","background-image":"","background-repeat":"repeat","background-position":"center center","background-size":"auto","background-attachment":"scroll","background-type":"","background-media":"","overlay-type":"","overlay-color":"","overlay-opacity":"","overlay-gradient":""}},"ast-content-background-meta":{"desktop":{"background-color":"var(--ast-global-color-5)","background-image":"","background-repeat":"repeat","background-position":"center center","background-size":"auto","background-attachment":"scroll","background-type":"","background-media":"","overlay-type":"","overlay-color":"","overlay-opacity":"","overlay-gradient":""},"tablet":{"background-color":"var(--ast-global-color-5)","background-image":"","background-repeat":"repeat","background-position":"center center","background-size":"auto","background-attachment":"scroll","background-type":"","background-media":"","overlay-type":"","overlay-color":"","overlay-opacity":"","overlay-gradient":""},"mobile":{"background-color":"var(--ast-global-color-5)","background-image":"","background-repeat":"repeat","background-position":"center center","background-size":"auto","background-attachment":"scroll","background-type":"","background-media":"","overlay-type":"","overlay-color":"","overlay-opacity":"","overlay-gradient":""}},"footnotes":""},"categories":[1],"tags":[296,297,263,366],"class_list":["post-9257","post","type-post","status-publish","format-standard","has-post-thumbnail","hentry","category-general","tag-comic","tag-comics-a-cornella","tag-dinamitzacio","tag-mostra"],"post_mailing_queue_ids":[],"_links":{"self":[{"href":"https:\/\/serveiseducatius.xtec.cat\/baixllobregat5\/wp-json\/wp\/v2\/posts\/9257","targetHints":{"allow":["GET"]}}],"collection":[{"href":"https:\/\/serveiseducatius.xtec.cat\/baixllobregat5\/wp-json\/wp\/v2\/posts"}],"about":[{"href":"https:\/\/serveiseducatius.xtec.cat\/baixllobregat5\/wp-json\/wp\/v2\/types\/post"}],"author":[{"embeddable":true,"href":"https:\/\/serveiseducatius.xtec.cat\/baixllobregat5\/wp-json\/wp\/v2\/users\/1"}],"replies":[{"embeddable":true,"href":"https:\/\/serveiseducatius.xtec.cat\/baixllobregat5\/wp-json\/wp\/v2\/comments?post=9257"}],"version-history":[{"count":3,"href":"https:\/\/serveiseducatius.xtec.cat\/baixllobregat5\/wp-json\/wp\/v2\/posts\/9257\/revisions"}],"predecessor-version":[{"id":15363,"href":"https:\/\/serveiseducatius.xtec.cat\/baixllobregat5\/wp-json\/wp\/v2\/posts\/9257\/revisions\/15363"}],"wp:featuredmedia":[{"embeddable":true,"href":"https:\/\/serveiseducatius.xtec.cat\/baixllobregat5\/wp-json\/wp\/v2\/media\/9259"}],"wp:attachment":[{"href":"https:\/\/serveiseducatius.xtec.cat\/baixllobregat5\/wp-json\/wp\/v2\/media?parent=9257"}],"wp:term":[{"taxonomy":"category","embeddable":true,"href":"https:\/\/serveiseducatius.xtec.cat\/baixllobregat5\/wp-json\/wp\/v2\/categories?post=9257"},{"taxonomy":"post_tag","embeddable":true,"href":"https:\/\/serveiseducatius.xtec.cat\/baixllobregat5\/wp-json\/wp\/v2\/tags?post=9257"}],"curies":[{"name":"wp","href":"https:\/\/api.w.org\/{rel}","templated":true}]}}