{"id":2869,"date":"2017-05-04T14:32:49","date_gmt":"2017-05-04T12:32:49","guid":{"rendered":"http:\/\/blocs.xtec.cat\/sbec\/?p=2869"},"modified":"2018-11-19T11:04:51","modified_gmt":"2018-11-19T10:04:51","slug":"hem-conegut-lautora-de-wonder","status":"publish","type":"post","link":"https:\/\/serveiseducatius.xtec.cat\/baixllobregat5\/general\/hem-conegut-lautora-de-wonder\/","title":{"rendered":"Hem conegut l&#8217;autora de Wonder!"},"content":{"rendered":"<p><img loading=\"lazy\" decoding=\"async\" class=\"alignnone\" src=\"http:\/\/agora.xtec.cat\/inscornella\/wp-content\/uploads\/usu292\/2017\/05\/wonder_grup.jpg\" width=\"1000\" height=\"562\" \/><\/p>\n<p>El passat dissabte dia 22 d&#8217;abril, alguns alumnes i professors de l&#8217;<a href=\"http:\/\/www.inscornella.cat\/\" target=\"_blank\">Institut de Cornell\u00e0<\/a> vam tenir la gran sort de con\u00e8ixer la RJ Palacio, autora de Wonder!<\/p>\n<p>Wonder \u00e9s el llibre que estem llegint a l&#8217;espai de lectura quan fem lectura en veu alta, i va ser una gran sort poder con\u00e8ixer i escoltar de primera m\u00e0 la seva autora.<\/p>\n<p>Un grup de 3 professors i 5 alumnes vam anar el dissabte dia 22 d&#8217;abril al mat\u00ed a la llibreria la Casa del Llibre de la Rambla Catalunya de Barcelona. El Departament d&#8217;Ensenyament, amb la col\u00b7laboraci\u00f3 de l&#8217;editorial la Campana, havia organitzat una trobada amb l&#8217;autora nord-americana. Vam poder gaudir d&#8217;una interessant entrevista en qu\u00e8 l&#8217;autora va explicar els motius <img loading=\"lazy\" decoding=\"async\" class=\"alignleft\" src=\"http:\/\/agora.xtec.cat\/inscornella\/wp-content\/uploads\/usu292\/2017\/05\/wonder_signatura-188x300.jpg\" width=\"175\" height=\"279\" \/>que l&#8217;havien portat a escriure el llibre i a partir de la qual vam poder entendre molt millor el valor de la hist\u00f2ria de l&#8217;August, el protagonista de la novel\u00b7la que amb una malformaci\u00f3 a la cara s&#8217;ha d&#8217;enfrontar a la duresa del m\u00f3n i la incorporaci\u00f3 a l&#8217;escola.<\/p>\n<p>A m\u00e9s, durant l&#8217;acte, tant el director de l&#8217;institut com una alumna de segon d&#8217;ESO, la Valeria, van tenir l&#8217;oportunitat de sortir al faristol i dirigir unes paraules al p\u00fablic assistent.<\/p>\n<p>Despr\u00e9s la RJ Palacio ens va signar l&#8217;exemplar del llibre que tenim a l&#8217;Institut.<\/p>\n<p>Vam poder gaudir d&#8217;un agradable i interessant mat\u00ed previ a la jornada de Sant Jordi gr\u00e0cies al qual vam tamb\u00e9 poder descobrir la cara m\u00e9s humana del que fins aquell moment era nom\u00e9s un nom escrit a la portada del llibre.<\/p>\n","protected":false},"excerpt":{"rendered":"<p>El passat dissabte dia 22 d&#8217;abril, alguns alumnes i professors de l&#8217;Institut de Cornell\u00e0 vam tenir la gran sort de con\u00e8ixer la RJ Palacio, autora de Wonder.<\/p>\n","protected":false},"author":1,"featured_media":11192,"comment_status":"open","ping_status":"open","sticky":false,"template":"","format":"standard","meta":{"_bbp_topic_count":0,"_bbp_reply_count":0,"_bbp_total_topic_count":0,"_bbp_total_reply_count":0,"_bbp_voice_count":0,"_bbp_anonymous_reply_count":0,"_bbp_topic_count_hidden":0,"_bbp_reply_count_hidden":0,"_bbp_forum_subforum_count":0,"site-sidebar-layout":"default","site-content-layout":"","ast-site-content-layout":"","site-content-style":"default","site-sidebar-style":"default","ast-global-header-display":"","ast-banner-title-visibility":"","ast-main-header-display":"","ast-hfb-above-header-display":"","ast-hfb-below-header-display":"","ast-hfb-mobile-header-display":"","site-post-title":"","ast-breadcrumbs-content":"","ast-featured-img":"","footer-sml-layout":"","theme-transparent-header-meta":"","adv-header-id-meta":"","stick-header-meta":"","header-above-stick-meta":"","header-main-stick-meta":"","header-below-stick-meta":"","astra-migrate-meta-layouts":"default","ast-page-background-enabled":"default","ast-page-background-meta":{"desktop":{"background-color":"var(--ast-global-color-4)","background-image":"","background-repeat":"repeat","background-position":"center center","background-size":"auto","background-attachment":"scroll","background-type":"","background-media":"","overlay-type":"","overlay-color":"","overlay-opacity":"","overlay-gradient":""},"tablet":{"background-color":"","background-image":"","background-repeat":"repeat","background-position":"center center","background-size":"auto","background-attachment":"scroll","background-type":"","background-media":"","overlay-type":"","overlay-color":"","overlay-opacity":"","overlay-gradient":""},"mobile":{"background-color":"","background-image":"","background-repeat":"repeat","background-position":"center center","background-size":"auto","background-attachment":"scroll","background-type":"","background-media":"","overlay-type":"","overlay-color":"","overlay-opacity":"","overlay-gradient":""}},"ast-content-background-meta":{"desktop":{"background-color":"var(--ast-global-color-5)","background-image":"","background-repeat":"repeat","background-position":"center center","background-size":"auto","background-attachment":"scroll","background-type":"","background-media":"","overlay-type":"","overlay-color":"","overlay-opacity":"","overlay-gradient":""},"tablet":{"background-color":"var(--ast-global-color-5)","background-image":"","background-repeat":"repeat","background-position":"center center","background-size":"auto","background-attachment":"scroll","background-type":"","background-media":"","overlay-type":"","overlay-color":"","overlay-opacity":"","overlay-gradient":""},"mobile":{"background-color":"var(--ast-global-color-5)","background-image":"","background-repeat":"repeat","background-position":"center center","background-size":"auto","background-attachment":"scroll","background-type":"","background-media":"","overlay-type":"","overlay-color":"","overlay-opacity":"","overlay-gradient":""}},"footnotes":""},"categories":[1],"tags":[284,344,100,381,38],"class_list":["post-2869","post","type-post","status-publish","format-standard","has-post-thumbnail","hentry","category-general","tag-autors","tag-institut-cornella","tag-lectura","tag-promocio-lectura","tag-sant-jordi"],"post_mailing_queue_ids":[],"_links":{"self":[{"href":"https:\/\/serveiseducatius.xtec.cat\/baixllobregat5\/wp-json\/wp\/v2\/posts\/2869","targetHints":{"allow":["GET"]}}],"collection":[{"href":"https:\/\/serveiseducatius.xtec.cat\/baixllobregat5\/wp-json\/wp\/v2\/posts"}],"about":[{"href":"https:\/\/serveiseducatius.xtec.cat\/baixllobregat5\/wp-json\/wp\/v2\/types\/post"}],"author":[{"embeddable":true,"href":"https:\/\/serveiseducatius.xtec.cat\/baixllobregat5\/wp-json\/wp\/v2\/users\/1"}],"replies":[{"embeddable":true,"href":"https:\/\/serveiseducatius.xtec.cat\/baixllobregat5\/wp-json\/wp\/v2\/comments?post=2869"}],"version-history":[{"count":3,"href":"https:\/\/serveiseducatius.xtec.cat\/baixllobregat5\/wp-json\/wp\/v2\/posts\/2869\/revisions"}],"predecessor-version":[{"id":11193,"href":"https:\/\/serveiseducatius.xtec.cat\/baixllobregat5\/wp-json\/wp\/v2\/posts\/2869\/revisions\/11193"}],"wp:featuredmedia":[{"embeddable":true,"href":"https:\/\/serveiseducatius.xtec.cat\/baixllobregat5\/wp-json\/wp\/v2\/media\/11192"}],"wp:attachment":[{"href":"https:\/\/serveiseducatius.xtec.cat\/baixllobregat5\/wp-json\/wp\/v2\/media?parent=2869"}],"wp:term":[{"taxonomy":"category","embeddable":true,"href":"https:\/\/serveiseducatius.xtec.cat\/baixllobregat5\/wp-json\/wp\/v2\/categories?post=2869"},{"taxonomy":"post_tag","embeddable":true,"href":"https:\/\/serveiseducatius.xtec.cat\/baixllobregat5\/wp-json\/wp\/v2\/tags?post=2869"}],"curies":[{"name":"wp","href":"https:\/\/api.w.org\/{rel}","templated":true}]}}