{"id":24750,"date":"2024-11-07T13:28:15","date_gmt":"2024-11-07T12:28:15","guid":{"rendered":"https:\/\/serveiseducatius.xtec.cat\/baixllobregat5\/?p=24750"},"modified":"2024-11-07T13:28:15","modified_gmt":"2024-11-07T12:28:15","slug":"nova-formacio-sobre-coeducacio-i-perspectiva-de-genere-amb-carles-catalan","status":"publish","type":"post","link":"https:\/\/serveiseducatius.xtec.cat\/baixllobregat5\/crp\/nova-formacio-sobre-coeducacio-i-perspectiva-de-genere-amb-carles-catalan\/","title":{"rendered":"Nova formaci\u00f3 sobre Coeducaci\u00f3 i perspectiva de g\u00e8nere amb Carles Catal\u00e1n"},"content":{"rendered":"<p>Nova formaci\u00f3 sobre <strong>Coeducaci\u00f3 i perspectiva de g\u00e8nere<\/strong> que conduir\u00e0 l&#8217;expert Carles Catal\u00e1n. La primera sessi\u00f3 tindr\u00e0 lloc el proper dijous 14 de novembre a les 17:15 hores a la seu del Servei Educatiu del Baix Llobregat 5. Us recordem tamb\u00e9 les dates de les sessions: 14\/11, 28\/11, 12\/12, 16\/1 i 30\/1.<\/p>\n<p><a href=\"https:\/\/serveiseducatius.xtec.cat\/baixllobregat5\/wp-content\/uploads\/usu1180\/2024\/11\/FORMACIO-COEDUCACIO-I-PERSPECTIVA-DE-GENERE.jpg\"><img loading=\"lazy\" decoding=\"async\" class=\"alignleft size-full wp-image-24751\" src=\"https:\/\/serveiseducatius.xtec.cat\/baixllobregat5\/wp-content\/uploads\/usu1180\/2024\/11\/FORMACIO-COEDUCACIO-I-PERSPECTIVA-DE-GENERE.jpg\" alt=\"\" width=\"1587\" height=\"2245\" srcset=\"https:\/\/serveiseducatius.xtec.cat\/baixllobregat5\/wp-content\/uploads\/usu1180\/2024\/11\/FORMACIO-COEDUCACIO-I-PERSPECTIVA-DE-GENERE.jpg 1587w, https:\/\/serveiseducatius.xtec.cat\/baixllobregat5\/wp-content\/uploads\/usu1180\/2024\/11\/FORMACIO-COEDUCACIO-I-PERSPECTIVA-DE-GENERE-212x300.jpg 212w, https:\/\/serveiseducatius.xtec.cat\/baixllobregat5\/wp-content\/uploads\/usu1180\/2024\/11\/FORMACIO-COEDUCACIO-I-PERSPECTIVA-DE-GENERE-724x1024.jpg 724w, https:\/\/serveiseducatius.xtec.cat\/baixllobregat5\/wp-content\/uploads\/usu1180\/2024\/11\/FORMACIO-COEDUCACIO-I-PERSPECTIVA-DE-GENERE-768x1086.jpg 768w, https:\/\/serveiseducatius.xtec.cat\/baixllobregat5\/wp-content\/uploads\/usu1180\/2024\/11\/FORMACIO-COEDUCACIO-I-PERSPECTIVA-DE-GENERE-1086x1536.jpg 1086w, https:\/\/serveiseducatius.xtec.cat\/baixllobregat5\/wp-content\/uploads\/usu1180\/2024\/11\/FORMACIO-COEDUCACIO-I-PERSPECTIVA-DE-GENERE-1448x2048.jpg 1448w\" sizes=\"auto, (max-width: 1587px) 100vw, 1587px\" \/><\/a><\/p>\n","protected":false},"excerpt":{"rendered":"<p>Nova formaci\u00f3 sobre Coeducaci\u00f3 i perspectiva de g\u00e8nere que conduir\u00e0 l&#8217;expert Carles Catal\u00e1n. La primera sessi\u00f3 tindr\u00e0 lloc el proper [&hellip;]<\/p>\n","protected":false},"author":1,"featured_media":24751,"comment_status":"closed","ping_status":"closed","sticky":false,"template":"","format":"standard","meta":{"_bbp_topic_count":0,"_bbp_reply_count":0,"_bbp_total_topic_count":0,"_bbp_total_reply_count":0,"_bbp_voice_count":0,"_bbp_anonymous_reply_count":0,"_bbp_topic_count_hidden":0,"_bbp_reply_count_hidden":0,"_bbp_forum_subforum_count":0,"site-sidebar-layout":"default","site-content-layout":"","ast-site-content-layout":"","site-content-style":"default","site-sidebar-style":"default","ast-global-header-display":"","ast-banner-title-visibility":"","ast-main-header-display":"","ast-hfb-above-header-display":"","ast-hfb-below-header-display":"","ast-hfb-mobile-header-display":"","site-post-title":"","ast-breadcrumbs-content":"","ast-featured-img":"","footer-sml-layout":"","theme-transparent-header-meta":"","adv-header-id-meta":"","stick-header-meta":"","header-above-stick-meta":"","header-main-stick-meta":"","header-below-stick-meta":"","astra-migrate-meta-layouts":"default","ast-page-background-enabled":"default","ast-page-background-meta":{"desktop":{"background-color":"var(--ast-global-color-4)","background-image":"","background-repeat":"repeat","background-position":"center center","background-size":"auto","background-attachment":"scroll","background-type":"","background-media":"","overlay-type":"","overlay-color":"","overlay-opacity":"","overlay-gradient":""},"tablet":{"background-color":"","background-image":"","background-repeat":"repeat","background-position":"center center","background-size":"auto","background-attachment":"scroll","background-type":"","background-media":"","overlay-type":"","overlay-color":"","overlay-opacity":"","overlay-gradient":""},"mobile":{"background-color":"","background-image":"","background-repeat":"repeat","background-position":"center center","background-size":"auto","background-attachment":"scroll","background-type":"","background-media":"","overlay-type":"","overlay-color":"","overlay-opacity":"","overlay-gradient":""}},"ast-content-background-meta":{"desktop":{"background-color":"var(--ast-global-color-5)","background-image":"","background-repeat":"repeat","background-position":"center center","background-size":"auto","background-attachment":"scroll","background-type":"","background-media":"","overlay-type":"","overlay-color":"","overlay-opacity":"","overlay-gradient":""},"tablet":{"background-color":"var(--ast-global-color-5)","background-image":"","background-repeat":"repeat","background-position":"center center","background-size":"auto","background-attachment":"scroll","background-type":"","background-media":"","overlay-type":"","overlay-color":"","overlay-opacity":"","overlay-gradient":""},"mobile":{"background-color":"var(--ast-global-color-5)","background-image":"","background-repeat":"repeat","background-position":"center center","background-size":"auto","background-attachment":"scroll","background-type":"","background-media":"","overlay-type":"","overlay-color":"","overlay-opacity":"","overlay-gradient":""}},"footnotes":""},"categories":[65,67,1161,154,535],"tags":[],"class_list":["post-24750","post","type-post","status-publish","format-standard","has-post-thumbnail","hentry","category-crp","category-eap","category-educacio-emocional","category-formacio","category-portada"],"post_mailing_queue_ids":[],"_links":{"self":[{"href":"https:\/\/serveiseducatius.xtec.cat\/baixllobregat5\/wp-json\/wp\/v2\/posts\/24750","targetHints":{"allow":["GET"]}}],"collection":[{"href":"https:\/\/serveiseducatius.xtec.cat\/baixllobregat5\/wp-json\/wp\/v2\/posts"}],"about":[{"href":"https:\/\/serveiseducatius.xtec.cat\/baixllobregat5\/wp-json\/wp\/v2\/types\/post"}],"author":[{"embeddable":true,"href":"https:\/\/serveiseducatius.xtec.cat\/baixllobregat5\/wp-json\/wp\/v2\/users\/1"}],"replies":[{"embeddable":true,"href":"https:\/\/serveiseducatius.xtec.cat\/baixllobregat5\/wp-json\/wp\/v2\/comments?post=24750"}],"version-history":[{"count":1,"href":"https:\/\/serveiseducatius.xtec.cat\/baixllobregat5\/wp-json\/wp\/v2\/posts\/24750\/revisions"}],"predecessor-version":[{"id":24752,"href":"https:\/\/serveiseducatius.xtec.cat\/baixllobregat5\/wp-json\/wp\/v2\/posts\/24750\/revisions\/24752"}],"wp:featuredmedia":[{"embeddable":true,"href":"https:\/\/serveiseducatius.xtec.cat\/baixllobregat5\/wp-json\/wp\/v2\/media\/24751"}],"wp:attachment":[{"href":"https:\/\/serveiseducatius.xtec.cat\/baixllobregat5\/wp-json\/wp\/v2\/media?parent=24750"}],"wp:term":[{"taxonomy":"category","embeddable":true,"href":"https:\/\/serveiseducatius.xtec.cat\/baixllobregat5\/wp-json\/wp\/v2\/categories?post=24750"},{"taxonomy":"post_tag","embeddable":true,"href":"https:\/\/serveiseducatius.xtec.cat\/baixllobregat5\/wp-json\/wp\/v2\/tags?post=24750"}],"curies":[{"name":"wp","href":"https:\/\/api.w.org\/{rel}","templated":true}]}}