{"id":24648,"date":"2024-11-05T12:13:24","date_gmt":"2024-11-05T11:13:24","guid":{"rendered":"https:\/\/serveiseducatius.xtec.cat\/baixllobregat5\/?p=24648"},"modified":"2024-11-06T11:02:18","modified_gmt":"2024-11-06T10:02:18","slug":"els-efectes-de-la-dana-al-llevant-peninsular","status":"publish","type":"post","link":"https:\/\/serveiseducatius.xtec.cat\/baixllobregat5\/general\/els-efectes-de-la-dana-al-llevant-peninsular\/","title":{"rendered":"Els efectes de la DANA al Llevant peninsular: recursos did\u00e0ctics"},"content":{"rendered":"<p>&nbsp;<\/p>\n<p><img loading=\"lazy\" decoding=\"async\" class=\"aligncenter\" src=\"https:\/\/www.aragondigital.es\/asset\/thumbnail,1280,720,center,center\/media\/aragondigital\/images\/2024\/11\/02\/2024110218364970390.jpg\" alt=\"Solidaridad sin l\u00edmites: miles de voluntarios ayudan en los pueblos de Valencia\" width=\"631\" height=\"355\" \/><\/p>\n<p>&nbsp;<\/p>\n<p>Amb motiu de l&#8217;afectaci\u00f3 de la DANA i la situaci\u00f3 d\u2019emerg\u00e8ncia natural i social que es viu al Pa\u00eds Valenci\u00e0 i algunes \u00e0rees de Castella &#8211; la Manxa, institucions com la Universitat de Barcelona, a trav\u00e9s de l<strong>&#8216;Institut<\/strong><b>\u00a0de Desenvolupament Professional <\/b>(IDP, antic ICE), o el <strong>CESIRE<\/strong> ofereixen una s\u00e8rie de <span style=\"text-decoration: underline;\">recursos i propostes did\u00e0ctiques<\/span> per a treballar amb l\u2019alumnat la complexitat d\u2019aquest fet i donar resposta als neguits i preguntes que ha generat aquesta situaci\u00f3. Fem igualment difusi\u00f3 d&#8217;alguns <span style=\"text-decoration: underline;\">recursos<\/span> f\u00edsics\u00a0del <strong>CRP<\/strong> relacionats amb la q\u00fcesti\u00f3.<\/p>\n<p>Tot el nostre suport a les estudiants i a les docents valencianes, i a la societat civil en general.<\/p>\n<p>&nbsp;<\/p>\n<p><b>Recursos del CRP &#8211; SE Baix Llobregat V<\/b><\/p>\n<p>Recursos did\u00e0ctics propis, disponibles en pr\u00e9stec per al professorat dels diferents centres de la zona educativa:<\/p>\n<ul>\n<li><a href=\"https:\/\/serveiseducatius.xtec.cat\/baixllobregat5\/maletes-pedagogiques\/mort-i-dol\/\" target=\"_blank\" rel=\"noopener\">Maletes per a treballar la <strong>mort<\/strong> i el <strong>dol<\/strong><\/a>: recull de contes i diferents publicacions, <span style=\"text-decoration: underline;\">Maleta del dol 1 (educaci\u00f3 infantil i prim\u00e0ria)<\/span>, <span style=\"text-decoration: underline;\">Maleta del dol 2 (adolescents)<\/span>.<\/li>\n<li><a href=\"https:\/\/serveiseducatius.xtec.cat\/baixllobregat5\/maletes-pedagogiques\/maleta-de-les-emocions\/\" target=\"_blank\" rel=\"noopener\">Maleta de les <strong>emocions<\/strong><\/a>: alumnat d&#8217;educaci\u00f3 infantil i prim\u00e0ria.<\/li>\n<li><a href=\"https:\/\/serveiseducatius.xtec.cat\/baixllobregat5\/general\/hidricus-joc-de-taula-per-al-treball-de-diferents-aspectes-relacionats-amb-laigua\/\" target=\"_blank\" rel=\"noopener\">&#8220;<strong><em>H\u00eddricus<\/em><\/strong>&#8220;<\/a>, joc de taula per al treball de diferents aspectes relacionats amb l\u2019aigua: cicle natural de l&#8217;aigua, \u00fas dom\u00e8stic i industrial responsable, h\u00e0bits quotidians, l\u2019estalvi, la seva hist\u00f2ria i geografia, ecologia, gesti\u00f3 civil l&#8217;aigua\u2026 Especialment adre\u00e7at als cicles mitj\u00e0 i superior d&#8217;educaci\u00f3 prim\u00e0ria, aix\u00ed com als cursos inicials d&#8217;educaci\u00f3 secund\u00e0ria.<\/li>\n<\/ul>\n<p>&nbsp;<\/p>\n<p><strong>Material de pr\u00e9stec del CESIRE<\/strong><\/p>\n<p><a href=\"https:\/\/sites.google.com\/xtec.cat\/interpretemelpaisatge\/inicio\/una-maleta-amb-recursos\">\u201cMaleta per a interpretar el paisatge\u201d<\/a><\/p>\n<p><span style=\"text-decoration: underline;\">Recursos per a educaci\u00f3 prim\u00e0ria<\/span><\/p>\n<p>2.1. ARC<\/p>\n<ul>\n<li aria-level=\"1\"><a href=\"https:\/\/apliense.xtec.cat\/arc\/node\/30520\">Podria desapar\u00e8ixer l\u2019hort de l\u2019escola?<\/a>. Griselda Batlle<\/li>\n<li aria-level=\"1\"><a href=\"https:\/\/apliense.xtec.cat\/arc\/node\/29905\">Podem utilitzar el riu com vulguem?<\/a>. N\u00faria Posada<\/li>\n<li aria-level=\"1\"><a href=\"https:\/\/apliense.xtec.cat\/arc\/node\/30053\">Podem preveure la caiguda dels arbres a causa del vent?<\/a>\u00a0Francisco Manuel S\u00e1nchez Guerrero<\/li>\n<li aria-level=\"1\">\u00a0<a href=\"https:\/\/apliense.xtec.cat\/arc\/node\/29595\">Es podria repetir una nit tr\u00e0gica com la del 25 de setembre de 1962?<\/a>. Esther P\u00e9rez i N\u00faria L\u00f3pez<\/li>\n<li aria-level=\"1\"><a href=\"https:\/\/apliense.xtec.cat\/arc\/node\/30413\">La font del pati no funciona<\/a>\u00a0 M. Inmaculada Pinero i Sandra Memminger. Escola Tanit.<\/li>\n<\/ul>\n<p>2.2. Altres recursos<\/p>\n<ul>\n<li aria-level=\"1\"><a href=\"https:\/\/llibrespetitstalents.fundaciorecerca.cat\/PDF\/llibre_investiguem_relacions.pdf\">Investiguem els fen\u00f2mens geol\u00f2gics i el paisatge<\/a>. Petit Talents Cient\u00edfica Arnau Amat, Joan Callarisa, \u00cdngrit Soriguera i Jordi Vil\u00e0<\/li>\n<li aria-level=\"1\"><a href=\"https:\/\/tresorderecursos.com\/riscos-naturals-i-derivats-de-laccio-humana\/\">Riscos naturals i derivats de l\u2019acci\u00f3 humana,<\/a>\u00a0Tresor de Recursos<\/li>\n<\/ul>\n<p><span style=\"text-decoration: underline;\">Recursos per a educaci\u00f3 secund\u00e0ria<\/span><\/p>\n<p>3.1. ARC<\/p>\n<ul>\n<li aria-level=\"1\"><a href=\"https:\/\/apliense.xtec.cat\/arc\/node\/31183\">Els riscos geol\u00f2gics a trav\u00e9s del mapa topogr\u00e0fic<\/a>. Marta Ferrater<\/li>\n<\/ul>\n<p>3.2 Altres recursos<\/p>\n<ul>\n<li><a href=\"https:\/\/www.canva.com\/design\/DAGVgY06Plg\/4f65QzbGSma4599hok1PXA\/view?utm_content=DAGVgY06Plg&amp;utm_campaign=designshare&amp;utm_medium=link&amp;utm_source=viewer\" target=\"_blank\" rel=\"noopener\" data-saferedirecturl=\"https:\/\/www.google.com\/url?q=https:\/\/www.canva.com\/design\/DAGVgY06Plg\/4f65QzbGSma4599hok1PXA\/view?utm_content%3DDAGVgY06Plg%26utm_campaign%3Ddesignshare%26utm_medium%3Dlink%26utm_source%3Dviewer&amp;source=gmail&amp;ust=1730885134650000&amp;usg=AOvVaw1fr8B83b_-xJye94nJoQuT\">Despr\u00e9s de la DANA<\/a>, \u00c0ngels Mart\u00ednez Bonaf\u00e9 i Joan Carles Queralt L\u00e0zaro<\/li>\n<li><a href=\"https:\/\/edumet.cat\/areatac\/presentacions\/fitxers\/1OAT_-sDFTu24OEB8qBDdpmIU9mveWUCC6OF46uMpVUQ\/documents\/ambit_social_socials_1r_eso_podem_evitar_inundacions.pdf\">\u201cPodem evitar les inundacions?\u201d<\/a>. Edumet.cat<\/li>\n<li aria-level=\"1\"><a href=\"https:\/\/sites.google.com\/site\/projectantcn3\/riskzone\">RiskZone<\/a>. Jordi Dom\u00e8nech<\/li>\n<li aria-level=\"1\"><a href=\"https:\/\/issuu.com\/institut-destudis-catalans\/docs\/tscg_89_issuu?ff\">El temporal Gl\u00f2ria vist per la Geografia<\/a>\u00a0(Monogr\u00e0fic), Revista\u00a0<i>Treballs\u00a0<\/i>n. 89 de la Societat Catalana de Geografia.<\/li>\n<li aria-level=\"1\">\u00a0<a href=\"https:\/\/www.elcritic.cat\/reportatges\/la-catalunya-inundable-118779\">https:\/\/www.elcritic.cat\/reportatges\/la-catalunya-inundable-118779<\/a>, El Cr\u00edtic<\/li>\n<li aria-level=\"1\"><a href=\"https:\/\/montecruz.es\/sucesos\/\">Infografia DANA Val\u00e8ncia<\/a>, montecruz.es<\/li>\n<\/ul>\n<p>Recursos audiovisuals<b><\/b><\/p>\n<ul>\n<li aria-level=\"1\"><a href=\"https:\/\/www.3cat.cat\/tv3\/sx3\/en-gori-masip-ens-explica-que-es-una-dana\/video\/6307807\/\">https:\/\/www.3cat.cat\/tv3\/sx3\/en-gori-masip-ens-explica-que-es-una-dana\/video\/6307807\/<\/a>, InfoK<\/li>\n<li aria-level=\"1\"><a href=\"https:\/\/www.3cat.cat\/tv3\/sx3\/30102024\/video\/6307817\/\">https:\/\/www.3cat.cat\/tv3\/sx3\/30102024\/video\/6307817\/<\/a>, InfoK<\/li>\n<li aria-level=\"1\"><a href=\"https:\/\/beteve.cat\/medi-ambient\/gota-freda-dana-barcelona\/\">https:\/\/beteve.cat\/medi-ambient\/gota-freda-dana-barcelona\/<\/a>, BETEVE<\/li>\n<li aria-level=\"1\"><a href=\"https:\/\/www.youtube.com\/watch?v=Jh9p__hrxS8\">https:\/\/www.youtube.com\/watch?v=Jh9p__hrxS8<\/a>, Geograf\u00eda de una inundaci\u00f3n: la DANA de Valencia. Isaac Moreno<\/li>\n<li aria-level=\"1\"><a href=\"https:\/\/www.rtve.es\/play\/videos\/orbita-laika\/orbita-laika-programa-12-tiempo-esta-loco-loco\/5259040\/\">https:\/\/www.rtve.es\/play\/videos\/orbita-laika\/orbita-laika-programa-12-tiempo-esta-loco-loco\/5259040\/<\/a>, Orbita Laika<\/li>\n<li aria-level=\"1\"><a href=\"https:\/\/www.3cat.cat\/3cat\/inundacions-quan-el-riu-reclama-el-que-es-seu\/video\/4782411\/\">https:\/\/www.3cat.cat\/3cat\/inundacions-quan-el-riu-reclama-el-que-es-seu\/video\/4782411\/<\/a>\u00a0Qu\u00e8QuiCom inundacions<\/li>\n<\/ul>\n<p><b><\/b>Dades en temps real<\/p>\n<ul>\n<li aria-level=\"1\"><a href=\"https:\/\/www.idescat.cat\/indicadors\/?id=aec&amp;n=15196\">https:\/\/www.idescat.cat\/indicadors\/?id=aec&amp;n=151<\/a>,\u00a0IDESCAT.<\/li>\n<li aria-level=\"1\"><a href=\"https:\/\/seatemperature.info\/es\/mar-mediterraneo-temperatura-del-agua-del-mar.html\">https:\/\/seatemperature.info\/es\/mar-mediterraneo-temperatura-del-agua-del-mar.html<\/a>, Seatemperature.<\/li>\n<\/ul>\n<p>&nbsp;<\/p>\n<p><strong>Recull de recursos proposats per l&#8217;Institut<b> de Desenvolupament Professional (UB)<\/b><\/strong><\/p>\n<ul>\n<li>Enlla\u00e7os a diversos recursos en l\u00ednia a trav\u00e9s de la seg\u00fcent <a href=\"https:\/\/www.ub.edu\/idp-educacio\/wp-content\/uploads\/2024\/11\/Recursos-per-treballar-la-Dana.pdf\" target=\"_blank\" rel=\"noopener\"><strong>presentaci\u00f3<\/strong><\/a><\/li>\n<\/ul>\n<p>&nbsp;<\/p>\n","protected":false},"excerpt":{"rendered":"<p>&nbsp; &nbsp; Amb motiu de l&#8217;afectaci\u00f3 de la DANA i la situaci\u00f3 d\u2019emerg\u00e8ncia natural i social que es viu al [&hellip;]<\/p>\n","protected":false},"author":193,"featured_media":24652,"comment_status":"closed","ping_status":"closed","sticky":false,"template":"","format":"standard","meta":{"_bbp_topic_count":0,"_bbp_reply_count":0,"_bbp_total_topic_count":0,"_bbp_total_reply_count":0,"_bbp_voice_count":0,"_bbp_anonymous_reply_count":0,"_bbp_topic_count_hidden":0,"_bbp_reply_count_hidden":0,"_bbp_forum_subforum_count":0,"site-sidebar-layout":"default","site-content-layout":"","ast-site-content-layout":"","site-content-style":"default","site-sidebar-style":"default","ast-global-header-display":"","ast-banner-title-visibility":"","ast-main-header-display":"","ast-hfb-above-header-display":"","ast-hfb-below-header-display":"","ast-hfb-mobile-header-display":"","site-post-title":"","ast-breadcrumbs-content":"","ast-featured-img":"","footer-sml-layout":"","theme-transparent-header-meta":"","adv-header-id-meta":"","stick-header-meta":"","header-above-stick-meta":"","header-main-stick-meta":"","header-below-stick-meta":"","astra-migrate-meta-layouts":"default","ast-page-background-enabled":"default","ast-page-background-meta":{"desktop":{"background-color":"var(--ast-global-color-4)","background-image":"","background-repeat":"repeat","background-position":"center center","background-size":"auto","background-attachment":"scroll","background-type":"","background-media":"","overlay-type":"","overlay-color":"","overlay-opacity":"","overlay-gradient":""},"tablet":{"background-color":"","background-image":"","background-repeat":"repeat","background-position":"center center","background-size":"auto","background-attachment":"scroll","background-type":"","background-media":"","overlay-type":"","overlay-color":"","overlay-opacity":"","overlay-gradient":""},"mobile":{"background-color":"","background-image":"","background-repeat":"repeat","background-position":"center center","background-size":"auto","background-attachment":"scroll","background-type":"","background-media":"","overlay-type":"","overlay-color":"","overlay-opacity":"","overlay-gradient":""}},"ast-content-background-meta":{"desktop":{"background-color":"var(--ast-global-color-5)","background-image":"","background-repeat":"repeat","background-position":"center center","background-size":"auto","background-attachment":"scroll","background-type":"","background-media":"","overlay-type":"","overlay-color":"","overlay-opacity":"","overlay-gradient":""},"tablet":{"background-color":"var(--ast-global-color-5)","background-image":"","background-repeat":"repeat","background-position":"center center","background-size":"auto","background-attachment":"scroll","background-type":"","background-media":"","overlay-type":"","overlay-color":"","overlay-opacity":"","overlay-gradient":""},"mobile":{"background-color":"var(--ast-global-color-5)","background-image":"","background-repeat":"repeat","background-position":"center center","background-size":"auto","background-attachment":"scroll","background-type":"","background-media":"","overlay-type":"","overlay-color":"","overlay-opacity":"","overlay-gradient":""}},"footnotes":""},"categories":[1549,1161,1,535,653],"tags":[1839,1841,1840,1600,1844,1843],"class_list":["post-24648","post","type-post","status-publish","format-standard","has-post-thumbnail","hentry","category-difusio","category-educacio-emocional","category-general","category-portada","category-recursos-en-linia","tag-ciencia-per-a-comprendre-i-actuar","tag-clima","tag-dana","tag-educacio-en-valors","tag-ice-ub","tag-universitat-de-barcelona"],"post_mailing_queue_ids":[],"_links":{"self":[{"href":"https:\/\/serveiseducatius.xtec.cat\/baixllobregat5\/wp-json\/wp\/v2\/posts\/24648","targetHints":{"allow":["GET"]}}],"collection":[{"href":"https:\/\/serveiseducatius.xtec.cat\/baixllobregat5\/wp-json\/wp\/v2\/posts"}],"about":[{"href":"https:\/\/serveiseducatius.xtec.cat\/baixllobregat5\/wp-json\/wp\/v2\/types\/post"}],"author":[{"embeddable":true,"href":"https:\/\/serveiseducatius.xtec.cat\/baixllobregat5\/wp-json\/wp\/v2\/users\/193"}],"replies":[{"embeddable":true,"href":"https:\/\/serveiseducatius.xtec.cat\/baixllobregat5\/wp-json\/wp\/v2\/comments?post=24648"}],"version-history":[{"count":6,"href":"https:\/\/serveiseducatius.xtec.cat\/baixllobregat5\/wp-json\/wp\/v2\/posts\/24648\/revisions"}],"predecessor-version":[{"id":24717,"href":"https:\/\/serveiseducatius.xtec.cat\/baixllobregat5\/wp-json\/wp\/v2\/posts\/24648\/revisions\/24717"}],"wp:featuredmedia":[{"embeddable":true,"href":"https:\/\/serveiseducatius.xtec.cat\/baixllobregat5\/wp-json\/wp\/v2\/media\/24652"}],"wp:attachment":[{"href":"https:\/\/serveiseducatius.xtec.cat\/baixllobregat5\/wp-json\/wp\/v2\/media?parent=24648"}],"wp:term":[{"taxonomy":"category","embeddable":true,"href":"https:\/\/serveiseducatius.xtec.cat\/baixllobregat5\/wp-json\/wp\/v2\/categories?post=24648"},{"taxonomy":"post_tag","embeddable":true,"href":"https:\/\/serveiseducatius.xtec.cat\/baixllobregat5\/wp-json\/wp\/v2\/tags?post=24648"}],"curies":[{"name":"wp","href":"https:\/\/api.w.org\/{rel}","templated":true}]}}