{"id":24284,"date":"2024-02-19T13:46:16","date_gmt":"2024-02-19T12:46:16","guid":{"rendered":"https:\/\/serveiseducatius.xtec.cat\/baixllobregat5\/?p=24284"},"modified":"2024-03-01T23:35:08","modified_gmt":"2024-03-01T22:35:08","slug":"jams-tr-2024-cloenda-de-les-jornades-de-treballs-de-recerca-amb-lalumnat-de-1r-de-batxillerat-dels-instituts-de-cornella","status":"publish","type":"post","link":"https:\/\/serveiseducatius.xtec.cat\/baixllobregat5\/crp\/jams-tr-2024-cloenda-de-les-jornades-de-treballs-de-recerca-amb-lalumnat-de-1r-de-batxillerat-dels-instituts-de-cornella\/","title":{"rendered":"\u201cJAMs TR\u201d 2024: cloenda de les jornades de Treballs de Recerca amb l\u2019alumnat de 1r de batxillerat dels instituts de Cornell\u00e0"},"content":{"rendered":"<p>&nbsp;<\/p>\n<p><a href=\"https:\/\/serveiseducatius.xtec.cat\/baixllobregat5\/wp-content\/uploads\/usu1180\/2024\/02\/Jam-TR-2024-r.jpg\"><img loading=\"lazy\" decoding=\"async\" class=\"wp-image-24286 aligncenter\" src=\"https:\/\/serveiseducatius.xtec.cat\/baixllobregat5\/wp-content\/uploads\/usu1180\/2024\/02\/Jam-TR-2024-r.jpg\" alt=\"\" width=\"709\" height=\"394\" srcset=\"https:\/\/serveiseducatius.xtec.cat\/baixllobregat5\/wp-content\/uploads\/usu1180\/2024\/02\/Jam-TR-2024-r.jpg 810w, https:\/\/serveiseducatius.xtec.cat\/baixllobregat5\/wp-content\/uploads\/usu1180\/2024\/02\/Jam-TR-2024-r-300x167.jpg 300w, https:\/\/serveiseducatius.xtec.cat\/baixllobregat5\/wp-content\/uploads\/usu1180\/2024\/02\/Jam-TR-2024-r-768x427.jpg 768w\" sizes=\"auto, (max-width: 709px) 100vw, 709px\" \/><\/a><\/p>\n<p>&nbsp;<\/p>\n<p>Les &#8220;<strong>JAM TR<\/strong>&#8221; s\u00f3n jornades de dos matins organitzades en horari lectiu pel <a href=\"https:\/\/www.citilab.eu\/actualitat\/2024\/01\/31\/370-estudiants-de-cornella-de-llobregat-dissenyen-i-planifiquen-els-seus-treballs-de-recerca-al-citilab\/\" target=\"_blank\" rel=\"noopener\"><strong>Citilab<\/strong><\/a>\u00a0i el <strong>Centre de Recursos Pedag\u00f2gics<\/strong> per facilitar als alumnes dels instituts de Cornell\u00e0 el <strong>disseny<\/strong>\u00a0del seu futur\u00a0<strong>Treball de Recerca<\/strong>. L\u2019<strong>alumnat<\/strong> de\u00a0<strong>1r de batxillerat<\/strong> s\u2019inicia en el m\u00f3n de la recerca plantejant un tema d\u2019inter\u00e8s personal que relacionaran amb els <a href=\"https:\/\/es.unesco.org\/sdgs\" target=\"_blank\" rel=\"noopener\">ODS<\/a> (Objectius de Desenvolupament Sostenible impulsats per l\u2019Organitzaci\u00f3 de les Nacions Unides en el marc de l\u2019agenda 2030), definint durant el primer mat\u00ed l\u2019impacte, les tasques i la pregunta de recerca del seu projecte.\u00a0\u00a0A la segona sessi\u00f3 es porten a terme altres din\u00e0miques de suport que recullen els procediments cient\u00edfics necessaris per dissenyar una \u00f2ptima recerca: definici\u00f3 d\u2019objectius generals i espec\u00edfics, hip\u00f2tesi de treball, metodologies aplicables i ecosistema d\u2019agents locals de suport a la investigaci\u00f3. Les jornades conclouen amb una breu exposici\u00f3 de la feina feta per part dels assistents.<\/p>\n<p>Enguany, alumnes de 1r de batxillerat dels instituts <strong>Esteve Terradas i Illa<\/strong> (24 i 26 de gener)\u00a0<a href=\"https:\/\/agora.xtec.cat\/iesfrancescmacia\/general\/jornada-jams-1r-de-batxillerat-al-citilab-de-cornella\/\" target=\"_blank\" rel=\"noopener\"><strong>Francesc Maci\u00e0<\/strong><\/a> (1 i 2 de febrer), <a href=\"https:\/\/twitter.com\/InsMMP\/status\/1758519505574056334\" target=\"_blank\" rel=\"noopener\"><strong>Miquel Mart\u00ed i Pol\u00a0<\/strong><\/a>(15 i 16 de febrer), han completat les <a href=\"https:\/\/serveiseducatius.xtec.cat\/baixllobregat5\/general\/inici-de-les-sessions-jam-tr-2024-suport-a-alumnat-de-batxillerat-de-cornella-en-el-disseny-dels-seus-treballs-de-recerca\/\">jornades iniciades el 19 de gener amb l\u2019Institut <strong>Joan Mir\u00f3<\/strong><\/a>. Com a novetat d&#8217;aquest curs, l&#8217;alumnat de l&#8217;Institut <strong>Maria Aur\u00e8lia Capmany<\/strong> s&#8217;ha reincorporat a les sessions de les JAM TR (31 de gener i 14 de febrer).<\/p>\n<p>Al voltant doncs d&#8217;uns 360 alumnes de tots els centres de la ciutat han donat les primeres passes en el disseny del que ser\u00e0 el seu Treball de Recerca amb l\u2019orientaci\u00f3 i el suport del <strong>Citilab<\/strong>\u00a0i el\u00a0<strong>Centre de Recursos Pedag\u00f2gics<\/strong>, i la col\u00b7laboraci\u00f3 del grup d\u2019innovaci\u00f3 docent\u00a0<strong>CompREd<\/strong>\u00a0de la Facultat de Ci\u00e8ncies de l\u2019Educaci\u00f3 de la\u00a0<strong>Universitat Aut\u00f2noma de Barcelona<\/strong>.<\/p>\n<p>&nbsp;<\/p>\n<p style=\"text-align: center;\">\r\n\t<div class=\"slideshow_container slideshow_container_style-light\" style=\"height: 400px; \" data-slideshow-id=\"24289\" data-style-name=\"style-light\" data-style-version=\"2.3.1\" >\r\n\r\n\t\t\t\t\t<div class=\"slideshow_loading_icon\"><\/div>\r\n\t\t\r\n\t\t<div class=\"slideshow_content\" style=\"display: none;\">\r\n\r\n\t\t\t<div class=\"slideshow_view\">\r\n\t\t\t\t<div class=\"slideshow_slide slideshow_slide_image\">\r\n\t\t\t\t\t\t\t\t\t\t\t<img src=\"https:\/\/serveiseducatius.xtec.cat\/baixllobregat5\/wp-content\/uploads\/usu1180\/2024\/02\/1-JAM-TR-Terradas-1-.jpg\" alt=\"1 - JAM TR Terradas 1\" width=\"1280\" height=\"960\" \/>\r\n\t\t\t\t\t\t\t\t\t\t<div class=\"slideshow_description_box slideshow_transparent\">\r\n\t\t\t\t\t\t<div class=\"slideshow_title\">1 - JAM TR Terradas 1<\/div>\t\t\t\t\t\t\t\t\t\t\t<\/div>\r\n\t\t\t\t<\/div>\r\n\r\n\t\t\t\t\t\t<div style=\"clear: both;\"><\/div><\/div><div class=\"slideshow_view\">\r\n\t\t\t\t<div class=\"slideshow_slide slideshow_slide_image\">\r\n\t\t\t\t\t\t\t\t\t\t\t<img src=\"https:\/\/serveiseducatius.xtec.cat\/baixllobregat5\/wp-content\/uploads\/usu1180\/2024\/02\/2-JAM-TR-Terradas-2-.jpeg\" alt=\"2 - JAM TR Terradas 2\" width=\"2048\" height=\"1536\" \/>\r\n\t\t\t\t\t\t\t\t\t\t<div class=\"slideshow_description_box slideshow_transparent\">\r\n\t\t\t\t\t\t<div class=\"slideshow_title\">2 - JAM TR Terradas 2<\/div>\t\t\t\t\t\t\t\t\t\t\t<\/div>\r\n\t\t\t\t<\/div>\r\n\r\n\t\t\t\t\t\t<div style=\"clear: both;\"><\/div><\/div><div class=\"slideshow_view\">\r\n\t\t\t\t<div class=\"slideshow_slide slideshow_slide_image\">\r\n\t\t\t\t\t\t\t\t\t\t\t<img src=\"https:\/\/serveiseducatius.xtec.cat\/baixllobregat5\/wp-content\/uploads\/usu1180\/2024\/02\/3-JAM-TR-Terradas-.jpeg\" alt=\"3 -JAM TR Terradas\" width=\"1280\" height=\"975\" \/>\r\n\t\t\t\t\t\t\t\t\t\t<div class=\"slideshow_description_box slideshow_transparent\">\r\n\t\t\t\t\t\t<div class=\"slideshow_title\">3 -JAM TR Terradas<\/div>\t\t\t\t\t\t\t\t\t\t\t<\/div>\r\n\t\t\t\t<\/div>\r\n\r\n\t\t\t\t\t\t<div style=\"clear: both;\"><\/div><\/div><div class=\"slideshow_view\">\r\n\t\t\t\t<div class=\"slideshow_slide slideshow_slide_image\">\r\n\t\t\t\t\t\t\t\t\t\t\t<img src=\"https:\/\/serveiseducatius.xtec.cat\/baixllobregat5\/wp-content\/uploads\/usu1180\/2024\/02\/4a-JAM-TR-MAC-2.jpeg\" alt=\"4a - JAM TR MAC 2\" width=\"1280\" height=\"960\" \/>\r\n\t\t\t\t\t\t\t\t\t\t<div class=\"slideshow_description_box slideshow_transparent\">\r\n\t\t\t\t\t\t<div class=\"slideshow_title\">4a - JAM TR MAC 2<\/div>\t\t\t\t\t\t\t\t\t\t\t<\/div>\r\n\t\t\t\t<\/div>\r\n\r\n\t\t\t\t\t\t<div style=\"clear: both;\"><\/div><\/div><div class=\"slideshow_view\">\r\n\t\t\t\t<div class=\"slideshow_slide slideshow_slide_image\">\r\n\t\t\t\t\t\t\t\t\t\t\t<img src=\"https:\/\/serveiseducatius.xtec.cat\/baixllobregat5\/wp-content\/uploads\/usu1180\/2024\/02\/4b-JAM-TR-MAC-3.jpeg\" alt=\"4b - JAM TR MAC 3\" width=\"1280\" height=\"960\" \/>\r\n\t\t\t\t\t\t\t\t\t\t<div class=\"slideshow_description_box slideshow_transparent\">\r\n\t\t\t\t\t\t<div class=\"slideshow_title\">4b - JAM TR MAC 3<\/div>\t\t\t\t\t\t\t\t\t\t\t<\/div>\r\n\t\t\t\t<\/div>\r\n\r\n\t\t\t\t\t\t<div style=\"clear: both;\"><\/div><\/div><div class=\"slideshow_view\">\r\n\t\t\t\t<div class=\"slideshow_slide slideshow_slide_image\">\r\n\t\t\t\t\t\t\t\t\t\t\t<img src=\"https:\/\/serveiseducatius.xtec.cat\/baixllobregat5\/wp-content\/uploads\/usu1180\/2024\/02\/5-JAM-TR-MAC-4-.jpeg\" alt=\"5 - JAM TR MAC 4\" width=\"1280\" height=\"960\" \/>\r\n\t\t\t\t\t\t\t\t\t\t<div class=\"slideshow_description_box slideshow_transparent\">\r\n\t\t\t\t\t\t<div class=\"slideshow_title\">5 - JAM TR MAC 4<\/div>\t\t\t\t\t\t\t\t\t\t\t<\/div>\r\n\t\t\t\t<\/div>\r\n\r\n\t\t\t\t\t\t<div style=\"clear: both;\"><\/div><\/div><div class=\"slideshow_view\">\r\n\t\t\t\t<div class=\"slideshow_slide slideshow_slide_image\">\r\n\t\t\t\t\t\t\t\t\t\t\t<img src=\"https:\/\/serveiseducatius.xtec.cat\/baixllobregat5\/wp-content\/uploads\/usu1180\/2024\/02\/6-JAM-TR-Macia-1-.jpeg\" alt=\"6 - JAM TR Maci\u00e0 1\" width=\"1280\" height=\"960\" \/>\r\n\t\t\t\t\t\t\t\t\t\t<div class=\"slideshow_description_box slideshow_transparent\">\r\n\t\t\t\t\t\t<div class=\"slideshow_title\">6 - JAM TR Maci\u00e0 1<\/div>\t\t\t\t\t\t\t\t\t\t\t<\/div>\r\n\t\t\t\t<\/div>\r\n\r\n\t\t\t\t\t\t<div style=\"clear: both;\"><\/div><\/div><div class=\"slideshow_view\">\r\n\t\t\t\t<div class=\"slideshow_slide slideshow_slide_image\">\r\n\t\t\t\t\t\t\t\t\t\t\t<img src=\"https:\/\/serveiseducatius.xtec.cat\/baixllobregat5\/wp-content\/uploads\/usu1180\/2024\/02\/7-JAM-TR-Macia-2.jpeg\" alt=\"7 - JAM TR Maci\u00e0 2\" width=\"1280\" height=\"975\" \/>\r\n\t\t\t\t\t\t\t\t\t\t<div class=\"slideshow_description_box slideshow_transparent\">\r\n\t\t\t\t\t\t<div class=\"slideshow_title\">7 - JAM TR Maci\u00e0 2<\/div>\t\t\t\t\t\t\t\t\t\t\t<\/div>\r\n\t\t\t\t<\/div>\r\n\r\n\t\t\t\t\t\t<div style=\"clear: both;\"><\/div><\/div><div class=\"slideshow_view\">\r\n\t\t\t\t<div class=\"slideshow_slide slideshow_slide_image\">\r\n\t\t\t\t\t\t\t\t\t\t\t<img src=\"https:\/\/serveiseducatius.xtec.cat\/baixllobregat5\/wp-content\/uploads\/usu1180\/2024\/02\/8-JAM-TR-MMiP-4-.jpeg\" alt=\"8 - JAM TR MMiP 4\" width=\"1280\" height=\"960\" \/>\r\n\t\t\t\t\t\t\t\t\t\t<div class=\"slideshow_description_box slideshow_transparent\">\r\n\t\t\t\t\t\t<div class=\"slideshow_title\">8 - JAM TR MMiP 4<\/div>\t\t\t\t\t\t\t\t\t\t\t<\/div>\r\n\t\t\t\t<\/div>\r\n\r\n\t\t\t\t\t\t<div style=\"clear: both;\"><\/div><\/div><div class=\"slideshow_view\">\r\n\t\t\t\t<div class=\"slideshow_slide slideshow_slide_image\">\r\n\t\t\t\t\t\t\t\t\t\t\t<img src=\"https:\/\/serveiseducatius.xtec.cat\/baixllobregat5\/wp-content\/uploads\/usu1180\/2024\/02\/9-Jam-tr-MMPol-1-.jpeg\" alt=\"9 - Jam tr MMPol 1\" width=\"1280\" height=\"960\" \/>\r\n\t\t\t\t\t\t\t\t\t\t<div class=\"slideshow_description_box slideshow_transparent\">\r\n\t\t\t\t\t\t<div class=\"slideshow_title\">9 - Jam tr MMPol 1<\/div>\t\t\t\t\t\t\t\t\t\t\t<\/div>\r\n\t\t\t\t<\/div>\r\n\r\n\t\t\t\t\t\t<div style=\"clear: both;\"><\/div><\/div><div class=\"slideshow_view\">\r\n\t\t\t\t<div class=\"slideshow_slide slideshow_slide_image\">\r\n\t\t\t\t\t\t\t\t\t\t\t<img src=\"https:\/\/serveiseducatius.xtec.cat\/baixllobregat5\/wp-content\/uploads\/usu1180\/2024\/02\/10-Jam-tr-MMiPol-4.jpeg\" alt=\"10 - Jam tr MMiPol 4\" width=\"1280\" height=\"960\" \/>\r\n\t\t\t\t\t\t\t\t\t\t<div class=\"slideshow_description_box slideshow_transparent\">\r\n\t\t\t\t\t\t<div class=\"slideshow_title\">10 - Jam tr MMiPol 4<\/div>\t\t\t\t\t\t\t\t\t\t\t<\/div>\r\n\t\t\t\t<\/div>\r\n\r\n\t\t\t\t\t\t<div style=\"clear: both;\"><\/div><\/div>\r\n\t\t<\/div>\r\n\r\n\t\t<div class=\"slideshow_controlPanel slideshow_transparent\" style=\"display: none;\"><ul><li class=\"slideshow_togglePlay\" data-play-text=\"Visualitza\" data-pause-text=\"Pausa\"><\/li><\/ul><\/div>\r\n\r\n\t\t<div class=\"slideshow_button slideshow_previous slideshow_transparent\" role=\"button\" data-previous-text=\"Anterior\" style=\"display: none;\"><\/div>\r\n\t\t<div class=\"slideshow_button slideshow_next slideshow_transparent\" role=\"button\" data-next-text=\"Seg\u00fcent\" style=\"display: none;\"><\/div>\r\n\r\n\t\t<div class=\"slideshow_pagination\" style=\"display: none;\" data-go-to-text=\"V\u00e9s a la diapositiva\"><div class=\"slideshow_pagination_center\"><\/div><\/div>\r\n\r\n\t\t<!-- WordPress Slideshow Version 2.3.1 -->\r\n\r\n\t\t\t<\/div>\r\n\r\n<\/p>\n<p>&nbsp;<\/p>\n","protected":false},"excerpt":{"rendered":"<p>&nbsp; &nbsp; Les &#8220;JAM TR&#8221; s\u00f3n jornades de dos matins organitzades en horari lectiu pel Citilab\u00a0i el Centre de Recursos [&hellip;]<\/p>\n","protected":false},"author":193,"featured_media":24286,"comment_status":"closed","ping_status":"closed","sticky":false,"template":"","format":"standard","meta":{"_bbp_topic_count":0,"_bbp_reply_count":0,"_bbp_total_topic_count":0,"_bbp_total_reply_count":0,"_bbp_voice_count":0,"_bbp_anonymous_reply_count":0,"_bbp_topic_count_hidden":0,"_bbp_reply_count_hidden":0,"_bbp_forum_subforum_count":0,"site-sidebar-layout":"default","site-content-layout":"","ast-site-content-layout":"","site-content-style":"default","site-sidebar-style":"default","ast-global-header-display":"","ast-banner-title-visibility":"","ast-main-header-display":"","ast-hfb-above-header-display":"","ast-hfb-below-header-display":"","ast-hfb-mobile-header-display":"","site-post-title":"","ast-breadcrumbs-content":"","ast-featured-img":"","footer-sml-layout":"","theme-transparent-header-meta":"","adv-header-id-meta":"","stick-header-meta":"","header-above-stick-meta":"","header-main-stick-meta":"","header-below-stick-meta":"","astra-migrate-meta-layouts":"default","ast-page-background-enabled":"default","ast-page-background-meta":{"desktop":{"background-color":"var(--ast-global-color-4)","background-image":"","background-repeat":"repeat","background-position":"center center","background-size":"auto","background-attachment":"scroll","background-type":"","background-media":"","overlay-type":"","overlay-color":"","overlay-opacity":"","overlay-gradient":""},"tablet":{"background-color":"","background-image":"","background-repeat":"repeat","background-position":"center center","background-size":"auto","background-attachment":"scroll","background-type":"","background-media":"","overlay-type":"","overlay-color":"","overlay-opacity":"","overlay-gradient":""},"mobile":{"background-color":"","background-image":"","background-repeat":"repeat","background-position":"center center","background-size":"auto","background-attachment":"scroll","background-type":"","background-media":"","overlay-type":"","overlay-color":"","overlay-opacity":"","overlay-gradient":""}},"ast-content-background-meta":{"desktop":{"background-color":"var(--ast-global-color-5)","background-image":"","background-repeat":"repeat","background-position":"center center","background-size":"auto","background-attachment":"scroll","background-type":"","background-media":"","overlay-type":"","overlay-color":"","overlay-opacity":"","overlay-gradient":""},"tablet":{"background-color":"var(--ast-global-color-5)","background-image":"","background-repeat":"repeat","background-position":"center center","background-size":"auto","background-attachment":"scroll","background-type":"","background-media":"","overlay-type":"","overlay-color":"","overlay-opacity":"","overlay-gradient":""},"mobile":{"background-color":"var(--ast-global-color-5)","background-image":"","background-repeat":"repeat","background-position":"center center","background-size":"auto","background-attachment":"scroll","background-type":"","background-media":"","overlay-type":"","overlay-color":"","overlay-opacity":"","overlay-gradient":""}},"footnotes":""},"categories":[65,66,535,1133],"tags":[249,1110,345,347,348,418,350,1837,1783],"class_list":["post-24284","post","type-post","status-publish","format-standard","has-post-thumbnail","hentry","category-crp","category-dinamitzacio","category-portada","category-treballs-de-recerca","tag-batxillerat","tag-citilab","tag-instituto-esteve-terradas","tag-instituto-francesc-macia","tag-institut-joan-miro","tag-institut-maria-aurelia-capmany","tag-institut-miquel-marti-pol","tag-jam-tr","tag-projecte-riec"],"post_mailing_queue_ids":[],"_links":{"self":[{"href":"https:\/\/serveiseducatius.xtec.cat\/baixllobregat5\/wp-json\/wp\/v2\/posts\/24284","targetHints":{"allow":["GET"]}}],"collection":[{"href":"https:\/\/serveiseducatius.xtec.cat\/baixllobregat5\/wp-json\/wp\/v2\/posts"}],"about":[{"href":"https:\/\/serveiseducatius.xtec.cat\/baixllobregat5\/wp-json\/wp\/v2\/types\/post"}],"author":[{"embeddable":true,"href":"https:\/\/serveiseducatius.xtec.cat\/baixllobregat5\/wp-json\/wp\/v2\/users\/193"}],"replies":[{"embeddable":true,"href":"https:\/\/serveiseducatius.xtec.cat\/baixllobregat5\/wp-json\/wp\/v2\/comments?post=24284"}],"version-history":[{"count":7,"href":"https:\/\/serveiseducatius.xtec.cat\/baixllobregat5\/wp-json\/wp\/v2\/posts\/24284\/revisions"}],"predecessor-version":[{"id":24327,"href":"https:\/\/serveiseducatius.xtec.cat\/baixllobregat5\/wp-json\/wp\/v2\/posts\/24284\/revisions\/24327"}],"wp:featuredmedia":[{"embeddable":true,"href":"https:\/\/serveiseducatius.xtec.cat\/baixllobregat5\/wp-json\/wp\/v2\/media\/24286"}],"wp:attachment":[{"href":"https:\/\/serveiseducatius.xtec.cat\/baixllobregat5\/wp-json\/wp\/v2\/media?parent=24284"}],"wp:term":[{"taxonomy":"category","embeddable":true,"href":"https:\/\/serveiseducatius.xtec.cat\/baixllobregat5\/wp-json\/wp\/v2\/categories?post=24284"},{"taxonomy":"post_tag","embeddable":true,"href":"https:\/\/serveiseducatius.xtec.cat\/baixllobregat5\/wp-json\/wp\/v2\/tags?post=24284"}],"curies":[{"name":"wp","href":"https:\/\/api.w.org\/{rel}","templated":true}]}}