{"id":24259,"date":"2024-01-23T10:46:03","date_gmt":"2024-01-23T09:46:03","guid":{"rendered":"https:\/\/serveiseducatius.xtec.cat\/baixllobregat5\/?p=24259"},"modified":"2024-01-23T10:46:03","modified_gmt":"2024-01-23T09:46:03","slug":"parlar-escriure-i-llegir-experiencies-per-combatre-el-pessimisme","status":"publish","type":"post","link":"https:\/\/serveiseducatius.xtec.cat\/baixllobregat5\/crp\/parlar-escriure-i-llegir-experiencies-per-combatre-el-pessimisme\/","title":{"rendered":"Parlar, escriure i llegir. Experi\u00e8ncies per combatre el pessimisme"},"content":{"rendered":"<div>Des de l&#8217;Institut Desenvolupament Professional conjuntament amb el Departament d&#8217;Educaci\u00f3 s&#8217;organitza la <a href=\"https:\/\/idp-iceub.cmail20.com\/t\/d-i-vuhhlhl-l-r\/\" target=\"_blank\" rel=\"noopener\">jornada gratu\u00efta<strong><em>\u00a0Parlar, escriure i llegir. Experi\u00e8ncies per combatre el pessimisme<\/em><\/strong><\/a>.<\/div>\n<div><\/div>\n<ul>\n<li>16 de febrer (tarda)<\/li>\n<li>17 de febrer (mat\u00ed)<\/li>\n<\/ul>\n<p>S\u2019exposaran evid\u00e8ncies cient\u00edfiques de grups de recerca educativa i bones pr\u00e0ctiques que actualment s\u2019estan duent a terme a centres educatius de Catalunya.<\/p>\n<p>Enlla\u00e7os d&#8217;inscripci\u00f3:<\/p>\n<ul>\n<li><a id=\"m_5323795912530526912OWAe0d9382e-1ca7-c330-0369-e56e3f70b57f\" title=\"https:\/\/aplicacions.gestioeducativa.gencat.cat\/pls\/soloas\/pk_for_mod_ins.p_for_cons_activitats?p_any=2023-2024&amp;p_codi=9001090011\" href=\"https:\/\/aplicacions.gestioeducativa.gencat.cat\/pls\/soloas\/pk_for_mod_ins.p_for_cons_activitats?p_any=2023-2024&amp;p_codi=9001090011\" target=\"_blank\" rel=\"noopener noreferrer\" data-saferedirecturl=\"https:\/\/www.google.com\/url?q=https:\/\/aplicacions.gestioeducativa.gencat.cat\/pls\/soloas\/pk_for_mod_ins.p_for_cons_activitats?p_any%3D2023-2024%26p_codi%3D9001090011&amp;source=gmail&amp;ust=1706085259307000&amp;usg=AOvVaw1LRvZ2tSYyj19EFdtg2z2v\">Docents XTEC (Departament d\u2019Educaci\u00f3)<\/a><\/li>\n<li><a id=\"m_5323795912530526912OWAa6e5f746-56d5-5f59-2e56-2431887ee077\" title=\"https:\/\/www.ub.edu\/gidp-matice\/faces\/formatice?curs=58896\" href=\"https:\/\/www.ub.edu\/gidp-matice\/faces\/formatice?curs=58896\" target=\"_blank\" rel=\"noopener noreferrer\" data-saferedirecturl=\"https:\/\/www.google.com\/url?q=https:\/\/www.ub.edu\/gidp-matice\/faces\/formatice?curs%3D58896&amp;source=gmail&amp;ust=1706085259307000&amp;usg=AOvVaw1EeV98v00UU2yniQbqN8sH\">Altres professionals<\/a><\/li>\n<\/ul>\n<p><a href=\"https:\/\/serveiseducatius.xtec.cat\/baixllobregat5\/wp-content\/uploads\/usu1180\/2024\/01\/Diptic-Jornada-Parlar-escriurei-llegir-4.pdf\">D\u00edptic Jornada Parlar, escriurei llegir (4)<\/a> <a href=\"https:\/\/serveiseducatius.xtec.cat\/baixllobregat5\/wp-content\/uploads\/usu1180\/2024\/01\/Posterjornada.jpg\"><img loading=\"lazy\" decoding=\"async\" class=\"alignleft size-full wp-image-24262\" src=\"https:\/\/serveiseducatius.xtec.cat\/baixllobregat5\/wp-content\/uploads\/usu1180\/2024\/01\/Posterjornada.jpg\" alt=\"\" width=\"1587\" height=\"2245\" srcset=\"https:\/\/serveiseducatius.xtec.cat\/baixllobregat5\/wp-content\/uploads\/usu1180\/2024\/01\/Posterjornada.jpg 1587w, https:\/\/serveiseducatius.xtec.cat\/baixllobregat5\/wp-content\/uploads\/usu1180\/2024\/01\/Posterjornada-212x300.jpg 212w, https:\/\/serveiseducatius.xtec.cat\/baixllobregat5\/wp-content\/uploads\/usu1180\/2024\/01\/Posterjornada-724x1024.jpg 724w, https:\/\/serveiseducatius.xtec.cat\/baixllobregat5\/wp-content\/uploads\/usu1180\/2024\/01\/Posterjornada-768x1086.jpg 768w, https:\/\/serveiseducatius.xtec.cat\/baixllobregat5\/wp-content\/uploads\/usu1180\/2024\/01\/Posterjornada-1086x1536.jpg 1086w, https:\/\/serveiseducatius.xtec.cat\/baixllobregat5\/wp-content\/uploads\/usu1180\/2024\/01\/Posterjornada-1448x2048.jpg 1448w\" sizes=\"auto, (max-width: 1587px) 100vw, 1587px\" \/><\/a><\/p>\n","protected":false},"excerpt":{"rendered":"<p>Des de l&#8217;Institut Desenvolupament Professional conjuntament amb el Departament d&#8217;Educaci\u00f3 s&#8217;organitza la jornada gratu\u00efta\u00a0Parlar, escriure i llegir. Experi\u00e8ncies per combatre [&hellip;]<\/p>\n","protected":false},"author":1,"featured_media":24260,"comment_status":"closed","ping_status":"closed","sticky":false,"template":"","format":"standard","meta":{"_bbp_topic_count":0,"_bbp_reply_count":0,"_bbp_total_topic_count":0,"_bbp_total_reply_count":0,"_bbp_voice_count":0,"_bbp_anonymous_reply_count":0,"_bbp_topic_count_hidden":0,"_bbp_reply_count_hidden":0,"_bbp_forum_subforum_count":0,"site-sidebar-layout":"default","site-content-layout":"","ast-site-content-layout":"","site-content-style":"default","site-sidebar-style":"default","ast-global-header-display":"","ast-banner-title-visibility":"","ast-main-header-display":"","ast-hfb-above-header-display":"","ast-hfb-below-header-display":"","ast-hfb-mobile-header-display":"","site-post-title":"","ast-breadcrumbs-content":"","ast-featured-img":"","footer-sml-layout":"","theme-transparent-header-meta":"","adv-header-id-meta":"","stick-header-meta":"","header-above-stick-meta":"","header-main-stick-meta":"","header-below-stick-meta":"","astra-migrate-meta-layouts":"default","ast-page-background-enabled":"default","ast-page-background-meta":{"desktop":{"background-color":"var(--ast-global-color-4)","background-image":"","background-repeat":"repeat","background-position":"center center","background-size":"auto","background-attachment":"scroll","background-type":"","background-media":"","overlay-type":"","overlay-color":"","overlay-opacity":"","overlay-gradient":""},"tablet":{"background-color":"","background-image":"","background-repeat":"repeat","background-position":"center center","background-size":"auto","background-attachment":"scroll","background-type":"","background-media":"","overlay-type":"","overlay-color":"","overlay-opacity":"","overlay-gradient":""},"mobile":{"background-color":"","background-image":"","background-repeat":"repeat","background-position":"center center","background-size":"auto","background-attachment":"scroll","background-type":"","background-media":"","overlay-type":"","overlay-color":"","overlay-opacity":"","overlay-gradient":""}},"ast-content-background-meta":{"desktop":{"background-color":"var(--ast-global-color-5)","background-image":"","background-repeat":"repeat","background-position":"center center","background-size":"auto","background-attachment":"scroll","background-type":"","background-media":"","overlay-type":"","overlay-color":"","overlay-opacity":"","overlay-gradient":""},"tablet":{"background-color":"var(--ast-global-color-5)","background-image":"","background-repeat":"repeat","background-position":"center center","background-size":"auto","background-attachment":"scroll","background-type":"","background-media":"","overlay-type":"","overlay-color":"","overlay-opacity":"","overlay-gradient":""},"mobile":{"background-color":"var(--ast-global-color-5)","background-image":"","background-repeat":"repeat","background-position":"center center","background-size":"auto","background-attachment":"scroll","background-type":"","background-media":"","overlay-type":"","overlay-color":"","overlay-opacity":"","overlay-gradient":""}},"footnotes":""},"categories":[65,68,535],"tags":[],"class_list":["post-24259","post","type-post","status-publish","format-standard","has-post-thumbnail","hentry","category-crp","category-elic","category-portada"],"post_mailing_queue_ids":[],"_links":{"self":[{"href":"https:\/\/serveiseducatius.xtec.cat\/baixllobregat5\/wp-json\/wp\/v2\/posts\/24259","targetHints":{"allow":["GET"]}}],"collection":[{"href":"https:\/\/serveiseducatius.xtec.cat\/baixllobregat5\/wp-json\/wp\/v2\/posts"}],"about":[{"href":"https:\/\/serveiseducatius.xtec.cat\/baixllobregat5\/wp-json\/wp\/v2\/types\/post"}],"author":[{"embeddable":true,"href":"https:\/\/serveiseducatius.xtec.cat\/baixllobregat5\/wp-json\/wp\/v2\/users\/1"}],"replies":[{"embeddable":true,"href":"https:\/\/serveiseducatius.xtec.cat\/baixllobregat5\/wp-json\/wp\/v2\/comments?post=24259"}],"version-history":[{"count":1,"href":"https:\/\/serveiseducatius.xtec.cat\/baixllobregat5\/wp-json\/wp\/v2\/posts\/24259\/revisions"}],"predecessor-version":[{"id":24263,"href":"https:\/\/serveiseducatius.xtec.cat\/baixllobregat5\/wp-json\/wp\/v2\/posts\/24259\/revisions\/24263"}],"wp:featuredmedia":[{"embeddable":true,"href":"https:\/\/serveiseducatius.xtec.cat\/baixllobregat5\/wp-json\/wp\/v2\/media\/24260"}],"wp:attachment":[{"href":"https:\/\/serveiseducatius.xtec.cat\/baixllobregat5\/wp-json\/wp\/v2\/media?parent=24259"}],"wp:term":[{"taxonomy":"category","embeddable":true,"href":"https:\/\/serveiseducatius.xtec.cat\/baixllobregat5\/wp-json\/wp\/v2\/categories?post=24259"},{"taxonomy":"post_tag","embeddable":true,"href":"https:\/\/serveiseducatius.xtec.cat\/baixllobregat5\/wp-json\/wp\/v2\/tags?post=24259"}],"curies":[{"name":"wp","href":"https:\/\/api.w.org\/{rel}","templated":true}]}}